{"id":18608,"date":"2025-04-21T10:52:51","date_gmt":"2025-04-21T13:52:51","guid":{"rendered":"https:\/\/13.com.ar\/index.php\/de-un-lamborghini-a-la-electrificacion-de-la-flota-del-vaticano\/"},"modified":"2025-04-21T10:52:51","modified_gmt":"2025-04-21T13:52:51","slug":"de-un-lamborghini-a-la-electrificacion-de-la-flota-del-vaticano","status":"publish","type":"post","link":"https:\/\/13.com.ar\/index.php\/de-un-lamborghini-a-la-electrificacion-de-la-flota-del-vaticano\/","title":{"rendered":"de un Lamborghini a la electrificaci\u00f3n de la flota del Vaticano"},"content":{"rendered":"<p> <br \/>\n<br \/><img decoding=\"async\" src=\"https:\/\/13.com.ar\/wp-content\/uploads\/2025\/04\/de-un-Lamborghini-a-la-electrificacion-de-la-flota-del.jpg\" \/><\/p>\n<div id=\"element-body-0\">\n<p>Al <strong>papa Francisco<\/strong> se lo recordar\u00e1 por la transformaci\u00f3n que llev\u00f3 dentro de la iglesia cat\u00f3lica. Pero tambi\u00e9n por ser el papa que<strong> tuvo una conexi\u00f3n con el mundo del autom\u00f3vil<\/strong>: de recibir un Lamborghini a electrificar la flota del Vaticano.<\/p>\n<\/div>\n<div id=\"element-body-1\">\n<p>Est\u00e1 claro que esa relaci\u00f3n no era por un fanatismo del mundo del motor por parte de Jorge Bergoglio y s\u00ed m\u00e1s por un aprovechamiento de las empresas por sacar un r\u00e9dito publicitario. De todos modos, Francisco supo c\u00f3mo explotarlos en favor de la iglesia.<\/p>\n<\/div>\n<div id=\"element-body-2\">\n<p>De esa manera, mand\u00f3 a subastar con fines ben\u00e9ficos <strong>un Lamborghini Hurac\u00e1n <\/strong>que le fue entregado en 2017 y tambi\u00e9n mand\u00f3 a remate dos motos Harley Davidson.<\/p>\n<\/div>\n<div id=\"element-body-3\">\n<p>Pero el papa argentino tambi\u00e9n fue el que inici\u00f3 la transformaci\u00f3n de la flota oficial del Vaticano para que sea 100% el\u00e9ctrica, a partir de 2030, con diferentes convenios con distintos fabricantes.<\/p>\n<\/div>\n<div id=\"element-body-4\">\n<p>De hecho, el \u00faltimo traslado en p\u00fablico a bordo de un veh\u00edculo lo realiz\u00f3 el domingo de Pascuas, a horas de su muerte,<strong> lo hizo a bordo de un Mercedes-Benz el\u00e9ctrico<\/strong>. Y no hab\u00eda sido el primero de este tipo, incluso recibi\u00f3 hace unos a\u00f1os un Toyota Mirai, movido por hidr\u00f3geno.<\/p>\n<\/div>\n<div id=\"element-body-7\">\n<p>Acostumbrado a viajar en subte en sus tiempos de Arzobispo de la Ciudad de Buenos Aires, Jorge Bergoglio no hace gala de la ostentaci\u00f3n desde que fue ungido como papa en marzo de 2013. En los 12 a\u00f1os que estuvo en el Vaticano, a Francisco le han regalado muchos veh\u00edculos, de los m\u00e1s variados, los que siempre fueron destinados a la caridad.<\/p>\n<\/div>\n<div id=\"element-body-8\">\n<p>As\u00ed, por mandato del Papa Francisco se subast\u00f3 un Lamborghini Huracan, que la propia marca le regal\u00f3 en 2017, cuya recaudaci\u00f3n se destin\u00f3 a la ayuda de las comunidades cat\u00f3licas en Irak. <\/p>\n<\/div>\n<div id=\"element-body-9\">\n<p>Tambi\u00e9n fueron a remate dos Harley Davidson: una que le hab\u00edan obsequiado a Benedicto XVI y fue vendida por orden de Francisco, y otra que le regalaron al argentino y le puso su firma en el tanque de combustible.<\/p>\n<\/div>\n<div id=\"element-body-11\">\n<p>Mientras tanto, se acostumbr\u00f3 a ver moverse al Papa en autos m\u00e1s terrenales, como un Ford Focus, un Fiat 500 o un Dacia Duster. Y en la gama de papam\u00f3viles que le prepararon en distintas giras por el mundo, se incluyeron -entre otros- un Ford Bronco, un Toyota Mirai, en Jap\u00f3n; una Isuzu D-Max, en Portugal; una Ford Ranger, en Panam\u00e1; una RAM 2500, en M\u00e9xico; un Jeep Wrangler, en Chile; una Peugeot Hoggar, en Cuba; o una Toyota Land Cruiser, en Bolivia.<\/p>\n<\/div>\n<div id=\"element-body-13\">\n<p>En 2023 el Vaticano aceler\u00f3 su renovaci\u00f3n de <strong>flota de veh\u00edculos con el fin de que sea completamente el\u00e9ctrica<\/strong> en 2030. El plan tambi\u00e9n contemplaba implementar una red de carga en todo su territorio y los alrededores, seg\u00fan lo anunciado por la Gobernaci\u00f3n del Estado religioso.<\/p>\n<\/div>\n<div id=\"element-body-14\">\n<p>Para lograr ese objetivo, el Vaticano firm\u00f3 un <strong>acuerdo con el grupo automovil\u00edstico alem\u00e1n Volkswagen<\/strong> para renovar su parque automotor con veh\u00edculos de marcas Volkswagen y Skoda a trav\u00e9s de sistemas de alquiler a medio y largo plazo.<\/p>\n<\/div>\n<div id=\"element-body-16\">\n<p>El primer paso de la nueva estrategia se materializ\u00f3 con la entrega de unidades de los modelos ID.3 e ID.4 , a cuya ceremonia asisti\u00f3 incluso el papa Francisco.<\/p>\n<\/div>\n<div id=\"element-body-17\">\n<p>Los primeros ejemplares anunciados son las versiones Pro Performance, que cuentan con una bater\u00eda de 58 kWh y un motor el\u00e9ctrico trasero de 207 CV. La autonom\u00eda es de aproximadamente 430 km para el ID.3 y 530 km para el ID.4 y el ID.5 (estos dos llevan una bater\u00eda m\u00e1s grande de 77 kWh).<\/p>\n<\/div>\n<div id=\"element-body-18\">\n<p>El plan pretende sustituir progresivamente los veh\u00edculos de propiedad estatal por veh\u00edculos el\u00e9ctricos, implementar una red de carga propia en el territorio del Estado Vaticano y en \u00e1reas extraterritoriales de la ciudad de Roma y ampliar su uso a los empleados.<\/p>\n<\/div>\n<div id=\"element-body-20\">\n<p>Asimismo, se compromete a asegurar que la alimentaci\u00f3n de las estaciones de carga <strong>provenga exclusivamente de fuentes renovables<\/strong>.<\/p>\n<\/div>\n<div id=\"element-body-21\">\n<p>&#8220;El Estado de la Ciudad del Vaticano se compromete desde hace muchos a\u00f1os a promover el desarrollo sostenible a trav\u00e9s de pol\u00edticas ecol\u00f3gicas para salvaguardar el medio ambiente y proporcionar estrategias de ahorro energ\u00e9tico&#8221;, justific\u00f3 oportunamente en un comunicado.<\/p>\n<\/div>\n<p><br \/>\n<br \/><a href=\"https:\/\/www.clarin.com\/autos\/papa-francisco-autos-lamborghini-electrificacion-flota-vaticano_0_ecSIEnPpTE.html\">Fuente Clarin.com <\/a><\/p>\n","protected":false},"excerpt":{"rendered":"<p>Al papa Francisco se lo recordar\u00e1 por la transformaci\u00f3n que llev\u00f3 dentro de la iglesia cat\u00f3lica. Pero tambi\u00e9n por ser el papa que tuvo una conexi\u00f3n con el mundo del autom\u00f3vil: de recibir un Lamborghini a electrificar la flota del Vaticano. Est\u00e1 claro que esa relaci\u00f3n no era por un fanatismo del mundo del motor [&hellip;]<\/p>\n","protected":false},"author":1,"featured_media":18609,"comment_status":"open","ping_status":"open","sticky":false,"template":"","format":"standard","meta":{"footnotes":""},"categories":[2],"tags":[100,15406,15407,10536,6447],"class_list":["post-18608","post","type-post","status-publish","format-standard","has-post-thumbnail","hentry","category-ultimas-noticias","tag-del","tag-electrificacion","tag-flota","tag-lamborghini","tag-vaticano"],"_links":{"self":[{"href":"https:\/\/13.com.ar\/index.php\/wp-json\/wp\/v2\/posts\/18608","targetHints":{"allow":["GET"]}}],"collection":[{"href":"https:\/\/13.com.ar\/index.php\/wp-json\/wp\/v2\/posts"}],"about":[{"href":"https:\/\/13.com.ar\/index.php\/wp-json\/wp\/v2\/types\/post"}],"author":[{"embeddable":true,"href":"https:\/\/13.com.ar\/index.php\/wp-json\/wp\/v2\/users\/1"}],"replies":[{"embeddable":true,"href":"https:\/\/13.com.ar\/index.php\/wp-json\/wp\/v2\/comments?post=18608"}],"version-history":[{"count":0,"href":"https:\/\/13.com.ar\/index.php\/wp-json\/wp\/v2\/posts\/18608\/revisions"}],"wp:featuredmedia":[{"embeddable":true,"href":"https:\/\/13.com.ar\/index.php\/wp-json\/wp\/v2\/media\/18609"}],"wp:attachment":[{"href":"https:\/\/13.com.ar\/index.php\/wp-json\/wp\/v2\/media?parent=18608"}],"wp:term":[{"taxonomy":"category","embeddable":true,"href":"https:\/\/13.com.ar\/index.php\/wp-json\/wp\/v2\/categories?post=18608"},{"taxonomy":"post_tag","embeddable":true,"href":"https:\/\/13.com.ar\/index.php\/wp-json\/wp\/v2\/tags?post=18608"}],"curies":[{"name":"wp","href":"https:\/\/api.w.org\/{rel}","templated":true}]}}