{"id":18604,"date":"2025-04-21T10:46:28","date_gmt":"2025-04-21T13:46:28","guid":{"rendered":"https:\/\/13.com.ar\/index.php\/lideres-mundiales-elogian-al-papa-francisco-y-su-legado\/"},"modified":"2025-04-21T10:46:28","modified_gmt":"2025-04-21T13:46:28","slug":"lideres-mundiales-elogian-al-papa-francisco-y-su-legado","status":"publish","type":"post","link":"https:\/\/13.com.ar\/index.php\/lideres-mundiales-elogian-al-papa-francisco-y-su-legado\/","title":{"rendered":"L\u00edderes mundiales elogian al Papa Francisco y su legado"},"content":{"rendered":"<p> <br \/>\n<\/p>\n<div id=\"cuerpo\">\n<div class=\"sc-80531b6b-0 chRIGJ container-text text-embed\" id=\"element-body-0\">\n<p>LONDRES \u2014 La primera ministra italiana, <strong>Giorgia Meloni<\/strong>, encabez\u00f3 el lunes los homenajes al papa Francisco por parte de l\u00edderes pol\u00edticos de todo el mundo, elogi\u00e1ndolo como &#8220;<strong>un gran hombre y un gran pastor<\/strong>&#8220;. <\/p>\n<\/div>\n<div class=\"sc-80531b6b-0 chRIGJ container-text text-embed\" id=\"element-body-1\">\n<p>Varios rindieron homenaje al compromiso del papa de defender a los pobres.<\/p>\n<\/div>\n<div class=\"sc-80531b6b-0 chRIGJ container-text text-embed\" id=\"element-body-2\">\n<p>\u201cTuve el privilegio de disfrutar de su amistad, sus consejos y sus ense\u00f1anzas, que nunca fallaron ni siquiera en los momentos de prueba y sufrimiento\u201d, dijo Meloni, quien visit\u00f3 a Francisco mientras estaba hospitalizado en febrero.<\/p>\n<\/div>\n<div class=\"sc-80531b6b-0 chRIGJ container-text text-embed\" id=\"element-body-3\">\n<p>En una publicaci\u00f3n en redes sociales, afirm\u00f3 que el Papa hab\u00eda llamado al mundo a &#8220;buscar el camino de la paz, perseguir el bien com\u00fan y construir una sociedad m\u00e1s justa y equitativa. <\/p>\n<\/div>\n<div class=\"sc-80531b6b-0 chRIGJ container-text text-embed\" id=\"element-body-4\">\n<p>Su ense\u00f1anza y su legado no se perder\u00e1n&#8221;. <\/p>\n<\/div>\n<div class=\"sc-98b114a2-0 bkqiHH image-embed  image-embed \" id=\"element-body-5\"><picture class=\"sc-98b114a2-1 jRUlDm\"><source media=\"(min-width: 975px)\" width=\"720\" height=\"480\" \/><img alt=\"El Gran Im\u00e1n de la Mezquita Istiqlal Nasaruddin Umar (I) besa al Papa Francisco durante una foto de familia tras una reuni\u00f3n interreligiosa con l\u00edderes religiosos en la Mezquita Istiqlal de Yakarta, Indonesia, el 5 de septiembre de 2024.     YASUYOSHI CHIBA\/Pool v\u00eda REUTERS\" loading=\"lazy\" width=\"720\" height=\"480\" decoding=\"async\" data-nimg=\"1\" style=\"color:transparent\" src=\"https:\/\/13.com.ar\/wp-content\/uploads\/2025\/04\/Lideres-mundiales-elogian-al-Papa-Francisco-y-su-legado.jpg\"\/><span class=\"epigraphe\">El Gran Im\u00e1n de la Mezquita Istiqlal Nasaruddin Umar (I) besa al Papa Francisco durante una foto de familia tras una reuni\u00f3n interreligiosa con l\u00edderes religiosos en la Mezquita Istiqlal de Yakarta, Indonesia, el 5 de septiembre de 2024.     YASUYOSHI CHIBA\/Pool v\u00eda REUTERS<\/span><span class=\"picture-open\"><button class=\"open-image\" aria-label=\"Open Image\"\/><\/span><\/picture><\/div>\n<div class=\"sc-80531b6b-0 chRIGJ container-text text-embed\" id=\"element-body-6\">\n<p>El gobierno italiano anunci\u00f3 que izar\u00eda las banderas<strong> a media asta<\/strong> en se\u00f1al de duelo.<\/p>\n<\/div>\n<p><h2>Mensajes<\/h2>\n<\/p>\n<div class=\"sc-80531b6b-0 chRIGJ container-text text-embed\" id=\"element-body-8\">\n<p>El presidente <strong>Donald Trump<\/strong> public\u00f3 un mensaje de condolencias en redes sociales: <\/p>\n<\/div>\n<div class=\"sc-80531b6b-0 chRIGJ container-text text-embed\" id=\"element-body-9\">\n<p>\u00abDescanse en paz, papa Francisco. Que Dios lo bendiga a \u00e9l y a todos sus seres queridos\u00bb.<\/p>\n<\/div>\n<div class=\"sc-80531b6b-0 chRIGJ container-text text-embed\" id=\"element-body-10\">\n<p>La Casa Blanca hab\u00eda emitido previamente un mensaje similar, as\u00ed como una foto de <strong>Trump y Melania Trump<\/strong> reunidos con Francisco, y otra del vicepresidente <strong>J. D. Vance<\/strong> con el papa. <\/p>\n<\/div>\n<div class=\"sc-80531b6b-0 chRIGJ container-text text-embed\" id=\"element-body-11\">\n<p>Los Trump se reunieron con Francisco en 2017, durante su primera presidencia, mientras que Vance tuvo una audiencia con Francisco el domingo.<\/p>\n<\/div>\n<div class=\"sc-80531b6b-0 chRIGJ container-text text-embed\" id=\"element-body-12\">\n<p>El presidente de Francia,<strong> Emmanuel Macron<\/strong>, dijo que Francisco hab\u00eda tra\u00eddo alegr\u00eda y esperanza a los m\u00e1s pobres del mundo.<\/p>\n<\/div>\n<div class=\"sc-80531b6b-0 chRIGJ container-text text-embed\" id=\"element-body-13\">\n<p>\u201cDesde Buenos Aires hasta Roma, el papa Francisco quiso que la Iglesia llevara alegr\u00eda y esperanza a los m\u00e1s pobres\u201d, dijo Macron en un mensaje en redes sociales. <\/p>\n<\/div>\n<div class=\"sc-98b114a2-0 bkqiHH image-embed  image-embed \" id=\"element-body-14\"><picture class=\"sc-98b114a2-1 jRUlDm\"><source media=\"(min-width: 975px)\" width=\"720\" height=\"480\" \/><img alt=\"El Papa Francisco, los l\u00edderes del G7 y representantes de Estados y Organizaciones Internacionales posan para una foto de familia durante el segundo d\u00eda de la cumbre del G7 en el complejo Borgo Egnazia, en Savelletri, Italia 14 de junio de 2024. REUTERS\/Guglielmo Mangiapane\" loading=\"lazy\" width=\"720\" height=\"480\" decoding=\"async\" data-nimg=\"1\" style=\"color:transparent\" src=\"https:\/\/13.com.ar\/wp-content\/uploads\/2025\/04\/1745243188_111_Lideres-mundiales-elogian-al-Papa-Francisco-y-su-legado.jpg\"\/><span class=\"epigraphe\">El Papa Francisco, los l\u00edderes del G7 y representantes de Estados y Organizaciones Internacionales posan para una foto de familia durante el segundo d\u00eda de la cumbre del G7 en el complejo Borgo Egnazia, en Savelletri, Italia 14 de junio de 2024. REUTERS\/Guglielmo Mangiapane<\/span><span class=\"picture-open\"><button class=\"open-image\" aria-label=\"Open Image\"\/><\/span><\/picture><\/div>\n<div class=\"sc-80531b6b-0 chRIGJ container-text text-embed\" id=\"element-body-15\">\n<p>Francisco, el primer papa latinoamericano del mundo, naci\u00f3 en Buenos Aires, Argentina, y posteriormente fue arzobispo de esa ciudad. <\/p>\n<\/div>\n<div class=\"sc-80531b6b-0 chRIGJ container-text text-embed\" id=\"element-body-16\">\n<p>Macron expres\u00f3 su apoyo a los cat\u00f3licos de todo el mundo que estaban de duelo.<\/p>\n<\/div>\n<div class=\"sc-80531b6b-0 chRIGJ container-text text-embed\" id=\"element-body-17\">\n<p>El primer ministro australiano, <strong>Anthony Albanese<\/strong>, tambi\u00e9n hizo referencia al lugar de nacimiento del Papa, se\u00f1alando que fue el primer l\u00edder cat\u00f3lico del hemisferio sur. <\/p>\n<\/div>\n<div class=\"sc-80531b6b-0 chRIGJ container-text text-embed\" id=\"element-body-18\">\n<p>Por ello, afirm\u00f3 que Francisco era &#8220;cercano al pueblo australiano&#8221;.<\/p>\n<\/div>\n<div class=\"sc-80531b6b-0 chRIGJ container-text text-embed\" id=\"element-body-19\">\n<p>&#8220;Para los cat\u00f3licos australianos, fue un <strong>defensor devoto y un padre amoroso<\/strong>&#8220;, afirm\u00f3 Albanese en un comunicado.<\/p>\n<\/div>\n<div class=\"sc-80531b6b-0 chRIGJ container-text text-embed\" id=\"element-body-20\">\n<p>El presidente <strong>Andrzej Duda<\/strong> de Polonia, pa\u00eds donde la Iglesia cat\u00f3lica est\u00e1 profundamente arraigada en la sociedad, destac\u00f3 c\u00f3mo Francisco se hab\u00eda guiado por la humildad y la sencillez a lo largo de su ministerio pastoral. <\/p>\n<\/div>\n<div class=\"sc-80531b6b-0 chRIGJ container-text text-embed\" id=\"element-body-21\">\n<p>\u00abFue un gran ap\u00f3stol de la<strong> misericordia<\/strong>, en quien vio una respuesta a los desaf\u00edos del mundo moderno\u00bb, declar\u00f3 Duda en un comunicado en redes sociales.<\/p>\n<\/div>\n<div class=\"sc-80531b6b-0 chRIGJ container-text text-embed\" id=\"element-body-22\">\n<p>La conexi\u00f3n de Polonia con la Iglesia se profundiz\u00f3 en la \u00faltima parte del siglo XX debido al influyente liderazgo del<strong> Papa Juan Pablo II<\/strong>, quien naci\u00f3 en Polonia y dirigi\u00f3 la Iglesia desde 1978 hasta su muerte en 2005.<\/p>\n<\/div>\n<p><h2>Efectos<\/h2>\n<\/p>\n<div class=\"sc-80531b6b-0 chRIGJ container-text text-embed\" id=\"element-body-24\">\n<p>El papado de Francisco ha presenciado un crecimiento de la Iglesia cat\u00f3lica en partes de \u00c1frica, como parte de una expansi\u00f3n m\u00e1s amplia del cristianismo en el continente en las \u00faltimas d\u00e9cadas. <\/p>\n<\/div>\n<div class=\"sc-80531b6b-0 chRIGJ container-text text-embed\" id=\"element-body-25\">\n<p>El presidente de Kenia, <strong>William Ruto,<\/strong> afirm\u00f3 que Francisco hab\u00eda inspirado a millones de personas en todo el mundo.<\/p>\n<\/div>\n<div class=\"sc-80531b6b-0 chRIGJ container-text text-embed\" id=\"element-body-26\">\n<p>\u201cEjemplific\u00f3 el liderazgo de servicio mediante su humildad, su inquebrantable compromiso con la inclusi\u00f3n y la justicia, y su profunda compasi\u00f3n por los pobres y vulnerables\u201d, declar\u00f3 Ruto en un mensaje en redes sociales. <\/p>\n<\/div>\n<div class=\"sc-80531b6b-0 chRIGJ container-text text-embed\" id=\"element-body-27\">\n<p>Francisco visit\u00f3 Kenia durante una gira por partes de \u00c1frica en 2015.<\/p>\n<\/div>\n<div class=\"sc-80531b6b-0 chRIGJ container-text text-embed\" id=\"element-body-28\">\n<p>El primer ministro brit\u00e1nico<strong>, Keir Starmer<\/strong>, describi\u00f3 el liderazgo de Francisco como valiente y tambi\u00e9n destac\u00f3 su preocupaci\u00f3n por \u201clos pobres, los oprimidos y los olvidados\u201d.<\/p>\n<\/div>\n<div class=\"sc-80531b6b-0 chRIGJ container-text text-embed\" id=\"element-body-29\">\n<p>Haciendo eco del tema, el primer ministro de la India,<strong> Narendra Modi<\/strong>, dijo que Francisco ser\u00eda recordado como un \u201cfaro de compasi\u00f3n\u201d y lo elogi\u00f3 por siempre cuidar de los marginados.<\/p>\n<\/div>\n<div class=\"sc-80531b6b-0 chRIGJ container-text text-embed\" id=\"element-body-30\">\n<p>Por su parte, el presidente de Israel, <strong>Isaac Herzog,<\/strong> ofreci\u00f3 sus condolencias a las comunidades cristianas en Israel y calific\u00f3 a Francisco como un hombre de profunda fe.<\/p>\n<\/div>\n<div class=\"sc-80531b6b-0 chRIGJ container-text text-embed\" id=\"element-body-31\">\n<p>&#8220;Con raz\u00f3n, consideraba fundamental fomentar lazos s\u00f3lidos con el mundo jud\u00edo y promover el di\u00e1logo interreligioso&#8221;, declar\u00f3 Herzog en redes sociales. <\/p>\n<\/div>\n<div class=\"sc-80531b6b-0 chRIGJ container-text text-embed\" id=\"element-body-32\">\n<p>El jeque <strong>Mohammed bin Rashid<\/strong>, gobernante de Dub\u00e1i, Emiratos \u00c1rabes Unidos, expres\u00f3 su profunda tristeza por la noticia del fallecimiento.<\/p>\n<\/div>\n<div class=\"sc-80531b6b-0 chRIGJ container-text text-embed\" id=\"element-body-33\">\n<p>La Santa Sede es uno de la docena de gobiernos que mantienen relaciones diplom\u00e1ticas oficiales con <strong>Taiw\u00e1n<\/strong> y el presidente de la isla, <strong>Lai Ching-te<\/strong>, envi\u00f3 sus condolencias.<\/p>\n<\/div>\n<div class=\"sc-80531b6b-0 chRIGJ container-text text-embed\" id=\"element-body-34\">\n<p>Francisco habl\u00f3 con frecuencia sobre migrantes y refugiados, instando a la compasi\u00f3n en comentarios que a veces contradec\u00edan los de l\u00edderes pol\u00edticos. <\/p>\n<\/div>\n<div class=\"sc-80531b6b-0 chRIGJ container-text text-embed\" id=\"element-body-35\">\n<p>Este fue el tema de su \u00faltimo discurso p\u00fablico, le\u00eddo por un asistente en la Plaza de San Pedro el domingo.<\/p>\n<\/div>\n<div class=\"sc-80531b6b-0 chRIGJ container-text text-embed\" id=\"element-body-36\">\n<p><strong>Filippo Grandi<\/strong>, director de la agencia de la ONU para los refugiados, se\u00f1al\u00f3 en una publicaci\u00f3n en las redes sociales que Francisco hab\u00eda abogado \u201cincansablemente por los pobres, los perseguidos, las v\u00edctimas de la guerra, los refugiados, los migrantes\u201d.<\/p>\n<\/div>\n<div class=\"sc-80531b6b-0 chRIGJ container-text text-embed\" id=\"element-body-37\">\n<p>Durante su papado, Francisco viaj\u00f3 con frecuencia. <\/p>\n<\/div>\n<div class=\"sc-80531b6b-0 chRIGJ container-text text-embed\" id=\"element-body-38\">\n<p>El presidente de Timor Oriental, <strong>Jos\u00e9 Ramos-Horta<\/strong>, quien se reuni\u00f3 con el pont\u00edfice en septiembre durante una visita papal al pa\u00eds, declar\u00f3 en un correo electr\u00f3nico a <strong>The New York Times <\/strong>que la muerte de Francisco fue la &#8220;mayor p\u00e9rdida para la humanidad en un momento en que el mundo est\u00e1 sumido en la confusi\u00f3n por la falta de un liderazgo sabio y compasivo&#8221;.<\/p>\n<\/div>\n<div class=\"sc-80531b6b-0 chRIGJ container-text text-embed\" id=\"element-body-39\">\n<p>En 2015, Francisco visit\u00f3 Sri Lanka, donde la Iglesia cat\u00f3lica es una voz importante mientras el pa\u00eds emerge de d\u00e9cadas de guerra civil. <\/p>\n<\/div>\n<div class=\"sc-80531b6b-0 chRIGJ container-text text-embed\" id=\"element-body-40\">\n<p>El presidente del pa\u00eds, <strong>Anura Kumara Dissanayake<\/strong>, lament\u00f3 la p\u00e9rdida de un hombre que, seg\u00fan \u00e9l, hab\u00eda demostrado un &#8220;compromiso inquebrantable con la paz&#8221;. <\/p>\n<\/div>\n<div class=\"sc-80531b6b-0 chRIGJ container-text text-embed\" id=\"element-body-41\">\n<p>Sri Lanka fue azotada por atentados mortales el Domingo de Pascua de 2019.<\/p>\n<\/div>\n<div class=\"sc-80531b6b-0 chRIGJ container-text text-embed\" id=\"element-body-42\">\n<p>La presidenta de la Comisi\u00f3n Europea, <strong>Ursula von der Leyen<\/strong>, dijo en un mensaje en la plataforma social X que el Papa hab\u00eda \u201cinspirado a millones, mucho m\u00e1s all\u00e1 de la Iglesia Cat\u00f3lica, con su humildad y amor\u201d.<\/p>\n<\/div>\n<div class=\"sc-80531b6b-0 chRIGJ container-text text-embed\" id=\"element-body-43\">\n<p><strong>Kaja Kallas<\/strong>, la principal diplom\u00e1tica de la Uni\u00f3n Europea, dijo en X que se hab\u00eda reunido con el Papa recientemente y destac\u00f3 su \u201cfuerte liderazgo en la protecci\u00f3n de los m\u00e1s vulnerables y la defensa de la dignidad humana\u201d.<\/p>\n<\/div>\n<div class=\"sc-80531b6b-0 chRIGJ container-text text-embed\" id=\"element-body-44\">\n<p><strong>c.2025 The New York Times Company<\/strong><\/p>\n<\/div>\n<\/div>\n<p><br \/>\n<br \/><a href=\"https:\/\/www.clarin.com\/new-york-times-international-weekly\/lideres-mundiales-elogian-papa-francisco-legado_0_Paw3FjwNnJ.html\">Fuente Clarin.com <\/a><\/p>\n","protected":false},"excerpt":{"rendered":"<p>LONDRES \u2014 La primera ministra italiana, Giorgia Meloni, encabez\u00f3 el lunes los homenajes al papa Francisco por parte de l\u00edderes pol\u00edticos de todo el mundo, elogi\u00e1ndolo como &#8220;un gran hombre y un gran pastor&#8220;. Varios rindieron homenaje al compromiso del papa de defender a los pobres. \u201cTuve el privilegio de disfrutar de su amistad, sus [&hellip;]<\/p>\n","protected":false},"author":1,"featured_media":18605,"comment_status":"open","ping_status":"open","sticky":false,"template":"","format":"standard","meta":{"footnotes":""},"categories":[2],"tags":[15405,917,1508,5507,4175,2919],"class_list":["post-18604","post","type-post","status-publish","format-standard","has-post-thumbnail","hentry","category-ultimas-noticias","tag-elogian","tag-francisco","tag-legado","tag-lideres","tag-mundiales","tag-papa"],"_links":{"self":[{"href":"https:\/\/13.com.ar\/index.php\/wp-json\/wp\/v2\/posts\/18604","targetHints":{"allow":["GET"]}}],"collection":[{"href":"https:\/\/13.com.ar\/index.php\/wp-json\/wp\/v2\/posts"}],"about":[{"href":"https:\/\/13.com.ar\/index.php\/wp-json\/wp\/v2\/types\/post"}],"author":[{"embeddable":true,"href":"https:\/\/13.com.ar\/index.php\/wp-json\/wp\/v2\/users\/1"}],"replies":[{"embeddable":true,"href":"https:\/\/13.com.ar\/index.php\/wp-json\/wp\/v2\/comments?post=18604"}],"version-history":[{"count":0,"href":"https:\/\/13.com.ar\/index.php\/wp-json\/wp\/v2\/posts\/18604\/revisions"}],"wp:featuredmedia":[{"embeddable":true,"href":"https:\/\/13.com.ar\/index.php\/wp-json\/wp\/v2\/media\/18605"}],"wp:attachment":[{"href":"https:\/\/13.com.ar\/index.php\/wp-json\/wp\/v2\/media?parent=18604"}],"wp:term":[{"taxonomy":"category","embeddable":true,"href":"https:\/\/13.com.ar\/index.php\/wp-json\/wp\/v2\/categories?post=18604"},{"taxonomy":"post_tag","embeddable":true,"href":"https:\/\/13.com.ar\/index.php\/wp-json\/wp\/v2\/tags?post=18604"}],"curies":[{"name":"wp","href":"https:\/\/api.w.org\/{rel}","templated":true}]}}