{"id":18577,"date":"2025-04-21T09:52:35","date_gmt":"2025-04-21T12:52:35","guid":{"rendered":"https:\/\/13.com.ar\/index.php\/el-presidente-decreta-7-dias-de-duelo-por-la-muerte-del-papa-francisco\/"},"modified":"2025-04-21T09:52:35","modified_gmt":"2025-04-21T12:52:35","slug":"el-presidente-decreta-7-dias-de-duelo-por-la-muerte-del-papa-francisco","status":"publish","type":"post","link":"https:\/\/13.com.ar\/index.php\/el-presidente-decreta-7-dias-de-duelo-por-la-muerte-del-papa-francisco\/","title":{"rendered":"el Presidente decreta 7 d\u00edas de duelo por la muerte del Papa Francisco"},"content":{"rendered":"<p> <br \/>\n<br \/><img decoding=\"async\" src=\"https:\/\/13.com.ar\/wp-content\/uploads\/2025\/04\/el-Presidente-decreta-7-dias-de-duelo-por-la-muerte.jpg\" \/><\/p>\n<p>Lun. 21.04.2025-09:30<\/p>\n<div>\n<p>El jefe de Gabinete, Guillermo Francos, record\u00f3 este lunes al papa Francisco, a quien conoci\u00f3 siendo alumno del Colegio del Salvador, y destac\u00f3 su papel renovador al frente de la Iglesia Cat\u00f3lica.<\/p>\n<\/div>\n<div>\n<p>\u201cA quienes tuvimos la enorme posibilidad de conocerlo como yo, que lo conoc\u00ed a Bergoglio cuando todav\u00eda no estaba ordenado sacerdote, en el colegio, cuando era profesor mio de Literatura y de Psicolog\u00eda, nos ha marcado para siempre\u201d, dijo Francos, marcadamente emocionado por el deceso del Papa, durante una entrevista en Radio Rivadavia.<\/p>\n<\/div>\n<div>\n<p>\u201cFue una persona de mucho impacto en mi vida, y en mi desarrollo personal. Su vida fue el testimonio de una humildad y de una grandeza de esp\u00edritu impresionante, que ha cambiado la historia de la Iglesia para siempre, que ha dejado una huella imborrable, y los argentinos tenemos que estar muy orgullosos de haber tenido un connacional que ha generado ese cambio en la Iglesia universal\u201d, agreg\u00f3 el funcionario.<\/p>\n<\/div>\n<p><br \/>\n<br \/><a href=\"https:\/\/www.clarin.com\/politica\/javier-milei-medidas-vivo-presidente-decreta-7-dias-duelo-muerte-papa-francisco_0_yM1HDLVtwO.html\">Fuente Clarin.com <\/a><\/p>\n","protected":false},"excerpt":{"rendered":"<p>Lun. 21.04.2025-09:30 El jefe de Gabinete, Guillermo Francos, record\u00f3 este lunes al papa Francisco, a quien conoci\u00f3 siendo alumno del Colegio del Salvador, y destac\u00f3 su papel renovador al frente de la Iglesia Cat\u00f3lica. \u201cA quienes tuvimos la enorme posibilidad de conocerlo como yo, que lo conoc\u00ed a Bergoglio cuando todav\u00eda no estaba ordenado sacerdote, [&hellip;]<\/p>\n","protected":false},"author":1,"featured_media":18578,"comment_status":"open","ping_status":"open","sticky":false,"template":"","format":"standard","meta":{"footnotes":""},"categories":[2],"tags":[15388,100,500,8194,917,1506,2919,142,135],"class_list":["post-18577","post","type-post","status-publish","format-standard","has-post-thumbnail","hentry","category-ultimas-noticias","tag-decreta","tag-del","tag-dias","tag-duelo","tag-francisco","tag-muerte","tag-papa","tag-por","tag-presidente"],"_links":{"self":[{"href":"https:\/\/13.com.ar\/index.php\/wp-json\/wp\/v2\/posts\/18577","targetHints":{"allow":["GET"]}}],"collection":[{"href":"https:\/\/13.com.ar\/index.php\/wp-json\/wp\/v2\/posts"}],"about":[{"href":"https:\/\/13.com.ar\/index.php\/wp-json\/wp\/v2\/types\/post"}],"author":[{"embeddable":true,"href":"https:\/\/13.com.ar\/index.php\/wp-json\/wp\/v2\/users\/1"}],"replies":[{"embeddable":true,"href":"https:\/\/13.com.ar\/index.php\/wp-json\/wp\/v2\/comments?post=18577"}],"version-history":[{"count":0,"href":"https:\/\/13.com.ar\/index.php\/wp-json\/wp\/v2\/posts\/18577\/revisions"}],"wp:featuredmedia":[{"embeddable":true,"href":"https:\/\/13.com.ar\/index.php\/wp-json\/wp\/v2\/media\/18578"}],"wp:attachment":[{"href":"https:\/\/13.com.ar\/index.php\/wp-json\/wp\/v2\/media?parent=18577"}],"wp:term":[{"taxonomy":"category","embeddable":true,"href":"https:\/\/13.com.ar\/index.php\/wp-json\/wp\/v2\/categories?post=18577"},{"taxonomy":"post_tag","embeddable":true,"href":"https:\/\/13.com.ar\/index.php\/wp-json\/wp\/v2\/tags?post=18577"}],"curies":[{"name":"wp","href":"https:\/\/api.w.org\/{rel}","templated":true}]}}