{"id":18573,"date":"2025-04-21T09:46:45","date_gmt":"2025-04-21T12:46:45","guid":{"rendered":"https:\/\/13.com.ar\/index.php\/por-que-el-papa-francisco-nunca-vino-a-la-argentina\/"},"modified":"2025-04-21T09:46:45","modified_gmt":"2025-04-21T12:46:45","slug":"por-que-el-papa-francisco-nunca-vino-a-la-argentina","status":"publish","type":"post","link":"https:\/\/13.com.ar\/index.php\/por-que-el-papa-francisco-nunca-vino-a-la-argentina\/","title":{"rendered":"Por qu\u00e9 el Papa Francisco nunca vino a la Argentina"},"content":{"rendered":"<p> <br \/>\n<\/p>\n<div id=\"cuerpo\">\n<div class=\"sc-80531b6b-0 chRIGJ container-text text-embed\" id=\"element-body-0\">\n<p>El <strong>papa Francisco<\/strong> muri\u00f3 este lunes a los 88 a\u00f1os. Una pregunta que ha resonado entre sus compatriotas durante su gesti\u00f3n al frente de la Iglesia y, a esta altura, m\u00e1s all\u00e1 de las fronteras de su patria es <strong>por qu\u00e9 nunca vino a la Argentina<\/strong>.<\/p>\n<\/div>\n<div class=\"sc-80531b6b-0 chRIGJ container-text text-embed\" id=\"element-body-1\">\n<p><strong>\u00bfCu\u00e1l es la verdadera raz\u00f3n?<\/strong><\/p>\n<\/div>\n<div class=\"sc-80531b6b-0 chRIGJ container-text text-embed\" id=\"element-body-2\">\n<p>El ensayo de una explicaci\u00f3n requiere <strong>explorar su personalidad<\/strong>, la realidad de la Iglesia en la Argentina y, sobre todo, la situaci\u00f3n del pa\u00eds. Pero tambi\u00e9n mezclarlo con cuestiones fortuitas.<\/p>\n<\/div>\n<div class=\"sc-80531b6b-0 chRIGJ container-text text-embed\" id=\"element-body-3\">\n<p>Por lo pronto, Francisco <strong>nunca quiso evidenciar una preferencia por su patria<\/strong>. Se cuid\u00f3 por dejar en claro que era el Papa del mundo. De hecho, no convoc\u00f3 a ning\u00fan argentino para que lo asistiera y, en general, a compatriotas para cargos en El Vaticano, a diferencia de Juan Pablo II, a quien se le achacaba <strong>\u201chaber llenado la curia romana de polacos\u201d.<\/strong><\/p>\n<\/div>\n<div class=\"sc-80531b6b-0 chRIGJ container-text text-embed\" id=\"element-body-4\">\n<p>Dicho de otra manera: no se iba a apurar a ir a su pa\u00eds.<\/p>\n<\/div>\n<p><h2>Los casos de Juan Pablo II y Ratzinger<\/h2>\n<\/p>\n<div class=\"sc-80531b6b-0 chRIGJ container-text text-embed\" id=\"element-body-6\">\n<p> M\u00e1s all\u00e1 de las personalidades de cada uno, es cierto que Juan Pablo II fue a Polonia siete meses despu\u00e9s de haber sido elegido, pero con <strong>una situaci\u00f3n pol\u00edtica completamente diferente<\/strong> a la de Argentina.<\/p>\n<\/div>\n<div class=\"sc-80531b6b-0 chRIGJ container-text text-embed\" id=\"element-body-7\">\n<p> Su tierra estaba bajo una dictadura en la \u00f3rbita del imperio sovi\u00e9tico y despu\u00e9s se supo que hab\u00eda jugado un papel relevante en el desmembramiento de la URSS. Para muchos observadores, su primer viaje fue el comienzo del fin del r\u00e9gimen en su patria.<\/p>\n<\/div>\n<div class=\"sc-80531b6b-0 chRIGJ container-text text-embed\" id=\"element-body-8\">\n<p>Benedicto XVI <strong>viaj\u00f3 todav\u00eda antes a su pa\u00eds<\/strong>: apenas cuatro meses despu\u00e9s de haber sido elegido. Es que mucho antes Alemania hab\u00eda sido elegida como la nueva sede de <strong>una nueva edici\u00f3n de la Jornada Mundial de la Juventud <\/strong>que la Iglesia realiza cada tres a\u00f1os.<\/p>\n<\/div>\n<div class=\"sc-80531b6b-0 chRIGJ container-text text-embed\" id=\"element-body-9\">\n<p> Es <strong>una cita ineludible para los pont\u00edfices<\/strong>. El primer viaje internacional de Francisco fue tambi\u00e9n cuatro mes despu\u00e9s de su elecci\u00f3n a R\u00edo de Janeiro, precisamente para participar de otra edici\u00f3n de ese multitudinario encuentro.<\/p>\n<\/div>\n<div class=\"sc-80531b6b-0 chRIGJ container-text text-embed\" id=\"element-body-10\">\n<p>Claro que al no ir Francisco a su pa\u00eds en los inicios de su pontificado las cosas <strong>se le empezaron a complicar aqu\u00ed<\/strong>. Las autoridades de la Iglesia argentina -si bien ansiaban su visita- no estaban mostrando un liderazgo suficiente como para que toda la instituci\u00f3n, es decir, el clero y los fieles, comenzaran a prepararse espiritualmente.<\/p>\n<\/div>\n<div class=\"sc-80531b6b-0 chRIGJ container-text text-embed\" id=\"element-body-11\">\n<p> No debe olvidarse que el Papa es un l\u00edder religioso que ante todo va a cada pa\u00eds a confirmar a los cat\u00f3licos en su fe y a promover el Evangelio.<\/p>\n<\/div>\n<div class=\"sc-80531b6b-0 chRIGJ container-text text-embed\" id=\"element-body-12\">\n<p>Pero, indudablemente, el gran escollo fue -desde la perspectiva del Vaticano- que su figura comenz\u00f3 a ser<strong> motivo de controversia pol\u00edtica<\/strong> en su pa\u00eds.<\/p>\n<\/div>\n<p><h2>La relaci\u00f3n del papa Francisco con los presidentes de Argentina<\/h2>\n<\/p>\n<div class=\"sc-98b114a2-0 bkqiHH image-embed  image-embed \" id=\"element-body-14\"><picture class=\"sc-98b114a2-1 jRUlDm\"><source media=\"(min-width: 975px)\" width=\"720\" height=\"480\" \/><img alt=\"Todo empez\u00f3 con la primera visita que la entonces presidenta Cristina Kirchner al Vaticano. Foto: ANSA\" loading=\"lazy\" width=\"720\" height=\"480\" decoding=\"async\" data-nimg=\"1\" style=\"color:transparent\" src=\"https:\/\/13.com.ar\/wp-content\/uploads\/2025\/04\/Por-que-el-Papa-Francisco-nunca-vino-a-la-Argentina.jpg\"\/><span class=\"epigraphe\">Todo empez\u00f3 con la primera visita que la entonces presidenta Cristina Kirchner al Vaticano. Foto: ANSA<\/span><span class=\"picture-open\"><button class=\"open-image\" aria-label=\"Open Image\"\/><\/span><\/picture><\/div>\n<div class=\"sc-80531b6b-0 chRIGJ container-text text-embed\" id=\"element-body-15\">\n<p>Todo empez\u00f3 con la primera visita que la entonces presidenta Cristina Kirchner le efectu\u00f3: en esa ocasi\u00f3n, ella le dijo que cre\u00eda que \u00e9l \u201cera otra cosa\u201d y se disculp\u00f3 despu\u00e9s de que con su esposo lo hab\u00edan considerado <strong>el \u201cjefe espiritual de la oposici\u00f3n\u201d<\/strong> y promovido su persecuci\u00f3n judicial por supuesta complicidad con la dictadura.<\/p>\n<\/div>\n<div class=\"sc-80531b6b-0 chRIGJ container-text text-embed\" id=\"element-body-16\">\n<p>En aquel encuentro,<strong> ella le pidi\u00f3 ayuda<\/strong>. Tiempo despu\u00e9s Francisco, temeroso de que ella renunciara o fuese empujada a hacerlo como ocurri\u00f3 con De la R\u00faa, dej\u00f3 trascender la famosa frase: \u201cHay que ayudar a Cristina\u201d.<\/p>\n<\/div>\n<div class=\"sc-80531b6b-0 chRIGJ container-text text-embed\" id=\"element-body-17\">\n<p>Comenzaba Francisco<strong> a ser visto como peronista y, m\u00e1s exactamente, como kirchnerista <\/strong>y, por tanto, a ser ubicado de un lado de una grieta creada por los Kirchner, pero a la que contribuy\u00f3 Mauricio Macri porque pensaba que le traer\u00eda r\u00e9dito electoral.<\/p>\n<\/div>\n<div class=\"sc-80531b6b-0 chRIGJ container-text text-embed\" id=\"element-body-18\">\n<p>El haber recibido luego a <strong>conspicuos kirchneristas<\/strong> -aunque tambi\u00e9n reiteradamente a muchos del Pro- y el <strong>gesto adusto <\/strong>junto al por entonces presidente Mauricio Macri atizaron la controversia.<\/p>\n<\/div>\n<div class=\"sc-98b114a2-0 bkqiHH image-embed  image-embed \" id=\"element-body-19\"><picture class=\"sc-98b114a2-1 jRUlDm\"><source media=\"(min-width: 975px)\" width=\"720\" height=\"480\" \/><img alt=\"El gesto adusto junto al por entonces presidente Mauricio Macri atizaron la controversia. Foto: AFP\" loading=\"lazy\" width=\"720\" height=\"480\" decoding=\"async\" data-nimg=\"1\" style=\"color:transparent\" src=\"https:\/\/13.com.ar\/wp-content\/uploads\/2025\/04\/1745239605_289_Por-que-el-Papa-Francisco-nunca-vino-a-la-Argentina.jpg\"\/><span class=\"epigraphe\">El gesto adusto junto al por entonces presidente Mauricio Macri atizaron la controversia. Foto: AFP<\/span><span class=\"picture-open\"><button class=\"open-image\" aria-label=\"Open Image\"\/><\/span><\/picture><\/div>\n<div class=\"sc-80531b6b-0 chRIGJ container-text text-embed\" id=\"element-body-20\">\n<p> No importa que se preocup\u00f3 porque Macri estuviera en primera fila el d\u00eda en que asumi\u00f3 luego de que Cristina lo excluy\u00f3 de la delegaci\u00f3n oficial. O que le haya dicho a Macri que dos de sus principales colaboradores le hac\u00edan campa\u00f1a en contra.<\/p>\n<\/div>\n<div class=\"sc-80531b6b-0 chRIGJ container-text text-embed\" id=\"element-body-21\">\n<p>La relaci\u00f3n con Cristina no termin\u00f3 bien. Francisco consideraba que <strong>hac\u00eda un uso pol\u00edtico abusivo del v\u00ednculo<\/strong>, entre otras cosas. Tambi\u00e9n con Alberto Fern\u00e1ndez en la presidencia la relaci\u00f3n comenz\u00f3 bien. Lo ayud\u00f3 en la renegociaci\u00f3n de la deuda con el FMI, pero tambi\u00e9n el vinculo se afect\u00f3 -y seriamente- porque hac\u00eda igualmente un uso pol\u00edtico del vinculo, sigui\u00f3 con la grieta y <strong>propici\u00f3 el aborto <\/strong>en el peor momento de la pandemia.<\/p>\n<\/div>\n<div class=\"sc-80531b6b-0 chRIGJ container-text text-embed\" id=\"element-body-22\">\n<p>Lo cierto es que Francisco se convirti\u00f3 en blanco de cr\u00edticas. La secretar\u00eda de Estado del Vaticano -uno de los organismos mejor informados del mundo-<strong> empez\u00f3 a desaconsejarle el viaje<\/strong>.<\/p>\n<\/div>\n<div class=\"sc-98b114a2-0 bkqiHH image-embed  image-embed \" id=\"element-body-23\"><picture class=\"sc-98b114a2-1 jRUlDm\"><source media=\"(min-width: 975px)\" width=\"720\" height=\"480\" \/><img alt=\"Francisco y Alberto Fern\u00e1ndez en una audiencia privada, en 2020. Foto: ANSA\" loading=\"lazy\" width=\"720\" height=\"480\" decoding=\"async\" data-nimg=\"1\" style=\"color:transparent\" src=\"https:\/\/13.com.ar\/wp-content\/uploads\/2025\/04\/1745239605_164_Por-que-el-Papa-Francisco-nunca-vino-a-la-Argentina.jpg\"\/><span class=\"epigraphe\">Francisco y Alberto Fern\u00e1ndez en una audiencia privada, en 2020. Foto: ANSA<\/span><span class=\"picture-open\"><button class=\"open-image\" aria-label=\"Open Image\"\/><\/span><\/picture><\/div>\n<div class=\"sc-80531b6b-0 chRIGJ container-text text-embed\" id=\"element-body-24\">\n<p> Consideraba que todo lo que dijera o hiciera por estos lares <strong>ser\u00eda motivo de controversia<\/strong>. Y en vez de contribuir a la unidad de los argentinos -el gran anhelo del Papa junto con la revitalizaci\u00f3n de la Iglesia- profundizar\u00eda la divisi\u00f3n.<\/p>\n<\/div>\n<div class=\"sc-80531b6b-0 chRIGJ container-text text-embed\" id=\"element-body-25\">\n<p>En el libro \u201cEl Paso\u201d, de reciente aparici\u00f3n,<strong> Francisco dice que estuvo cerca de ir a la Argentina en noviembre de 2017<\/strong> repitiendo el periplo que hizo Juan Pablo II en 1987, o sea, <strong>abarcando a Uruguay y Chile.<\/strong><\/p>\n<\/div>\n<div class=\"sc-80531b6b-0 chRIGJ container-text text-embed\" id=\"element-body-26\">\n<p>Sin embargo, se\u00f1ala que la gira se complic\u00f3 porque hab\u00eda elecciones en Chile. Y que entonces se organiz\u00f3 la visita a Chile para enero -y se sum\u00f3 Per\u00fa-, pero se dej\u00f3 afuera a su pa\u00eds y Uruguay porque en ese mes hay mucha gente de vacaciones.<\/p>\n<\/div>\n<div class=\"sc-80531b6b-0 chRIGJ container-text text-embed\" id=\"element-body-27\">\n<p>Tras se\u00f1alar varias veces que <strong>vivi\u00f3 76 a\u00f1os en la Argentina<\/strong> y que como Papa le correspond\u00eda ir a otras naciones, afirmaba: <strong>\u201cEs injusto decir que no quiero ir a la Argentina\u201d<\/strong>.<\/p>\n<\/div>\n<div class=\"sc-98b114a2-0 bkqiHH image-embed  image-embed \" id=\"element-body-28\"><picture class=\"sc-98b114a2-1 jRUlDm\"><source media=\"(min-width: 975px)\" width=\"720\" height=\"480\" \/><img alt=\"El papa Francisco y Javier Milei.\" loading=\"lazy\" width=\"720\" height=\"480\" decoding=\"async\" data-nimg=\"1\" style=\"color:transparent\" src=\"https:\/\/13.com.ar\/wp-content\/uploads\/2025\/04\/1745239605_58_Por-que-el-Papa-Francisco-nunca-vino-a-la-Argentina.jpg\"\/><span class=\"epigraphe\">El papa Francisco y Javier Milei.<\/span><span class=\"picture-open\"><button class=\"open-image\" aria-label=\"Open Image\"\/><\/span><\/picture><\/div>\n<\/div>\n<p><br \/>\n<br \/><a href=\"https:\/\/www.clarin.com\/mundo\/papa-francisco-vino-argentina_0_qDqO14wRfp.html\">Fuente Clarin.com <\/a><\/p>\n","protected":false},"excerpt":{"rendered":"<p>El papa Francisco muri\u00f3 este lunes a los 88 a\u00f1os. Una pregunta que ha resonado entre sus compatriotas durante su gesti\u00f3n al frente de la Iglesia y, a esta altura, m\u00e1s all\u00e1 de las fronteras de su patria es por qu\u00e9 nunca vino a la Argentina. \u00bfCu\u00e1l es la verdadera raz\u00f3n? El ensayo de una [&hellip;]<\/p>\n","protected":false},"author":1,"featured_media":18574,"comment_status":"open","ping_status":"open","sticky":false,"template":"","format":"standard","meta":{"footnotes":""},"categories":[2],"tags":[288,917,87,2919,142,286,6145],"class_list":["post-18573","post","type-post","status-publish","format-standard","has-post-thumbnail","hentry","category-ultimas-noticias","tag-argentina","tag-francisco","tag-nunca","tag-papa","tag-por","tag-que","tag-vino"],"_links":{"self":[{"href":"https:\/\/13.com.ar\/index.php\/wp-json\/wp\/v2\/posts\/18573","targetHints":{"allow":["GET"]}}],"collection":[{"href":"https:\/\/13.com.ar\/index.php\/wp-json\/wp\/v2\/posts"}],"about":[{"href":"https:\/\/13.com.ar\/index.php\/wp-json\/wp\/v2\/types\/post"}],"author":[{"embeddable":true,"href":"https:\/\/13.com.ar\/index.php\/wp-json\/wp\/v2\/users\/1"}],"replies":[{"embeddable":true,"href":"https:\/\/13.com.ar\/index.php\/wp-json\/wp\/v2\/comments?post=18573"}],"version-history":[{"count":0,"href":"https:\/\/13.com.ar\/index.php\/wp-json\/wp\/v2\/posts\/18573\/revisions"}],"wp:featuredmedia":[{"embeddable":true,"href":"https:\/\/13.com.ar\/index.php\/wp-json\/wp\/v2\/media\/18574"}],"wp:attachment":[{"href":"https:\/\/13.com.ar\/index.php\/wp-json\/wp\/v2\/media?parent=18573"}],"wp:term":[{"taxonomy":"category","embeddable":true,"href":"https:\/\/13.com.ar\/index.php\/wp-json\/wp\/v2\/categories?post=18573"},{"taxonomy":"post_tag","embeddable":true,"href":"https:\/\/13.com.ar\/index.php\/wp-json\/wp\/v2\/tags?post=18573"}],"curies":[{"name":"wp","href":"https:\/\/api.w.org\/{rel}","templated":true}]}}