{"id":18567,"date":"2025-04-21T09:37:33","date_gmt":"2025-04-21T12:37:33","guid":{"rendered":"https:\/\/13.com.ar\/index.php\/el-nombre-que-volvio-a-la-popularidad-cuando-bergoglio-llego-al-vaticano\/"},"modified":"2025-04-21T09:37:33","modified_gmt":"2025-04-21T12:37:33","slug":"el-nombre-que-volvio-a-la-popularidad-cuando-bergoglio-llego-al-vaticano","status":"publish","type":"post","link":"https:\/\/13.com.ar\/index.php\/el-nombre-que-volvio-a-la-popularidad-cuando-bergoglio-llego-al-vaticano\/","title":{"rendered":"el nombre que volvi\u00f3 a la popularidad cuando Bergoglio lleg\u00f3 al Vaticano"},"content":{"rendered":"<p> <br \/>\n<br \/><img decoding=\"async\" src=\"https:\/\/13.com.ar\/wp-content\/uploads\/2025\/04\/el-nombre-que-volvio-a-la-popularidad-cuando-Bergoglio-llego.jpg\" \/><\/p>\n<div id=\"element-body-0\">\n<p>El <strong>papa Francisco<\/strong> muri\u00f3  a los 88 a\u00f1os en su residencia de la Casa Santa Marta. <strong>Jorge Bergoglio<\/strong> fue  el primer argentino en llegar a liderar la Iglesia Cat\u00f3lica, tras un recorrido que incluy\u00f3 sus a\u00f1os en la Ciudad de Buenos Aires como como obispo, arzobispo y cardenal.<\/p>\n<\/div>\n<div id=\"element-body-1\">\n<p>El <strong>Sumo Pont\u00edfice<\/strong> realiz\u00f3 su \u00faltima aparici\u00f3n p\u00fablica el Domingo de Resurrecci\u00f3n, cuando bendijo a miles de personas en la plaza de San Pedro. En ese entonces el papa Francisco ven\u00eda de 38 d\u00edas de internaci\u00f3n en el hospital Gemelli, en Roma, cuando el 14 de febrero de ingres\u00f3 por una crisis respiratoria que deriv\u00f3 en una neumon\u00eda bilateral.<\/p>\n<\/div>\n<div id=\"element-body-2\">\n<p>El 13 de marzo de 2013, cuando tras la fumata blanca que emergi\u00f3 desde la chimenea de la Capilla Sixtina se pronunciaron las palabras \u201c\u00a1Habemus Papam!\u201d (en lat\u00edn \u201c\u00a1Tenemos Papa!\u201d), cambi\u00f3 la historia argentina. Y esto tambi\u00e9n se vio reflejado en la cantidad de ni\u00f1os que fueron llamados Francisco en todo el pa\u00eds.<\/p>\n<\/div>\n<div id=\"element-body-4\">\n<p>Seg\u00fan datos del<strong> Registro Nacional de las Personas<\/strong>, durante 2013, a\u00f1o en que Jorge Bergoglio se convirti\u00f3 en Papa, 2.458 beb\u00e9s fueron inscriptos como <strong>Francisco <\/strong>a trav\u00e9s de ese organismo. As\u00ed, <strong>Francisco se convirti\u00f3 en el sexto nombre de var\u00f3n m\u00e1s elegido del a\u00f1o<\/strong>, detr\u00e1s de Benjam\u00edn (4.964), Santino (3.216), Bautista (2.831), Joaqu\u00edn (2.636) y Mateo (2.590).<\/p>\n<\/div>\n<div id=\"element-body-5\">\n<p>El crecimiento fue evidente: en 2010 fueron 1.338 los ni\u00f1os llamados Francisco; en 2011 fueron 1.104; en 2012 fueron 1.914 y, un a\u00f1o despu\u00e9s de la llegada de Bergoglio al Vaticano, en 2014, fueron 2.140.<\/p>\n<\/div>\n<div id=\"element-body-7\">\n<p>La estad\u00edstica del Registro Civil mostr\u00f3 que, seg\u00fan los n\u00fameros contabilizados hasta 2015, el nombre Francisco alcanz\u00f3 la mayor popularidad en Argentina en 1923 y, la menor, en 1976. En tanto, entre 1922 y 2015 se registraron 76.137 personas llamadas Francisco.<\/p>\n<\/div>\n<div id=\"element-body-9\">\n<p>Por su parte, informaci\u00f3n otorgrada a Clar\u00edn por el RENAPER, mostr\u00f3 que en 2019 fueron 5.081 los nenes inscriptos como Francisco; en 2020, 4.195; en 2021, 3.662; en 2022, 3.352 y, en 2023, 2.633.<\/p>\n<\/div>\n<div id=\"element-body-10\">\n<p>Durante 2024, en tanto, en la <strong>Ciudad de Buenos Aires<\/strong> el nombre Francisco ocup\u00f3 el puesto n\u00famero 33 entre los m\u00e1s elegidos por los porte\u00f1os, seg\u00fan inform\u00f3 el Registro del Estado Civil y Capacidad de las personas, dependiente de la Secretar\u00eda de Gobierno y V\u00ednculo Ciudadano.<\/p>\n<\/div>\n<p><br \/>\n<br \/><a href=\"https:\/\/www.clarin.com\/familias\/murio-papa-francisco-nombre-volvio-popularidad-bergoglio-llego-vaticano_0_ip928iAdVm.html\">Fuente Clarin.com <\/a><\/p>\n","protected":false},"excerpt":{"rendered":"<p>El papa Francisco muri\u00f3 a los 88 a\u00f1os en su residencia de la Casa Santa Marta. Jorge Bergoglio fue el primer argentino en llegar a liderar la Iglesia Cat\u00f3lica, tras un recorrido que incluy\u00f3 sus a\u00f1os en la Ciudad de Buenos Aires como como obispo, arzobispo y cardenal. El Sumo Pont\u00edfice realiz\u00f3 su \u00faltima aparici\u00f3n [&hellip;]<\/p>\n","protected":false},"author":1,"featured_media":18568,"comment_status":"open","ping_status":"open","sticky":false,"template":"","format":"standard","meta":{"footnotes":""},"categories":[2],"tags":[15371,677,1096,182,2650,6447,504],"class_list":["post-18567","post","type-post","status-publish","format-standard","has-post-thumbnail","hentry","category-ultimas-noticias","tag-bergoglio","tag-cuando","tag-llego","tag-nombre","tag-popularidad","tag-vaticano","tag-volvio"],"_links":{"self":[{"href":"https:\/\/13.com.ar\/index.php\/wp-json\/wp\/v2\/posts\/18567","targetHints":{"allow":["GET"]}}],"collection":[{"href":"https:\/\/13.com.ar\/index.php\/wp-json\/wp\/v2\/posts"}],"about":[{"href":"https:\/\/13.com.ar\/index.php\/wp-json\/wp\/v2\/types\/post"}],"author":[{"embeddable":true,"href":"https:\/\/13.com.ar\/index.php\/wp-json\/wp\/v2\/users\/1"}],"replies":[{"embeddable":true,"href":"https:\/\/13.com.ar\/index.php\/wp-json\/wp\/v2\/comments?post=18567"}],"version-history":[{"count":0,"href":"https:\/\/13.com.ar\/index.php\/wp-json\/wp\/v2\/posts\/18567\/revisions"}],"wp:featuredmedia":[{"embeddable":true,"href":"https:\/\/13.com.ar\/index.php\/wp-json\/wp\/v2\/media\/18568"}],"wp:attachment":[{"href":"https:\/\/13.com.ar\/index.php\/wp-json\/wp\/v2\/media?parent=18567"}],"wp:term":[{"taxonomy":"category","embeddable":true,"href":"https:\/\/13.com.ar\/index.php\/wp-json\/wp\/v2\/categories?post=18567"},{"taxonomy":"post_tag","embeddable":true,"href":"https:\/\/13.com.ar\/index.php\/wp-json\/wp\/v2\/tags?post=18567"}],"curies":[{"name":"wp","href":"https:\/\/api.w.org\/{rel}","templated":true}]}}