{"id":18558,"date":"2025-04-21T09:13:38","date_gmt":"2025-04-21T12:13:38","guid":{"rendered":"https:\/\/13.com.ar\/index.php\/asi-fue-la-ultima-aparicion-publica-del-papa-francisco-el-domingo-de-pascuas-y-pocas-horas-antes-de-su-muerte\/"},"modified":"2025-04-21T09:13:38","modified_gmt":"2025-04-21T12:13:38","slug":"asi-fue-la-ultima-aparicion-publica-del-papa-francisco-el-domingo-de-pascuas-y-pocas-horas-antes-de-su-muerte","status":"publish","type":"post","link":"https:\/\/13.com.ar\/index.php\/asi-fue-la-ultima-aparicion-publica-del-papa-francisco-el-domingo-de-pascuas-y-pocas-horas-antes-de-su-muerte\/","title":{"rendered":"As\u00ed fue la \u00faltima aparici\u00f3n p\u00fablica del papa Francisco, el Domingo de Pascuas y pocas horas antes de su muerte"},"content":{"rendered":"<p> <br \/>\n<\/p>\n<div id=\"cuerpo\">\n<div class=\"sc-80531b6b-0 chRIGJ container-text text-embed\" id=\"element-body-0\">\n<p>El papa Francisco apareci\u00f3 por primera vez en las celebraciones de la Semana Santa, en el balc\u00f3n principal de la Bas\u00edlica de San Pedro, <strong>aclamado por 60 mil fieles que festejaban su presencia<\/strong>. \u201cHermanos y hermanas \u00a1Feliz Pascua!&#8221;, dijo el pont\u00edfice, sentado en una silla de ruedas, con <strong>una voz algo m\u00e1s fuerte<\/strong> que las pocas veces que se lo hab\u00eda escuchado desde que fue internado en el hospital Gemelli, el 14 de febrero. <strong>Fue el domingo, pocas horas antes de que el mundo se conmoviera con la noticia su muerte, en la ma\u00f1ana de este lunes.<\/strong><\/p>\n<\/div>\n<div class=\"sc-80531b6b-0 chRIGJ container-text text-embed\" id=\"element-body-1\">\n<p><strong>Nada hac\u00eda prever que ser\u00eda su \u00faltima aparici\u00f3n p\u00fablica, su despedida. <\/strong><\/p>\n<\/div>\n<div class=\"sc-80531b6b-0 chRIGJ container-text text-embed\" id=\"element-body-2\">\n<p>El pont\u00edfice le indic\u00f3 a un asistente que leyera su discurso dedicado como siempre al deterioro de la paz en el mundo, desgastado por 57 guerras actualmente.<\/p>\n<\/div>\n<div class=\"sc-98b114a2-0 bkqiHH image-embed  image-embed \" id=\"element-body-3\"><picture class=\"sc-98b114a2-1 jRUlDm\"><source media=\"(min-width: 975px)\" width=\"720\" height=\"480\" \/><img alt=\"El Papa Francisco recorri\u00f3 la Plaza de San Pedro en su papam\u00f3vil tras impartir la bendici\u00f3n Urbi et Orbi, el domingo. Foto AP\" loading=\"lazy\" width=\"720\" height=\"480\" decoding=\"async\" data-nimg=\"1\" style=\"color:transparent\" src=\"https:\/\/13.com.ar\/wp-content\/uploads\/2025\/04\/Asi-fue-la-ultima-aparicion-publica-del-papa-Francisco-el.jpg\"\/><span class=\"epigraphe\">El Papa Francisco recorri\u00f3 la Plaza de San Pedro en su papam\u00f3vil tras impartir la bendici\u00f3n Urbi et Orbi, el domingo. Foto AP<\/span><span class=\"picture-open\"><button class=\"open-image\" aria-label=\"Open Image\"\/><\/span><\/picture><\/div>\n<div class=\"sc-80531b6b-0 chRIGJ container-text text-embed\" id=\"element-body-4\">\n<p>Despu\u00e9s de su discurso, <strong>el Papa lanz\u00f3 con su d\u00e9bil voz la bendici\u00f3n \u201cUrbi et orbi\u201d, a la ciudad de Roma y al mundo,<\/strong> saludado por continuas aclamaciones de la multitud que se extend\u00eda m\u00e1s all\u00e1 de la plaza San Pedro, embellecida con flores holandesas (narcisos y tulipanes, especialmente) y muchas banderas de diversos pa\u00edses y de organizaciones cat\u00f3licas.<\/p>\n<\/div>\n<div class=\"sc-80531b6b-0 chRIGJ container-text text-embed\" id=\"element-body-5\">\n<p>No celebr\u00f3 la misa de Pascua en la plaza, que deleg\u00f3 en el cardenal Angelo Comastri, el archiprete retirado de la bas\u00edlica de San Pedro.<strong> Cuando apareci\u00f3 en el balc\u00f3n, los fieles estallaron en v\u00edtores mientras una banda militar inici\u00f3 una ronda de himnos de la Santa Sede e Italia.<\/strong><\/p>\n<\/div>\n<div class=\"sc-80531b6b-0 chRIGJ container-text text-embed\" id=\"element-body-6\">\n<p>Antes de salir de la residencia donde se aloja, el Papa recibi\u00f3 <strong>una breve visita del vicepresidente de Estados Unidos, James Vance<\/strong>, que asisti\u00f3 a las celebraciones pascuales.<\/p>\n<\/div>\n<div class=\"sc-80531b6b-0 chRIGJ container-text text-embed\" id=\"element-body-7\">\n<p>La Pascua de Resurrecci\u00f3n es uno de los d\u00edas m\u00e1s felices del calendario cat\u00f3lico, que celebra a Cristo resucitado tras las tristes jornadas de su muerte en la Cruz de la Semana Santa.<\/p>\n<\/div>\n<div class=\"sc-80531b6b-0 chRIGJ container-text text-embed\" id=\"element-body-8\">\n<p>Este domingo, por primera vez en muchos siglos celebran el mismo d\u00eda la Pascua cat\u00f3licos, protestantes y ortodoxos, las grandes religiones cristianas, debido a una coincidencia de los calendarios.<\/p>\n<\/div>\n<div class=\"sc-80531b6b-0 chRIGJ container-text text-embed\" id=\"element-body-9\">\n<p>Tras lanzar su bendici\u00f3n \u201curbi et orbi\u201d, el Papa <strong>descendi\u00f3 a la plaza y la recorri\u00f3 con los fieles que lo vivavan y felicitaban a bordo del \u201cpapam\u00f3vil\u201d<\/strong> rodeado por m\u00e1s de treinta custodios que trotaban junto al veh\u00edculo. A bordo se encontraba detr\u00e1s del Papa su enfermero personal, Strapetti, a qui\u00e9n se vi\u00f3 masajear varias veces la nuca al pont\u00edfice.<\/p>\n<\/div>\n<div class=\"sc-98b114a2-0 bkqiHH image-embed  image-embed \" id=\"element-body-10\"><picture class=\"sc-98b114a2-1 jRUlDm\"><source media=\"(min-width: 975px)\" width=\"720\" height=\"480\" \/><img alt=\"El Papa, asomado al balc\u00f3n ante la plaza de San Pedro.\" loading=\"lazy\" width=\"720\" height=\"480\" decoding=\"async\" data-nimg=\"1\" style=\"color:transparent\" src=\"https:\/\/13.com.ar\/wp-content\/uploads\/2025\/04\/El-papa-Francisco-dio-su-bendicion-a-Roma-y-al.jpg\"\/><span class=\"epigraphe\">El Papa, asomado al balc\u00f3n ante la plaza de San Pedro.<\/span><span class=\"picture-open\"><button class=\"open-image\" aria-label=\"Open Image\"\/><\/span><\/picture><\/div>\n<div class=\"sc-80531b6b-0 chRIGJ container-text text-embed\" id=\"element-body-11\">\n<p>La caravana sali\u00f3 de la plaza unos trescientos metros, pasando frente  a la sede de la embajada argentina ante el Vaticano, y regres\u00f3.<\/p>\n<\/div>\n<div class=\"sc-80531b6b-0 chRIGJ container-text text-embed\" id=\"element-body-12\">\n<p>Al regreso, el Papa <strong>luc\u00eda un tanto cansado<\/strong>. De inmediato regres\u00f3 a su residencia en Santa Marta, en el interior del Vaticano.<\/p>\n<\/div>\n<p><h2>Alerta por el rearme global<\/h2>\n<\/p>\n<div class=\"sc-80531b6b-0 chRIGJ container-text text-embed\" id=\"element-body-14\">\n<p>En su mensaje al mundo, el Papa rechaz\u00f3 \u201cla carrera general al rearme\u201d y pidi\u00f3 promover la ayuda al desarrollo.<\/p>\n<\/div>\n<div class=\"sc-80531b6b-0 chRIGJ container-text text-embed\" id=\"element-body-15\">\n<p>Reclam\u00f3 tambi\u00e9n \u201cusar los recursos disponibles a los necesitados, combatir el hambre y promover iniciativas que impulsen al desarrollo\u201d. El Papa escuch\u00f3 sus propias palabras sentado en el balc\u00f3n, mientras el texto era leido a la multidu por un maestro de ceremonias, monse\u00f1or Diego Revelli, debido a que el Papa tiene a\u00fan problemas en su voz. Cabe destacar tambi\u00e9n que el pont\u00edfice <strong>no llevaba los tubos nasales que le llevan \u00f3x\u00edgeno a los pulmones, una buena se\u00f1al de que avanzan la curaci\u00f3n<\/strong>.<\/p>\n<\/div>\n<div class=\"sc-98b114a2-0 bkqiHH image-embed  image-embed \" id=\"element-body-16\"><picture class=\"sc-98b114a2-1 jRUlDm\"><source media=\"(min-width: 975px)\" width=\"720\" height=\"480\" \/><img alt=\"El Papa, en medio de la multitud en la plaza de San Pedro. Foto EFE\" loading=\"lazy\" width=\"720\" height=\"480\" decoding=\"async\" data-nimg=\"1\" style=\"color:transparent\" src=\"https:\/\/13.com.ar\/wp-content\/uploads\/2025\/04\/1745237618_943_Asi-fue-la-ultima-aparicion-publica-del-papa-Francisco-el.jpg\"\/><span class=\"epigraphe\">El Papa, en medio de la multitud en la plaza de San Pedro. Foto EFE<\/span><span class=\"picture-open\"><button class=\"open-image\" aria-label=\"Open Image\"\/><\/span><\/picture><\/div>\n<div class=\"sc-80531b6b-0 chRIGJ container-text text-embed\" id=\"element-body-17\">\n<p>\u201cMe siento cercano al sufrimiento de los cristianos en Palestina y en Israel, as\u00ed como todo el pueblo israel\u00ed y a todo el pueblo palestino&#8221;, dijo.<\/p>\n<\/div>\n<div class=\"sc-80531b6b-0 chRIGJ container-text text-embed\" id=\"element-body-18\">\n<p>Hay que destacar las imponentes y a la vez discretas medidas de seguridad que se adoptaron desde ayer en torno y dentro de la plaza de San Pedro, con un despliegue de 600 efectivos policiales y m\u00e1s de diez mil telec\u00e1maras m\u00f3viles en las \u00e1reas mas repletas de gente.<\/p>\n<\/div>\n<div class=\"sc-80531b6b-0 chRIGJ container-text text-embed\" id=\"element-body-19\">\n<p>El pont\u00edfice destac\u00f3 en su intervenci\u00f3n \u201ccuanta voluntad de muerte vemos cada d\u00eda en los numerosos conflictos que afectan a diferentes partes del mundo. Cuanta violencia percibimos tambi\u00e9n a menudo en las familias contra las mujeres o los ni\u00f1os. Cuanto desprecio se tiene vees hacia los m\u00e1s d\u00e9biles, los marginados y los migrantes&#8221;.<\/p>\n<\/div>\n<div class=\"sc-80531b6b-0 chRIGJ container-text text-embed\" id=\"element-body-20\">\n<p>Francisco rechaz\u00f3 \u201cla carrera general para el rearme\u201d e inst\u00f3 \u201ca usar los recursos disponidles para ayudar a los necesitados, combatir el hambre y promover iniciativas que impulsen al desarrollo\u201d.<\/p>\n<\/div>\n<div class=\"sc-98b114a2-0 bkqiHH image-embed  image-embed \" id=\"element-body-21\"><picture class=\"sc-98b114a2-1 jRUlDm\"><source media=\"(min-width: 975px)\" width=\"720\" height=\"480\" \/><img alt=\"El Papam\u00f3vil, en medio de la multitud en la plaza de San Pedro. Foto EFE\" loading=\"lazy\" width=\"720\" height=\"480\" decoding=\"async\" data-nimg=\"1\" style=\"color:transparent\" src=\"https:\/\/13.com.ar\/wp-content\/uploads\/2025\/04\/1745152898_943_El-papa-Francisco-dio-su-bendicion-a-Roma-y-al.jpg\"\/><span class=\"epigraphe\">El Papam\u00f3vil, en medio de la multitud en la plaza de San Pedro. Foto EFE<\/span><span class=\"picture-open\"><button class=\"open-image\" aria-label=\"Open Image\"\/><\/span><\/picture><\/div>\n<div class=\"sc-80531b6b-0 chRIGJ container-text text-embed\" id=\"element-body-22\">\n<p><strong>\u201cQuisiera que volvi\u00e9ramos a esperar en que la paz es posible&#8221;<\/strong>, dese\u00f3 el Papa antes de empezar a enumerar los conflictos en el mundo.<\/p>\n<\/div>\n<div class=\"sc-80531b6b-0 chRIGJ container-text text-embed\" id=\"element-body-23\">\n<p>Francisco expres\u00f3 su preocupaci\u00f3n por \u201cel creciente clima de antisemitismo que se est\u00e1 difundiendo en todo el mundo\u201d y tambien \u201cpor la comunidad cristiana de Gaza, donde el terrible conflicto sigue llevando muerte y destrucci\u00f3n\u201d.<\/p>\n<\/div>\n<div class=\"sc-80531b6b-0 chRIGJ container-text text-embed\" id=\"element-body-24\">\n<p>El Papa apel\u00f3 \u201ca las partes beligerantes que cese el fuego, que se liberen los rehenes y se preste ayuda a la gente,que tiene hambre y que aspira a un futuro de paz\u201d.<\/p>\n<\/div>\n<div class=\"sc-98b114a2-0 bkqiHH image-embed  image-embed \" id=\"element-body-25\"><picture class=\"sc-98b114a2-1 jRUlDm\"><source media=\"(min-width: 975px)\" width=\"720\" height=\"480\" \/><img alt=\"\u201cQuisiera que volvi\u00e9ramos a esperar en que la paz es posible&quot;, dese\u00f3 el Papa antes de empezar a enumerar los conflictos en el mundo. Foto Reuters\" loading=\"lazy\" width=\"720\" height=\"480\" decoding=\"async\" data-nimg=\"1\" style=\"color:transparent\" src=\"https:\/\/13.com.ar\/wp-content\/uploads\/2025\/04\/1745237618_223_Asi-fue-la-ultima-aparicion-publica-del-papa-Francisco-el.jpg\"\/><span class=\"epigraphe\">\u201cQuisiera que volvi\u00e9ramos a esperar en que la paz es posible&#8221;, dese\u00f3 el Papa antes de empezar a enumerar los conflictos en el mundo. Foto Reuters<\/span><span class=\"picture-open\"><button class=\"open-image\" aria-label=\"Open Image\"\/><\/span><\/picture><\/div>\n<div class=\"sc-80531b6b-0 chRIGJ container-text text-embed\" id=\"element-body-26\">\n<p>Tambi\u00e9n inst\u00f3 a rezar \u201cpor las comunidades cristianas del L\u00edbano y de Siria, as\u00ed como de \u201cYemen, que est\u00e1 viviendo una de las peores crisis humanitarias prolongadas del mundo a causa de la guerra\u201d.<\/p>\n<\/div>\n<div class=\"sc-80531b6b-0 chRIGJ container-text text-embed\" id=\"element-body-27\">\n<p>El pont\u00edfice argentino pidi\u00f3 adem\u00e1s que \u201cllegue la paz y consuelo a los pueblos africanos, v\u00edctimas de agresiones y conflictos, sobre todo en la Rep\u00fablica Democr\u00e1tica del Congo, en Sud\u00e1n y Sud\u00e1n del Sur y sostenga a cuantos sufren a causa de las tensiones en el Sahel, en el cuerno de Africa y en la regi\u00f3n de los Grandes Lagos\u201d.<\/p>\n<\/div>\n<div class=\"sc-80531b6b-0 chRIGJ container-text text-embed\" id=\"element-body-28\">\n<p>Por \u00faltimo, Francisco pidi\u00f3 ayuda para Birmania \u201catormentada desde hace a\u00f1os por conflictos armados, que afronta con valent\u00eda y paciencia las consecuencias del devastador terremoto en Sagaing\u201d.<\/p>\n<\/div>\n<div class=\"sc-80531b6b-0 chRIGJ container-text text-embed\" id=\"element-body-29\">\n<p>Ser\u00eda <strong>su adi\u00f3s p\u00fablico<\/strong>. Pocas horas despu\u00e9s, el mundo se conmovi\u00f3 con la noticia de la muerte del Papa argentino.<\/p>\n<\/div>\n<\/div>\n<p><br \/>\n<br \/><a href=\"https:\/\/www.clarin.com\/mundo\/ultima-aparicion-publica-papa-francisco-domingo-pascuas-pocas-horas-muerte_0_4kmExZ3hkO.html\">Fuente Clarin.com <\/a><\/p>\n","protected":false},"excerpt":{"rendered":"<p>El papa Francisco apareci\u00f3 por primera vez en las celebraciones de la Semana Santa, en el balc\u00f3n principal de la Bas\u00edlica de San Pedro, aclamado por 60 mil fieles que festejaban su presencia. \u201cHermanos y hermanas \u00a1Feliz Pascua!&#8221;, dijo el pont\u00edfice, sentado en una silla de ruedas, con una voz algo m\u00e1s fuerte que las [&hellip;]<\/p>\n","protected":false},"author":1,"featured_media":18559,"comment_status":"open","ping_status":"open","sticky":false,"template":"","format":"standard","meta":{"footnotes":""},"categories":[2],"tags":[733,5707,789,100,2845,917,105,997,1506,2919,12839,15381,757,1859],"class_list":["post-18558","post","type-post","status-publish","format-standard","has-post-thumbnail","hentry","category-ultimas-noticias","tag-antes","tag-aparicion","tag-asi","tag-del","tag-domingo","tag-francisco","tag-fue","tag-horas","tag-muerte","tag-papa","tag-pascuas","tag-pocas","tag-publica","tag-ultima"],"_links":{"self":[{"href":"https:\/\/13.com.ar\/index.php\/wp-json\/wp\/v2\/posts\/18558","targetHints":{"allow":["GET"]}}],"collection":[{"href":"https:\/\/13.com.ar\/index.php\/wp-json\/wp\/v2\/posts"}],"about":[{"href":"https:\/\/13.com.ar\/index.php\/wp-json\/wp\/v2\/types\/post"}],"author":[{"embeddable":true,"href":"https:\/\/13.com.ar\/index.php\/wp-json\/wp\/v2\/users\/1"}],"replies":[{"embeddable":true,"href":"https:\/\/13.com.ar\/index.php\/wp-json\/wp\/v2\/comments?post=18558"}],"version-history":[{"count":0,"href":"https:\/\/13.com.ar\/index.php\/wp-json\/wp\/v2\/posts\/18558\/revisions"}],"wp:featuredmedia":[{"embeddable":true,"href":"https:\/\/13.com.ar\/index.php\/wp-json\/wp\/v2\/media\/18559"}],"wp:attachment":[{"href":"https:\/\/13.com.ar\/index.php\/wp-json\/wp\/v2\/media?parent=18558"}],"wp:term":[{"taxonomy":"category","embeddable":true,"href":"https:\/\/13.com.ar\/index.php\/wp-json\/wp\/v2\/categories?post=18558"},{"taxonomy":"post_tag","embeddable":true,"href":"https:\/\/13.com.ar\/index.php\/wp-json\/wp\/v2\/tags?post=18558"}],"curies":[{"name":"wp","href":"https:\/\/api.w.org\/{rel}","templated":true}]}}