{"id":18556,"date":"2025-04-21T08:55:28","date_gmt":"2025-04-21T11:55:28","guid":{"rendered":"https:\/\/13.com.ar\/index.php\/murio-el-papa-francisco-un-hombre-que-fue-signo-de-contradiccion\/"},"modified":"2025-04-21T08:55:28","modified_gmt":"2025-04-21T11:55:28","slug":"murio-el-papa-francisco-un-hombre-que-fue-signo-de-contradiccion","status":"publish","type":"post","link":"https:\/\/13.com.ar\/index.php\/murio-el-papa-francisco-un-hombre-que-fue-signo-de-contradiccion\/","title":{"rendered":"Muri\u00f3 el papa Francisco, un hombre que fue signo de contradicci\u00f3n"},"content":{"rendered":"<p> <br \/>\n<br \/><img decoding=\"async\" src=\"https:\/\/13.com.ar\/wp-content\/uploads\/2025\/04\/Murio-el-papa-Francisco-un-hombre-que-fue-signo-de.jpg\" \/><\/p>\n<div id=\"element-body-0\">\n<p>En la cuaresma de 1976, el cardenal Karol Wojtyla predic\u00f3 unos ejercicios espirituales a la curia romana publicados con este t\u00edtulo, al asumir su pontificado como Juan Pablo II. Fue uno de los papas m\u00e1s queridos de la historia que muri\u00f3 en olor de santidad pero tambi\u00e9n \u00e9l encarn\u00f3 esa condici\u00f3n conflictual.<\/p>\n<\/div>\n<div id=\"element-body-1\">\n<p>\u00bfQu\u00e9 es ser signo de contradicci\u00f3n? El sintagma revela una se\u00f1al recogida en los textos del nuevo testamento para designar a los primeros cristianos y en primer lugar al propio Jesucristo, y quiere significar <strong>c\u00f3mo una vida virtuosa, e incluso de santidad, suele provocar sentimientos opuestos<\/strong>, sobre todo cuando ella contrasta con las costumbres de una sociedad. Esta actitud se incrementa en el caso de quienes han venido a proferir cosas nuevas, a transformar una realidad instalada.<\/p>\n<\/div>\n<div id=\"element-body-2\">\n<p><strong>Me parece que esta figura se encuentra bien representada en Jorge Mario Bergoglio, un nombre controversial, tan cuestionado fuera como dentro de la Iglesia.<\/strong> Dentro, porque ha evidenciado un talante exigente al remover aguas estancadas y denunciar el nuevo farise\u00edsmo de los guardianes de la fe que repiten su letra pero no viven su esp\u00edritu. Fuera, por cuestionar con acritud las perversiones y las injusticias de unos modos de vida que se asientan en la opresi\u00f3n de los d\u00e9biles.<\/p>\n<\/div>\n<div id=\"element-body-3\">\n<p>Me parece que aqu\u00ed se encuentra la clave para discernir el contenido de su legado, aunque los historiadores afirman que para justipreciar cuestiones de tanta envergadura hay que esperar un tiempo prudencial, pero esa sensibilidad no encaja en el v\u00e9rtigo contempor\u00e1neo.<\/p>\n<\/div>\n<div id=\"element-body-4\">\n<p>Resulta parad\u00f3jico que Francisco haya sido impugnado por ambiguo al <strong>cuestionar verdades consideradas intocables<\/strong> cuando uno de sus rasgos haya sido hablar sin pelos en la lengua. Bastantes cosas se pueden decir del primer papa argentino, aunque por su propia personalidad quiz\u00e1s \u00e9l mismo prescinda del juicio de los hombres para anclarse exclusivamente en el divino.<\/p>\n<\/div>\n<div id=\"element-body-5\">\n<p>Al extraer de mi archivo la copia de una carta dirigida a los protagonistas de una ordenaci\u00f3n diaconal en nuestro pa\u00eds, apenas reci\u00e9n comenzada su funci\u00f3n, aparece de inmediato la radicalidad de su esp\u00edritu en ese gr\u00e1fico lenguaje bergogliano que suele ser m\u00e1s expresivo que un tratado de teolog\u00eda. Ah\u00ed les dice sin eufemismos a los nuevos di\u00e1conos: pongan la carne sobre el asador. Durante su pontificado, Francisco ha cocinado un jugoso costillar con chimichurri e invita a todos al asado.<\/p>\n<\/div>\n<div id=\"element-body-6\">\n<p>Sus innovaciones han dado lugar a una enorme bibliograf\u00eda. \u00c9l ha abierto nuevos manantiales en la Iglesia y en la sociedad, pero no porque haya incoado reformas que han volteado tradiciones multiseculares como el advenimiento de las mujeres en las estructuras de gobierno o haber situado a los pobres en el centro de la mirada de los fieles, y otras cuestiones que son las que m\u00e1s han llamado la atenci\u00f3n, sobre todo en la opini\u00f3n p\u00fablica. El legado de Francisco, mucho m\u00e1s que eso, es un nuevo modo de entender y de vivir el perenne mensaje de Jesucristo, con todas sus consecuencias.<\/p>\n<\/div>\n<div id=\"element-body-7\">\n<p><em>*Roberto Bosca es profesor em\u00e9rito de la Universidad Austral y director acad\u00e9mico del Instituto de Cultura del Centro Universitario de Estudios<\/em><\/p>\n<\/div>\n<p><br \/>\n<br \/><a href=\"https:\/\/www.clarin.com\/opinion\/murio-papa-francisco-hombre-signo-contradiccion_0_humDycDyG8.html\">Fuente Clarin.com <\/a><\/p>\n","protected":false},"excerpt":{"rendered":"<p>En la cuaresma de 1976, el cardenal Karol Wojtyla predic\u00f3 unos ejercicios espirituales a la curia romana publicados con este t\u00edtulo, al asumir su pontificado como Juan Pablo II. Fue uno de los papas m\u00e1s queridos de la historia que muri\u00f3 en olor de santidad pero tambi\u00e9n \u00e9l encarn\u00f3 esa condici\u00f3n conflictual. \u00bfQu\u00e9 es ser [&hellip;]<\/p>\n","protected":false},"author":1,"featured_media":18557,"comment_status":"open","ping_status":"open","sticky":false,"template":"","format":"standard","meta":{"footnotes":""},"categories":[2],"tags":[15380,917,105,532,611,2919,400],"class_list":["post-18556","post","type-post","status-publish","format-standard","has-post-thumbnail","hentry","category-ultimas-noticias","tag-contradiccion","tag-francisco","tag-fue","tag-hombre","tag-murio","tag-papa","tag-signo"],"_links":{"self":[{"href":"https:\/\/13.com.ar\/index.php\/wp-json\/wp\/v2\/posts\/18556","targetHints":{"allow":["GET"]}}],"collection":[{"href":"https:\/\/13.com.ar\/index.php\/wp-json\/wp\/v2\/posts"}],"about":[{"href":"https:\/\/13.com.ar\/index.php\/wp-json\/wp\/v2\/types\/post"}],"author":[{"embeddable":true,"href":"https:\/\/13.com.ar\/index.php\/wp-json\/wp\/v2\/users\/1"}],"replies":[{"embeddable":true,"href":"https:\/\/13.com.ar\/index.php\/wp-json\/wp\/v2\/comments?post=18556"}],"version-history":[{"count":0,"href":"https:\/\/13.com.ar\/index.php\/wp-json\/wp\/v2\/posts\/18556\/revisions"}],"wp:featuredmedia":[{"embeddable":true,"href":"https:\/\/13.com.ar\/index.php\/wp-json\/wp\/v2\/media\/18557"}],"wp:attachment":[{"href":"https:\/\/13.com.ar\/index.php\/wp-json\/wp\/v2\/media?parent=18556"}],"wp:term":[{"taxonomy":"category","embeddable":true,"href":"https:\/\/13.com.ar\/index.php\/wp-json\/wp\/v2\/categories?post=18556"},{"taxonomy":"post_tag","embeddable":true,"href":"https:\/\/13.com.ar\/index.php\/wp-json\/wp\/v2\/tags?post=18556"}],"curies":[{"name":"wp","href":"https:\/\/api.w.org\/{rel}","templated":true}]}}