{"id":18553,"date":"2025-04-21T08:19:33","date_gmt":"2025-04-21T11:19:33","guid":{"rendered":"https:\/\/13.com.ar\/index.php\/un-funeral-mas-simple-a-pedido-y-una-tumba-que-rompera-con-la-tradicion-vaticana\/"},"modified":"2025-04-21T08:19:33","modified_gmt":"2025-04-21T11:19:33","slug":"un-funeral-mas-simple-a-pedido-y-una-tumba-que-rompera-con-la-tradicion-vaticana","status":"publish","type":"post","link":"https:\/\/13.com.ar\/index.php\/un-funeral-mas-simple-a-pedido-y-una-tumba-que-rompera-con-la-tradicion-vaticana\/","title":{"rendered":"un funeral m\u00e1s simple a pedido y una tumba que romper\u00e1 con la tradici\u00f3n vaticana"},"content":{"rendered":"<p> <br \/>\n<br \/><img decoding=\"async\" src=\"https:\/\/13.com.ar\/wp-content\/uploads\/2025\/04\/un-funeral-mas-simple-a-pedido-y-una-tumba-que.jpg\" \/><\/p>\n<div id=\"element-body-0\">\n<p>El <strong>papa Francisco<\/strong>, que muri\u00f3 este lunes a los 88 a\u00f1os, simplific\u00f3 el pasado mes de noviembre el ritual de los funerales pontificios eliminando, entre otras, la tradici\u00f3n de los tres ata\u00fades, el catafalco, el b\u00e1culo papal o el t\u00edtulo por el cual ser\u00e1 llamado, utilizando expresiones m\u00e1s sencillas como \u201cObispo de Roma\u201d o \u201cPastor\u201d.<\/p>\n<\/div>\n<div id=\"element-body-1\">\n<p>As\u00ed se refleja en la segunda edici\u00f3n del <strong>Ordo Exsequiarum Romani Pontificis<\/strong>, el libro lit\u00fargico que gu\u00eda el funeral del Papa y que fue editado y publicado por la Oficina para las Celebraciones Lit\u00fargicas del Sumo Pont\u00edfice. Francisco, que recibi\u00f3 el primer ejemplar del volumen impreso el 4 de noviembre de 2024, aprob\u00f3 su publicaci\u00f3n el 29 de abril de 2024<\/p>\n<\/div>\n<div id=\"element-body-2\">\n<p>Tal y como subray\u00f3 el pasado mes de noviembre el maestro de las Celebraciones Lit\u00fargicas de los Pont\u00edfices, el arzobispo Diego Ravelli, se hizo necesaria una segunda edici\u00f3n \u201cporque el Papa Francisco <strong>pidi\u00f3 simplificar y adaptar algunos ritos <\/strong>para que la celebraci\u00f3n de las exequias del Obispo de Roma expresara mejor la fe de la Iglesia en Cristo resucitado\u201d.<\/p>\n<\/div>\n<div id=\"element-body-3\">\n<p>En concreto, el deseo de Bergoglio era que el nuevo rito subrayara \u201ca\u00fan m\u00e1s que el funeral del Romano Pont\u00edfice es <strong>el de un pastor y disc\u00edpulo de Cristo<\/strong> y no el de un poderoso hombre de este mundo\u201d.<\/p>\n<\/div>\n<div id=\"element-body-4\">\n<p>Una de las principales novedades es la introducci\u00f3n de las indicaciones necesarias para una posible inhumaci\u00f3n en un lugar distinto de la bas\u00edlica vaticana, como ya adelant\u00f3 Francisco, que <strong>quiso ser enterrado en la bas\u00edlica de Santa Mar\u00eda la Mayor de Roma.<\/strong><\/p>\n<\/div>\n<div id=\"element-body-5\">\n<p><strong>Se mantienen las llamadas tres estaciones<\/strong> que preceden al ritual de exequias, es decir, los pasos que deben darse tras la muerte de un Pont\u00edfice, aunque en la primera de ellas se indica que la constataci\u00f3n de la muerte se realizar\u00e1 en su capilla privada, en lugar de en la habitaci\u00f3n donde falleci\u00f3 e inmediatamente el cuerpo se depositar\u00e1 en el \u00fanico ata\u00fad de madera con el interior de zinc, antes de ser trasladado directamente a la bas\u00edlica.<\/p>\n<\/div>\n<div id=\"element-body-6\">\n<p>Anteriormente, el cuerpo del Papa se trasladaba a la capilla del Palacio Apost\u00f3lico, ya que all\u00ed resid\u00eda el pont\u00edfice, pero <strong>Francisco viv\u00eda en la residencia de la Casa Santa Marta<\/strong>, por lo que se elimin\u00f3 este paso.<\/p>\n<\/div>\n<div id=\"element-body-7\">\n<p>Tambi\u00e9n se precisaron algunos pasajes de la llamada <strong>segunda estaci\u00f3n<\/strong>: puesto que la deposici\u00f3n en el f\u00e9retro ya ha tenido lugar tras la constataci\u00f3n de la muerte, el f\u00e9retro se cierra la v\u00edspera de la misa exequial.<\/p>\n<\/div>\n<div id=\"element-body-8\">\n<p>En la bas\u00edlica vaticana,<strong> el cuerpo del Papa difunto se expondr\u00e1 directamente en el f\u00e9retro abierto<\/strong> para la veneraci\u00f3n de los fieles, pero no en un catafalco -el armaz\u00f3n recubierto de vestiduras que se coloca en la Iglesia para unas exequias solemnes- como hab\u00eda sido hasta ahora y tampoco se colocar\u00e1 el b\u00e1culo papal junto al f\u00e9retro durante esta exposici\u00f3n.<\/p>\n<\/div>\n<div id=\"element-body-9\">\n<p>El funeral pontificio se celebra en la fecha que elija una reuni\u00f3n plenaria de cardenales. En los casos de los \u00faltimos cuatro papas, Pablo VI, Juan Pablo I, Juan Pablo II y Benedicto XVI, este rito se celebr\u00f3 en la plaza vaticana, al aire libre.<\/p>\n<\/div>\n<div id=\"element-body-10\">\n<p>Por \u00faltimo, en la <strong>tercera estaci\u00f3n<\/strong>, que inclu\u00eda el traslado del f\u00e9retro al sepulcro y el entierro, se elimina la tradici\u00f3n de enterrar a los Papas en tres ata\u00fades: uno de cipr\u00e9s, un segundo de plomo y un tercero de roble.<\/p>\n<\/div>\n<div id=\"element-body-11\">\n<p>Adem\u00e1s, siguiendo el modelo de los funerales de obispos, durante las ceremonias religiosas se usar\u00e1n t\u00edtulos m\u00e1s sencillos, eliminando la alusi\u00f3n &#8216;Romano Pont\u00edfice&#8217;.<\/p>\n<\/div>\n<div id=\"element-body-12\">\n<p>A pesar de que se mantiene la figura del camarlengo, la persona que se ocupa de varias cuestiones en ausencia del Papa, Francisco ha eliminado la llamada &#8216;C\u00e1mara Apost\u00f3lica&#8217; un colegio de eclesi\u00e1sticos que asist\u00eda al cardenal camarlengo durante la gesti\u00f3n de la Sede Vacante.<\/p>\n<\/div>\n<p><br \/>\n<br \/><a href=\"https:\/\/www.clarin.com\/mundo\/murio-papa-francisco-funeral-simple-pedido-tumba-rompera-tradicion-vaticana_0_ssD2f8kENV.html\">Fuente Clarin.com <\/a><\/p>\n","protected":false},"excerpt":{"rendered":"<p>El papa Francisco, que muri\u00f3 este lunes a los 88 a\u00f1os, simplific\u00f3 el pasado mes de noviembre el ritual de los funerales pontificios eliminando, entre otras, la tradici\u00f3n de los tres ata\u00fades, el catafalco, el b\u00e1culo papal o el t\u00edtulo por el cual ser\u00e1 llamado, utilizando expresiones m\u00e1s sencillas como \u201cObispo de Roma\u201d o \u201cPastor\u201d. [&hellip;]<\/p>\n","protected":false},"author":1,"featured_media":18554,"comment_status":"open","ping_status":"open","sticky":false,"template":"","format":"standard","meta":{"footnotes":""},"categories":[2],"tags":[18,9400,155,2803,15378,3185,5896,2275,73,15379],"class_list":["post-18553","post","type-post","status-publish","format-standard","has-post-thumbnail","hentry","category-ultimas-noticias","tag-con","tag-funeral","tag-mas","tag-pedido","tag-rompera","tag-simple","tag-tradicion","tag-tumba","tag-una","tag-vaticana"],"_links":{"self":[{"href":"https:\/\/13.com.ar\/index.php\/wp-json\/wp\/v2\/posts\/18553","targetHints":{"allow":["GET"]}}],"collection":[{"href":"https:\/\/13.com.ar\/index.php\/wp-json\/wp\/v2\/posts"}],"about":[{"href":"https:\/\/13.com.ar\/index.php\/wp-json\/wp\/v2\/types\/post"}],"author":[{"embeddable":true,"href":"https:\/\/13.com.ar\/index.php\/wp-json\/wp\/v2\/users\/1"}],"replies":[{"embeddable":true,"href":"https:\/\/13.com.ar\/index.php\/wp-json\/wp\/v2\/comments?post=18553"}],"version-history":[{"count":0,"href":"https:\/\/13.com.ar\/index.php\/wp-json\/wp\/v2\/posts\/18553\/revisions"}],"wp:featuredmedia":[{"embeddable":true,"href":"https:\/\/13.com.ar\/index.php\/wp-json\/wp\/v2\/media\/18554"}],"wp:attachment":[{"href":"https:\/\/13.com.ar\/index.php\/wp-json\/wp\/v2\/media?parent=18553"}],"wp:term":[{"taxonomy":"category","embeddable":true,"href":"https:\/\/13.com.ar\/index.php\/wp-json\/wp\/v2\/categories?post=18553"},{"taxonomy":"post_tag","embeddable":true,"href":"https:\/\/13.com.ar\/index.php\/wp-json\/wp\/v2\/tags?post=18553"}],"curies":[{"name":"wp","href":"https:\/\/api.w.org\/{rel}","templated":true}]}}