{"id":18551,"date":"2025-04-21T08:16:33","date_gmt":"2025-04-21T11:16:33","guid":{"rendered":"https:\/\/13.com.ar\/index.php\/su-amor-por-san-lorenzo-los-encuentros-con-maradona-y-messi-y-por-que-no-vio-la-final-de-qatar-2022\/"},"modified":"2025-04-21T08:16:33","modified_gmt":"2025-04-21T11:16:33","slug":"su-amor-por-san-lorenzo-los-encuentros-con-maradona-y-messi-y-por-que-no-vio-la-final-de-qatar-2022","status":"publish","type":"post","link":"https:\/\/13.com.ar\/index.php\/su-amor-por-san-lorenzo-los-encuentros-con-maradona-y-messi-y-por-que-no-vio-la-final-de-qatar-2022\/","title":{"rendered":"su amor por San Lorenzo, los encuentros con Maradona y Messi y por qu\u00e9 no vio la final de Qatar 2022"},"content":{"rendered":"<p> <br \/>\n<\/p>\n<div id=\"cuerpo\">\n<div class=\"sc-80531b6b-0 chRIGJ container-text text-embed\" id=\"element-body-0\">\n<p>El <strong>Papa Francisco<\/strong>, que muri\u00f3 este lunes a las 7.35 de Italia en su residencia de la Casa Santa Marta, tuvo una relaci\u00f3n muy cercana con el f\u00fatbol y fueron m\u00faltiples sus demostraciones de afecto a <strong>San Lorenzo<\/strong>, el equipo del que fue hincha durante toda su vida. En distintos reportajes y cuando rememoraba su infancia en Buenos Aires, le dedicaba un momento especial a los partidos en El Gas\u00f3metro, donde iba con su familia.<\/p>\n<\/div>\n<div class=\"sc-80531b6b-0 chRIGJ container-text text-embed\" id=\"element-body-1\">\n<p><em>&#8220;Recuerdo, en particular, el campeonato de 1946, el que gan\u00f3 mi San Lorenzo. Recuerdo aquellos d\u00edas que pas\u00e9 viendo a los futbolistas jugando y la alegr\u00eda de nosotros, los ni\u00f1os, cuando regres\u00e1bamos a casa: la alegr\u00eda, la felicidad en la cara, la adrenalina en la sangre&#8221;<\/em>, coment\u00f3.<\/p>\n<\/div>\n<div class=\"sc-80531b6b-0 chRIGJ container-text text-embed\" id=\"element-body-2\">\n<p><strong>Aquel legendario equipo del 46 con sus estrellas Armando Farro Ren\u00e9 Pontoni y Rinaldo Martino ciment\u00f3 la idolatr\u00eda del entonces ni\u00f1o Jorge Bergoglio por San Lorenzo. <\/strong>Y no la abandonar\u00eda m\u00e1s. Ofici\u00f3 varias veces las mismas en la capilla del club, inclusive en el a\u00f1o del centenario (2008), donde lo hizo en el oratorio de San Lorenzo, sede de la fundaci\u00f3n. Y ya ungido Papa, varias veces, inclusive quebrando los r\u00edgidos protocolos vaticanos, hizo sentir aquella pasi\u00f3n por los colores azulgranas, saludando los \u00e9xitos, recibiendo a dirigentes y futbolistas o \u201crezando por el equipo\u201d. El carnet n\u00famero<strong> 88.235 del Club Atl\u00e9tico San Lorenzo<\/strong> era uno de los tesoros que exhib\u00eda Francisco.<\/p>\n<\/div>\n<div class=\"sc-98b114a2-0 bkqiHH image-embed  image-embed \" id=\"element-body-3\"><picture class=\"sc-98b114a2-1 jRUlDm\"><source media=\"(min-width: 975px)\" width=\"720\" height=\"480\" \/><img alt=\"El papa Francisco contento con una camiseta de San Lorenzo que le regalaron en la Plaza San Pedro. (Fuente: ANSA)\" loading=\"lazy\" width=\"720\" height=\"480\" decoding=\"async\" data-nimg=\"1\" style=\"color:transparent\" src=\"https:\/\/13.com.ar\/wp-content\/uploads\/2025\/04\/su-amor-por-San-Lorenzo-los-encuentros-con-Maradona-y.jpg\"\/><span class=\"epigraphe\">El papa Francisco contento con una camiseta de San Lorenzo que le regalaron en la Plaza San Pedro. (Fuente: ANSA)<\/span><span class=\"picture-open\"><button class=\"open-image\" aria-label=\"Open Image\"\/><\/span><\/picture><\/div>\n<div class=\"sc-98b114a2-0 bkqiHH image-embed  image-embed \" id=\"element-body-4\"><picture class=\"sc-98b114a2-1 jRUlDm\"><source media=\"(min-width: 975px)\" width=\"640\" height=\"361\" \/><img alt=\"Carn\u00e9 de socio de San Lorenzo de Almagro perteneciente al Papa Francisco.\" loading=\"lazy\" width=\"640\" height=\"361\" decoding=\"async\" data-nimg=\"1\" style=\"color:transparent\" src=\"https:\/\/13.com.ar\/wp-content\/uploads\/2025\/04\/su-amor-por-San-Lorenzo-los-encuentros-con-Maradona-y.jpg#1740268101858.jpeg\"\/><span class=\"epigraphe\">Carn\u00e9 de socio de San Lorenzo de Almagro perteneciente al Papa Francisco.<\/span><span class=\"picture-open\"><button class=\"open-image\" aria-label=\"Open Image\"\/><\/span><\/picture><\/div>\n<div class=\"sc-80531b6b-0 chRIGJ container-text text-embed\" id=\"element-body-5\">\n<p>Y por supuesto, tuvo la oportunidad de recibir a nuestras m\u00e1ximas estrellas -Maradona y Messi- en distintos momentos. Fue famoso su comentario cuando, ante la infaltable pregunta sobre su preferencia por &#8220;el mejor futbolista de la historia&#8221; opt\u00f3 por incluir a ambos y agreg\u00f3: <strong>&#8220;Yo tambi\u00e9n incluyo a un tercero, Pel\u00e9&#8221;<\/strong>. Fue en una entrevista con Gian Marco Chiocci, director del noticiero de la RAI 1, donde agreg\u00f3:<em> \u201cSon los tres futbolistas que he seguido, los tres grandes, cada uno en lo suyo. Y en este momento, Messi\u201d.<\/em><\/p>\n<\/div>\n<div class=\"sc-80531b6b-0 chRIGJ container-text text-embed\" id=\"element-body-6\">\n<p>El Papa lleg\u00f3 a conocer personalmente a <strong>Pel\u00e9<\/strong>, fallecido a fines del 2022: \u201cEra un hombre de un coraz\u00f3n grand\u00edsimo. Habl\u00e9 con \u00e9l, lo encontr\u00e9 en un avi\u00f3n en Buenos Aires, era de una grand\u00edsima humanidad\u201d.<\/p>\n<\/div>\n<div class=\"sc-98b114a2-0 bkqiHH image-embed  image-embed \" id=\"element-body-7\"><picture class=\"sc-98b114a2-1 jRUlDm\"><source media=\"(min-width: 975px)\" width=\"720\" height=\"480\" \/><img alt=\"San Lorenzo y la Copa Libertadores, dos orgullos de la vitrina que el papa Francisco ten\u00eda en el Vaticano. Foto V\u00edctor Sokolowicz   \" loading=\"lazy\" width=\"720\" height=\"480\" decoding=\"async\" data-nimg=\"1\" style=\"color:transparent\" src=\"https:\/\/13.com.ar\/wp-content\/uploads\/2025\/04\/1745234192_19_su-amor-por-San-Lorenzo-los-encuentros-con-Maradona-y.jpg\"\/><span class=\"epigraphe\">San Lorenzo y la Copa Libertadores, dos orgullos de la vitrina que el papa Francisco ten\u00eda en el Vaticano. Foto V\u00edctor Sokolowicz   <\/span><span class=\"picture-open\"><button class=\"open-image\" aria-label=\"Open Image\"\/><\/span><\/picture><\/div>\n<div class=\"sc-80531b6b-0 chRIGJ container-text text-embed\" id=\"element-body-8\">\n<p>Curiosamente, no vio aquel momento cumbre de nuestra historia deportiva, la coronaci\u00f3n de la Selecci\u00f3n en el Mundial de Qatar. Lo cont\u00f3 as\u00ed:<\/p>\n<\/div>\n<div class=\"sc-80531b6b-0 chRIGJ container-text text-embed\" id=\"element-body-9\">\n<p>&#8220;<em>No vi la final. Estaba reunido con seis pilotos de Alitalia con sus esposas. En un momento fui a buscar algo y, cuando volv\u00ed, uno me dijo &#8216;va ganando 3 a 0&#8217;, o 2 a 0, o 3 a 1, no me acuerdo. Y est\u00e1 bien dije, pero eso me hizo pensar una cosa que me permito decirla sin querer ofender, porque yo tambi\u00e9n soy argentino, pero un poco refleja nuestra idiosincrasia En los dos partidos, el de Pa\u00edses Bajos y la final, Argentina comienza ganando, todos felices. Nos vamos al segundo tiempo y termina ganando los dos por un penal. Por casualidad. Los argentinos tenemos eso: empezamos con entusiasmo las cosas y tenemos una cultura \u2014no s\u00e9, al menos yo la tengo\u2014 de dejar a la mitad. Y como que ya nos damos por vencidos antes de tiempo, o vencemos antes de tiempo. Sea en lo positivo o en lo negativo. Nos cuesta terminar el perfil de las cosas. Es una reflexi\u00f3n m\u00eda en base a estas dos cosas objetivas, nada m\u00e1s&#8221;.<\/em><\/p>\n<\/div>\n<div class=\"sc-80531b6b-0 chRIGJ container-text text-embed\" id=\"element-body-10\">\n<p>En setiembre del 2014, la organizaci\u00f3n Scholas Ocurrentes concret\u00f3 un amistoso en el Estadio Ol\u00edmpico de Roma entre leyendas del f\u00fatbol de nuestro pa\u00eds e Italia con el objetivo de \u201cpromover la paz y la cooperaci\u00f3n interreligiosa\u201d. Y en la previa, el Papa recibi\u00f3 a todos los participantes \u2013adem\u00e1s de los directivos y amplias comitivas- en el Aula Paulo VI del Vaticano. Tambi\u00e9n all\u00ed estaba una adolescente ya muy popular, Tini Stoessel, quien al d\u00eda siguiente cantar\u00eda en la previa al encuentro.<strong> Era, tambi\u00e9n el primer encuentro entre el Papa y Diego Armando Maradona,<\/strong> quien se sent\u00f3 junto a Maxi Rodr\u00edguez y Mascherano: le entreg\u00f3 a Francisco la camiseta de la Selecci\u00f3n Argentina con el n\u00famero 10. Y el nombre \u201cFrancisco\u201d.<\/p>\n<\/div>\n<div class=\"sc-98b114a2-0 bkqiHH image-embed  image-embed \" id=\"element-body-11\"><picture class=\"sc-98b114a2-1 jRUlDm\"><source media=\"(min-width: 975px)\" width=\"720\" height=\"480\" \/><img alt=\"Diego Maradona entrega una camiseta del seleccionado argentino al papa Francisco durante un encuentro en el Vaticano.\" loading=\"lazy\" width=\"720\" height=\"480\" decoding=\"async\" data-nimg=\"1\" style=\"color:transparent\" src=\"https:\/\/13.com.ar\/wp-content\/uploads\/2025\/04\/1745234193_220_su-amor-por-San-Lorenzo-los-encuentros-con-Maradona-y.jpg\"\/><span class=\"epigraphe\">Diego Maradona entrega una camiseta del seleccionado argentino al papa Francisco durante un encuentro en el Vaticano.<\/span><span class=\"picture-open\"><button class=\"open-image\" aria-label=\"Open Image\"\/><\/span><\/picture><\/div>\n<div class=\"sc-80531b6b-0 chRIGJ container-text text-embed\" id=\"element-body-12\">\n<p>Ese d\u00eda Diego cont\u00f3 que el Papa \u201c<em>me inspir\u00f3 a volver a la religi\u00f3n despu\u00e9s de muchos a\u00f1os. Me hizo sentir como un argentino bueno y eso me da mucho placer, que un argentino est\u00e9 haciendo tan bien las cosas como es ser Papa en el Vaticano. Me pega en el coraz\u00f3n cuando habla del hambre que hay en el mundo&#8221;.<\/em><\/p>\n<\/div>\n<div class=\"sc-80531b6b-0 chRIGJ container-text text-embed\" id=\"element-body-13\">\n<p>En su discurso ante los jugadores \u2013entre los cuales tambi\u00e9n hab\u00eda leyendas locales como Buffon y Baggio- Francisco dijo que esperaba que el partido en el Estadio Ol\u00edmpico de Roma ayude a llevar a una &#8220;<em>coexistencia pac\u00edfica entre todos los pueblos, excluyendo cualquier discriminaci\u00f3n basada en la raza, lengua o religi\u00f3n&#8221;<\/em>.<\/p>\n<\/div>\n<div class=\"sc-80531b6b-0 chRIGJ container-text text-embed\" id=\"element-body-14\">\n<p>Pocos d\u00edas despu\u00e9s, Maradona tuvo otro privilegio: el Papa Francisco lo recibi\u00f3 en una audiencia privada en la residencia de Santa Marta. All\u00ed Diego concurri\u00f3 junto al entonces agregado comercial de la embajada argentina: Guillermo Moreno.<\/p>\n<\/div>\n<div class=\"sc-80531b6b-0 chRIGJ container-text text-embed\" id=\"element-body-15\">\n<p>Luego, con el deterioro de la salud  de Diego, el Papa le hizo llegar varios mensajes. Cuando falleci\u00f3, el 25 de noviembre de 2020, el Vaticano emiti\u00f3 sus condolencias y Francisco record\u00f3 que \u201crec\u00e9 por \u00e9l y por su familia\u201d.<\/p>\n<\/div>\n<div class=\"sc-80531b6b-0 chRIGJ container-text text-embed\" id=\"element-body-16\">\n<p>Semanas m\u00e1s tarde, en una entrevista con el diario deportivo La Gazzetta dello Sport, Francisco record\u00f3 a Maradona como<em> \u201cun poeta en el campo de juego, aunque tambi\u00e9n un hombre muy fr\u00e1gil. Como futbolista fue un gran campe\u00f3n que le dio alegr\u00eda a millones de personas en la Argentina, en N\u00e1poles\u2026 Lo conoc\u00ed en aquel partido por la Paz del 2014 y recuerdo con placer todo lo que hizo Diego por Scholas, la fundaci\u00f3n que se ocupa de los m\u00e1s necesitados en todo el mundo\u201d.<\/em><\/p>\n<\/div>\n<div class=\"sc-c2c2a3c6-0 ecgiEX border-video video-embed horizontal border-video video-embed horizontal\" id=\"element-body-17\">\n<div class=\"sc-c2c2a3c6-1 kQhBlc videoText videoText\">\n<h2>Video<\/h2>\n<div>\n<p>El Papa Francisco, un futbolero de ley.<\/p>\n<\/div>\n<\/div>\n<\/div>\n<div class=\"sc-80531b6b-0 chRIGJ container-text text-embed\" id=\"element-body-18\">\n<p>El Papa tambi\u00e9n evoc\u00f3 como hab\u00eda palpitado el Mundial de M\u00e9xico 86, cuando Maradona lider\u00f3 a nuestra Selecci\u00f3n hasta la coronaci\u00f3n:<\/p>\n<\/div>\n<div class=\"sc-80531b6b-0 chRIGJ container-text text-embed\" id=\"element-body-19\">\n<p><em>\u201cTengo un recuerdo personal vinculado al Mundial de 1986, el que gan\u00f3 Argentina gracias a Maradona. Estaba en Fr\u00e1ncfort, fue un momento dif\u00edcil para m\u00ed, estaba estudiando el idioma y recopilando material para mi tesis. No hab\u00eda podido ver la final del Mundial y reci\u00e9n al d\u00eda siguiente me enter\u00e9 de la victoria de Argentina sobre Alemania, cuando una chica japonesa escribi\u00f3 &#8220;Viva Argentina&#8221; en la pizarra durante una lecci\u00f3n de alem\u00e1n. Lo recuerdo, personalmente, como la victoria de la soledad porque no ten\u00eda con quien compartir la alegr\u00eda de esa victoria deportiva. La soledad te hace sentir solo, mientras que lo que embellece la alegr\u00eda es poder compartirla&#8221;.<\/em><\/p>\n<\/div>\n<div class=\"sc-80531b6b-0 chRIGJ container-text text-embed\" id=\"element-body-20\">\n<p><strong>Pero, curiosamente, con Lionel Messi la relaci\u00f3n con Francisco hab\u00eda llegado un a\u00f1o antes, en la previa de otro partido<\/strong>. Messi y el plantel de la Selecci\u00f3n Argentina que conduc\u00eda Alejandro Sabella jugaba un amistoso con Italia en homenaje al Papa, a pocos meses de su asunci\u00f3n, y tambi\u00e9n todos los jugadores fueron recibidos en la Sala Clementina del Vaticano el 13 de agosto de 2013 (Leonel, lesionado, no pod\u00eda jugar pero acompa\u00f1aba a la delegaci\u00f3n).<\/p>\n<\/div>\n<div class=\"sc-98b114a2-0 bkqiHH image-embed  image-embed \" id=\"element-body-21\"><picture class=\"sc-98b114a2-1 jRUlDm\"><source media=\"(min-width: 975px)\" width=\"720\" height=\"480\" \/><img alt=\"El Papa recibe de manos del capit\u00e1n de la selecci\u00f3n argentina, Lionel Messi, un olivo de la paz en el marco de torneos futbol\u00edsticos impulsados por el Vaticano.\" loading=\"lazy\" width=\"720\" height=\"480\" decoding=\"async\" data-nimg=\"1\" style=\"color:transparent\" src=\"https:\/\/13.com.ar\/wp-content\/uploads\/2025\/04\/1745234193_410_su-amor-por-San-Lorenzo-los-encuentros-con-Maradona-y.jpg\"\/><span class=\"epigraphe\">El Papa recibe de manos del capit\u00e1n de la selecci\u00f3n argentina, Lionel Messi, un olivo de la paz en el marco de torneos futbol\u00edsticos impulsados por el Vaticano.<\/span><span class=\"picture-open\"><button class=\"open-image\" aria-label=\"Open Image\"\/><\/span><\/picture><\/div>\n<div class=\"sc-80531b6b-0 chRIGJ container-text text-embed\" id=\"element-body-22\">\n<p>Tambi\u00e9n all\u00ed se cumplieron los protocolos y la Selecci\u00f3n le obsequi\u00f3 al flamante papa una bandeja de plata, un \u00f3leo de Pontoni \u2013el \u00eddolo de la infancia de Bergoglio- una camiseta de la Selecci\u00f3n con la firma de todos sus jugadores, un bander\u00edn de la AFA y una revista alusiva al partido. El Papa les dijo a los jugadores: \u201cUstedes son art\u00edfices del entendimiento y de la paz social; son un modelo para la sociedad, para los m\u00e1s chicos sobre todo, un modelo para el bien o para el mal. Es por eso que les pido lealtad, respeto, altruismo y solidaridad\u201d . Y concluy\u00f3: \u201c<em>Pido al Se\u00f1or que los bendiga y a la Virgen Mar\u00eda que los guarde; les pido tambi\u00e9n que oren por m\u00ed para que en la cancha donde me han puesto pueda jugar un partido honesto y con coraje para el bien de todos nosotros\u201d.<\/em><\/p>\n<\/div>\n<div class=\"sc-80531b6b-0 chRIGJ container-text text-embed\" id=\"element-body-23\">\n<p>Antes de marcharse, el Papa salud\u00f3 especialmente a Messi y desde entonces tuvo palabras de reconocimiento con \u00e9l:<em> \u201cUn gran chico, a quien nunca se le subieron los humos a la cabeza\u201d.<\/em> Inclusive en su etapa del Paris Saint Germain, Messi le hizo llegar una camiseta como obsequio. <strong>&#8220;Lionel Messi, querido hermano, te agradezco la camiseta que me mandaste y la dedicaci\u00f3n. Siempre con tu sencillez&#8221;,<\/strong> coment\u00f3 Bergoglio. \u201cQue Dios te bendiga y, cualquier cosa, cuenta conmigo&#8221;.<\/p>\n<\/div>\n<\/div>\n<p><br \/>\n<br \/><a href=\"https:\/\/www.clarin.com\/deportes\/murio-papa-francisco-amor-san-lorenzo-encuentros-maradona-messi-vio-final-qatar-2022_0_b8jBkZ7G7V.html\">Fuente Clarin.com <\/a><\/p>\n","protected":false},"excerpt":{"rendered":"<p>El Papa Francisco, que muri\u00f3 este lunes a las 7.35 de Italia en su residencia de la Casa Santa Marta, tuvo una relaci\u00f3n muy cercana con el f\u00fatbol y fueron m\u00faltiples sus demostraciones de afecto a San Lorenzo, el equipo del que fue hincha durante toda su vida. En distintos reportajes y cuando rememoraba su [&hellip;]<\/p>\n","protected":false},"author":1,"featured_media":18552,"comment_status":"open","ping_status":"open","sticky":false,"template":"","format":"standard","meta":{"footnotes":""},"categories":[2],"tags":[564,18,11839,477,452,28,6269,708,142,1083,286,451,222],"class_list":["post-18551","post","type-post","status-publish","format-standard","has-post-thumbnail","hentry","category-ultimas-noticias","tag-amor","tag-con","tag-encuentros","tag-final","tag-lorenzo","tag-los","tag-maradona","tag-messi","tag-por","tag-qatar","tag-que","tag-san","tag-vio"],"_links":{"self":[{"href":"https:\/\/13.com.ar\/index.php\/wp-json\/wp\/v2\/posts\/18551","targetHints":{"allow":["GET"]}}],"collection":[{"href":"https:\/\/13.com.ar\/index.php\/wp-json\/wp\/v2\/posts"}],"about":[{"href":"https:\/\/13.com.ar\/index.php\/wp-json\/wp\/v2\/types\/post"}],"author":[{"embeddable":true,"href":"https:\/\/13.com.ar\/index.php\/wp-json\/wp\/v2\/users\/1"}],"replies":[{"embeddable":true,"href":"https:\/\/13.com.ar\/index.php\/wp-json\/wp\/v2\/comments?post=18551"}],"version-history":[{"count":0,"href":"https:\/\/13.com.ar\/index.php\/wp-json\/wp\/v2\/posts\/18551\/revisions"}],"wp:featuredmedia":[{"embeddable":true,"href":"https:\/\/13.com.ar\/index.php\/wp-json\/wp\/v2\/media\/18552"}],"wp:attachment":[{"href":"https:\/\/13.com.ar\/index.php\/wp-json\/wp\/v2\/media?parent=18551"}],"wp:term":[{"taxonomy":"category","embeddable":true,"href":"https:\/\/13.com.ar\/index.php\/wp-json\/wp\/v2\/categories?post=18551"},{"taxonomy":"post_tag","embeddable":true,"href":"https:\/\/13.com.ar\/index.php\/wp-json\/wp\/v2\/tags?post=18551"}],"curies":[{"name":"wp","href":"https:\/\/api.w.org\/{rel}","templated":true}]}}