{"id":18542,"date":"2025-04-21T07:40:27","date_gmt":"2025-04-21T10:40:27","guid":{"rendered":"https:\/\/13.com.ar\/index.php\/cronica-intima-de-su-ultima-aparicion-en-una-multitudinaria-despedida-de-semana-santa\/"},"modified":"2025-04-21T07:40:27","modified_gmt":"2025-04-21T10:40:27","slug":"cronica-intima-de-su-ultima-aparicion-en-una-multitudinaria-despedida-de-semana-santa","status":"publish","type":"post","link":"https:\/\/13.com.ar\/index.php\/cronica-intima-de-su-ultima-aparicion-en-una-multitudinaria-despedida-de-semana-santa\/","title":{"rendered":"cr\u00f3nica \u00edntima de su \u00faltima aparici\u00f3n en una multitudinaria despedida de Semana Santa"},"content":{"rendered":"<p> <br \/>\n<br \/><img decoding=\"async\" src=\"https:\/\/13.com.ar\/wp-content\/uploads\/2025\/04\/cronica-intima-de-su-ultima-aparicion-en-una-multitudinaria-despedida.jpg\" \/><\/p>\n<div id=\"element-body-0\">\n<p>El Papa argentino dio su vida a su voluntad de superar la grave enfermedad que padec\u00eda y presentarse a la <strong>multitud ayer en la plaza de San Pedro en un gesto hist\u00f3rico<\/strong> que se ha convertido en un drama. Los m\u00e9dicos le ped\u00edan que evitara salir de la Casa de Santa Marta, en el Vaticano, donde se alojaba. Estaba a\u00fan por cumplir el primer mes de los dos meses de convalecencia que establecieron los m\u00e9dicos.<\/p>\n<\/div>\n<div id=\"element-body-1\">\n<p>Jorge Bergoglio, nacido el 17 de diciembre en Buenos Aires, 266mo. Papa de la Iglesia Cat\u00f3lica, hab\u00eda sido internado el 14 de agosto en el hospital Gemelli con una bronquitis. Dos d\u00edas despu\u00e9s los m\u00e9dicos descubrieron que padec\u00eda una neumon\u00eda bilateral, en los dos pulmones. Francisco luch\u00f3 para salvarse y los m\u00e9dicos y lograron curarlo. El 23 de marzo fue dado de alta, enviado a su casa en el Vaticano.<\/p>\n<\/div>\n<div id=\"element-body-2\">\n<p>La multitud que ayer lo aclam\u00f3 durante todo el tiempo en que apareci\u00f3 en el balc\u00f3n principal de la bas\u00edlica vaticana y despu\u00e9s en su larga<strong> \u201cvuelta ol\u00edmpica\u201d,<\/strong> como la llamaban en broma algunos periodistas, a bordo del papam\u00f3vil, acompa\u00f1ado por su fiel enfermero y asistente sanitario personal Massimiliano Strapetti, que le hac\u00eda masajes en la nuca, en la que lleg\u00f3 hasta la v\u00eda de la Concilliazione, que lleva al r\u00edo T\u00edber, donde el papam\u00f3vil regres\u00f3 a la plaza tras pasar frente a la embajada argentina ante la Santa Sede.<\/p>\n<\/div>\n<div id=\"element-body-3\">\n<p>Todos cre\u00edan que se viv\u00eda una especie de final feliz, de ingreso definitivo en la convalecencia, que en contraste con los masivos ataques de los grupos conservadores y tradicionalistas, <strong>\u201cel Papa ni se muere ni renuncia\u201d<\/strong>. <\/p>\n<\/div>\n<div id=\"element-body-4\">\n<p>Esta ma\u00f1ana temprano, la tragedia. Su<strong> cuerpo no resisti\u00f3 los esfuerzos de ayer <\/strong>y da a su muerte un final que linda en el martirologio. No quiso fallarle a los fieles, el resultado parece excesivo, pero la tragedia era imprevisible porque Jorge Bergoglio segu\u00eda luchando contra una muy grave enfermedad.<\/p>\n<\/div>\n<div id=\"element-body-5\">\n<p>Sobrevinieron de inmediato los preparativos. La confirmaci\u00f3n de su muerte, los preparativos para los cuatro d\u00edas que durar\u00e1n los funerales y la tumulaci\u00f3n del cuerpo no en las subsuelos de la bas\u00edlica de San Pedro, donde yace la mayor\u00eda de los papas muertos, sino en una <strong>capilla que \u00e9l mismo eligi\u00f3 en la bas\u00edlica de Santa Mar\u00eda la Mayor,<\/strong> donde eligi\u00f3 ser sepultado.<\/p>\n<\/div>\n<div id=\"element-body-6\">\n<p>El cardenal irland\u00e9s Kevin Farrell, cardinal camarlengo de la Iglesia, comprob\u00f3 el deceso, y luego hizo el anuncio. \u201cQueridos hermanos y hermanas, con profundo dolor debo anunciar la muerte de nuestro Santo Padre Francisco. <\/p>\n<\/div>\n<div id=\"element-body-7\">\n<p>&#8220;<strong>A las 7:35 de esta ma\u00f1ana, el Obispo de Roma, Francisco, ha vuelto a la casa del Padre<\/strong>. Toda su entera vida ha sido dedicada al servicio del Se\u00f1or y de Su Iglesia. Nos a ense\u00f1ado a vivir los valores del Evangelio con fidelidad, coraje y amor universal, en modo particular en favor de los pobres y marginados\u201d, dijo.<\/p>\n<\/div>\n<div id=\"element-body-8\">\n<div class=\"sc-c2c2a3c6-1 kQhBlc videoText videoText\">\n<h2>Video<\/h2>\n<p>Muri\u00f3 el Papa Francisco, as\u00ed lo anunci\u00f3 el Vaticano<\/p>\n<\/div>\n<\/div>\n<div id=\"element-body-9\">\n<p>\u201cCon inmensa gratitud por su ejemplo de verdadero disc\u00edpulo del Se\u00f1or Jes\u00fas, recomendamos el alma de Papa Francisco al infinito amor misericordioso de Dios Uno y Trino\u201d, agreg\u00f3.<\/p>\n<\/div>\n<p><br \/>\n<br \/><a href=\"https:\/\/www.clarin.com\/mundo\/murio-papa-francisco-cronica-intima-ultima-aparicion-multitudinaria-despedida-semana-santa_0_9p4houAlEC.html\">Fuente Clarin.com <\/a><\/p>\n","protected":false},"excerpt":{"rendered":"<p>El Papa argentino dio su vida a su voluntad de superar la grave enfermedad que padec\u00eda y presentarse a la multitud ayer en la plaza de San Pedro en un gesto hist\u00f3rico que se ha convertido en un drama. Los m\u00e9dicos le ped\u00edan que evitara salir de la Casa de Santa Marta, en el Vaticano, [&hellip;]<\/p>\n","protected":false},"author":1,"featured_media":18543,"comment_status":"open","ping_status":"open","sticky":false,"template":"","format":"standard","meta":{"footnotes":""},"categories":[2],"tags":[5707,2002,4665,5501,10825,4311,982,1859,73],"class_list":["post-18542","post","type-post","status-publish","format-standard","has-post-thumbnail","hentry","category-ultimas-noticias","tag-aparicion","tag-cronica","tag-despedida","tag-intima","tag-multitudinaria","tag-santa","tag-semana","tag-ultima","tag-una"],"_links":{"self":[{"href":"https:\/\/13.com.ar\/index.php\/wp-json\/wp\/v2\/posts\/18542","targetHints":{"allow":["GET"]}}],"collection":[{"href":"https:\/\/13.com.ar\/index.php\/wp-json\/wp\/v2\/posts"}],"about":[{"href":"https:\/\/13.com.ar\/index.php\/wp-json\/wp\/v2\/types\/post"}],"author":[{"embeddable":true,"href":"https:\/\/13.com.ar\/index.php\/wp-json\/wp\/v2\/users\/1"}],"replies":[{"embeddable":true,"href":"https:\/\/13.com.ar\/index.php\/wp-json\/wp\/v2\/comments?post=18542"}],"version-history":[{"count":0,"href":"https:\/\/13.com.ar\/index.php\/wp-json\/wp\/v2\/posts\/18542\/revisions"}],"wp:featuredmedia":[{"embeddable":true,"href":"https:\/\/13.com.ar\/index.php\/wp-json\/wp\/v2\/media\/18543"}],"wp:attachment":[{"href":"https:\/\/13.com.ar\/index.php\/wp-json\/wp\/v2\/media?parent=18542"}],"wp:term":[{"taxonomy":"category","embeddable":true,"href":"https:\/\/13.com.ar\/index.php\/wp-json\/wp\/v2\/categories?post=18542"},{"taxonomy":"post_tag","embeddable":true,"href":"https:\/\/13.com.ar\/index.php\/wp-json\/wp\/v2\/tags?post=18542"}],"curies":[{"name":"wp","href":"https:\/\/api.w.org\/{rel}","templated":true}]}}