{"id":18540,"date":"2025-04-21T07:37:39","date_gmt":"2025-04-21T10:37:39","guid":{"rendered":"https:\/\/13.com.ar\/index.php\/desde-la-sede-vacante-al-conclave-como-es-el-paso-a-paso-del-protocolo-tras-el-fallecimiento-de-jorge-bergoglio\/"},"modified":"2025-04-21T07:37:39","modified_gmt":"2025-04-21T10:37:39","slug":"desde-la-sede-vacante-al-conclave-como-es-el-paso-a-paso-del-protocolo-tras-el-fallecimiento-de-jorge-bergoglio","status":"publish","type":"post","link":"https:\/\/13.com.ar\/index.php\/desde-la-sede-vacante-al-conclave-como-es-el-paso-a-paso-del-protocolo-tras-el-fallecimiento-de-jorge-bergoglio\/","title":{"rendered":"desde la \u201csede vacante\u201d al c\u00f3nclave, c\u00f3mo es el paso a paso del protocolo tras el fallecimiento de Jorge Bergoglio"},"content":{"rendered":"<p> <br \/>\n<\/p>\n<div id=\"cuerpo\">\n<div class=\"sc-80531b6b-0 chRIGJ container-text text-embed\" id=\"element-body-0\">\n<p>La sorpresiva muerte del <strong>papa Francisco<\/strong>, este lunes a los 88 a\u00f1os de edad, da inicio a un largo y regulado proceso para que la Iglesia elija a un sucesor, cuyos plazos ser\u00e1n acordados y depender\u00e1n del consenso entre los cardenales.<\/p>\n<\/div>\n<div class=\"sc-80531b6b-0 chRIGJ container-text text-embed\" id=\"element-body-1\">\n<p>As\u00ed es el paso a paso tras el fallecimiento de Jorge Bergoglio:<\/p>\n<\/div>\n<div class=\"sc-80531b6b-0 chRIGJ container-text text-embed\" id=\"element-body-2\">\n<p>1) <strong>ANUNCIO DE LA MUERTE<\/strong>: el cardenal Kevin Joseph Farrell verific\u00f3 y oficializ\u00f3 esta ma\u00f1ana la muerte del pont\u00edfice argentino, tal y como le corresponde por su cargo de camarlengo.<\/p>\n<\/div>\n<div class=\"sc-80531b6b-0 chRIGJ container-text text-embed\" id=\"element-body-3\">\n<p>2<strong>) ANUNCIO AL MUNDO<\/strong>: tras confirmar el deceso, el purpurado debe anunciarlo al mundo. El Vaticano ya lo ha hecho mediante un comunicado y un video. Las campanas de la bas\u00edlica deber\u00e1n tocar como parte del anuncio.<\/p>\n<\/div>\n<div class=\"sc-80531b6b-0 chRIGJ container-text text-embed\" id=\"element-body-4\">\n<p><strong>3) SEDE VACANTE<\/strong>: se abre de este modo el periodo conocido como &#8220;sede vacante&#8221;, sin un pont\u00edfice reinante, mientras la Iglesia ser\u00e1 regida provisionalmente por el camarlengo estadounidense.<\/p>\n<\/div>\n<div class=\"sc-98b114a2-0 bkqiHH image-embed  image-embed \" id=\"element-body-5\"><picture class=\"sc-98b114a2-1 jRUlDm\"><source media=\"(min-width: 975px)\" width=\"720\" height=\"480\" \/><img alt=\" Las campanas de la Bas\u00edlica de San Pedro deben repicar como parte del anuncio del fallecimiento del Papa. \" loading=\"lazy\" width=\"720\" height=\"480\" decoding=\"async\" data-nimg=\"1\" style=\"color:transparent\" src=\"https:\/\/13.com.ar\/wp-content\/uploads\/2025\/04\/desde-la-sede-vacante-al-conclave-como-es-el-paso.jpg\"\/><span class=\"epigraphe\"> Las campanas de la Bas\u00edlica de San Pedro deben repicar como parte del anuncio del fallecimiento del Papa. <\/span><span class=\"picture-open\"><button class=\"open-image\" aria-label=\"Open Image\"\/><\/span><\/picture><\/div>\n<div class=\"sc-80531b6b-0 chRIGJ container-text text-embed\" id=\"element-body-6\">\n<p><strong>4) PLAZOS POR DECIDIR:<\/strong> su duraci\u00f3n es impredecible porque depender\u00e1 de los tiempos elegidos para su organizaci\u00f3n y de lo r\u00e1pido que los cardenales hallen un sucesor en el futuro c\u00f3nclave.<\/p>\n<\/div>\n<div class=\"sc-80531b6b-0 chRIGJ container-text text-embed\" id=\"element-body-7\">\n<p>En estos momentos, el decano de los cardenales, Giovanni Battista Re, est\u00e1 l<strong>lamando a Roma a los cardenales de todo el mundo <\/strong>para que conformen las &#8220;congregaciones&#8221;, que decidir\u00e1n los tiempos de este protocolo as\u00ed como la fecha del funeral.<\/p>\n<\/div>\n<div class=\"sc-80531b6b-0 chRIGJ container-text text-embed\" id=\"element-body-8\">\n<p><strong>5) FIN DEL PONTIFICADO DE BERGOGLIO<\/strong>: lo primero ser\u00e1 enterrar al papa fallecido. Mientras, se sella su apartamento -en la residencia Casa Santa Marta y no en el Palacio Apost\u00f3lico por elecci\u00f3n suya- y se destruye su Anillo del Pescador, s\u00edmbolo del poder pontificio.<\/p>\n<\/div>\n<div class=\"sc-80531b6b-0 chRIGJ container-text text-embed\" id=\"element-body-9\">\n<p><strong>6) NUEVE D\u00cdAS:<\/strong> despu\u00e9s, la Iglesia entra en el periodo de los &#8216;Novendiales&#8217;, nueve d\u00edas de luto en el que el cuerpo del papa es mostrado a los fieles. Despu\u00e9s, se celebra su funeral, generalmente en la plaza de San Pedro. El Vaticano tambi\u00e9n deber\u00e1 aclarar su modalidad.<\/p>\n<\/div>\n<div class=\"sc-98b114a2-0 bkqiHH image-embed  image-embed \" id=\"element-body-10\"><picture class=\"sc-98b114a2-1 jRUlDm\"><source media=\"(min-width: 975px)\" width=\"720\" height=\"480\" \/><img alt=\"Por pedido propio, Francisco ser\u00e1 enterrado en una cripta de la bas\u00edlica romana de Santa Mar\u00eda La Mayor. \" loading=\"lazy\" width=\"720\" height=\"480\" decoding=\"async\" data-nimg=\"1\" style=\"color:transparent\" src=\"https:\/\/13.com.ar\/wp-content\/uploads\/2025\/04\/1745231859_318_desde-la-sede-vacante-al-conclave-como-es-el-paso.jpg\"\/><span class=\"epigraphe\">Por pedido propio, Francisco ser\u00e1 enterrado en una cripta de la bas\u00edlica romana de Santa Mar\u00eda La Mayor. <\/span><span class=\"picture-open\"><button class=\"open-image\" aria-label=\"Open Image\"\/><\/span><\/picture><\/div>\n<div class=\"sc-80531b6b-0 chRIGJ container-text text-embed\" id=\"element-body-11\">\n<p><strong>7) RITO SIMPLIFICADO: <\/strong>el a\u00f1o pasado Francisco decidi\u00f3 simplificar los ritos funerarios y, entre las novedades, decret\u00f3 que su cuerpo no fuera velado en su habitaci\u00f3n sino en la capilla y que no fuera expuesto en la bas\u00edlica sobre un catafalco en la bas\u00edlica de San Pedro, sino dentro de un ata\u00fad abierto.<\/p>\n<\/div>\n<div class=\"sc-80531b6b-0 chRIGJ container-text text-embed\" id=\"element-body-12\">\n<p><strong>8) ENTIERRO:<\/strong> Francisco ha decidido que sea sepultado en una <strong>cripta de la bas\u00edlica romana de Santa Mar\u00eda La Mayor.<\/strong> En vida fue muy devoto de su icono mariano &#8216;Salus Populi Romani&#8217;. Todav\u00eda no hay fecha para ello.<\/p>\n<\/div>\n<div class=\"sc-80531b6b-0 chRIGJ container-text text-embed\" id=\"element-body-13\">\n<p><strong>9) HACIA EL C\u00d3NCLAVE:<\/strong> acabos los ritos funerarios, es el momento del c\u00f3nclave, el rito con el que los cardenales menores de 80 a\u00f1os se encierran en la Capilla Sixtina para elegir un sucesor. La ley vaticana estipula que deber\u00e1 celebrarse en el plazo de 20 d\u00edas.<\/p>\n<\/div>\n<div class=\"sc-80531b6b-0 chRIGJ container-text text-embed\" id=\"element-body-14\">\n<p><strong>10) ACUERDO:<\/strong> la duraci\u00f3n del c\u00f3nclave es impredecible debido a que depende del acuerdo entre los cardenales para elegir un nuevo papa. Una vez elegido un sucesor, la iglesia anunciar\u00e1 al mundo la noticia con la famosa <strong>&#8216;fumata blanca&#8217;<\/strong>, el humo blanco que saldr\u00e1 de la chimenea de la Capilla Sixtina.<\/p>\n<\/div>\n<p><h2>C\u00f3mo es el c\u00f3nclave, paso a paso<\/h2>\n<\/p>\n<div class=\"sc-80531b6b-0 chRIGJ container-text text-embed\" id=\"element-body-16\">\n<p>La muerte de Francisco deja a la iglesia en &#8220;sede vacante&#8221;, un per\u00edodo excepcional que concluir\u00e1 con la celebraci\u00f3n de un antiguo y ceremonioso ritual para buscar un sucesor: el <strong>c\u00f3nclave.<\/strong><\/p>\n<\/div>\n<div class=\"sc-80531b6b-0 chRIGJ container-text text-embed\" id=\"element-body-17\">\n<p>Del lat\u00edn <strong>&#8220;cum clave&#8221; (<\/strong>bajo llave), se trata de una reuni\u00f3n en la que los cardenales menores de 80 a\u00f1os se re\u00fanen en la Capilla Sixtina, a puerta estrictamente cerrada, para elegir un sucesor al difunto, y no volver\u00e1n a la &#8220;libertad&#8221; hasta completar su misi\u00f3n.<\/p>\n<\/div>\n<div class=\"sc-80531b6b-0 chRIGJ container-text text-embed\" id=\"element-body-18\">\n<p>La &#8220;sede vacante&#8221; sigue un ritual claramente estipulado en el que &#8220;nada se ha de innovar&#8221;, seg\u00fan obliga el Derecho Can\u00f3nico. Estas son las claves de una ceremonia centenaria y herm\u00e9tica:<\/p>\n<\/div>\n<div class=\"sc-80531b6b-0 chRIGJ container-text text-embed\" id=\"element-body-19\">\n<p><strong>1) A ROMA:<\/strong> tras la muerte del papa, la Santa Sede queda en manos del camarlengo, actualmente el estadounidense Kevin Farrell. Lo primero ser\u00e1 convocar a Roma a todos los purpurados para las exequias y para organizar la sucesi\u00f3n.<\/p>\n<\/div>\n<div class=\"sc-80531b6b-0 chRIGJ container-text text-embed\" id=\"element-body-20\">\n<p><strong>2) PREPARATIVOS:<\/strong> los cardenales deber\u00e1n consensuar la fecha del c\u00f3nclave, que se celebrar\u00e1 antes del vig\u00e9simo d\u00eda de la proclamaci\u00f3n de la &#8220;sede vacante&#8221;.<\/p>\n<\/div>\n<div class=\"sc-80531b6b-0 chRIGJ container-text text-embed\" id=\"element-body-21\">\n<p><strong>3) AISLAMIENTO:<\/strong> el c\u00f3nclave se celebra con los cardenales encerrados para animar al acuerdo y evitar interferencias. Esta pr\u00e1ctica surgi\u00f3 en el 1270, cuando los habitantes de Viterbo, entonces sede pontificia, hartos de a\u00f1os de indecisi\u00f3n, encerraron a los &#8216;pr\u00edncipes de la iglesia&#8217; hasta elegir sucesor. Funcion\u00f3 y el designado fue Gregorio X.<\/p>\n<\/div>\n<div class=\"sc-80531b6b-0 chRIGJ container-text text-embed\" id=\"element-body-22\">\n<p>As\u00ed, en la fecha elegida, s<strong>e encerrar\u00e1n en la Capilla Sixtina<\/strong> para debatir el nombre del futuro papa, aunque solo podr\u00e1n votar o ser elegidos los menores de 80 a\u00f1os.<\/p>\n<\/div>\n<div class=\"sc-98b114a2-0 bkqiHH image-embed  image-embed \" id=\"element-body-23\"><picture class=\"sc-98b114a2-1 jRUlDm\"><source media=\"(min-width: 975px)\" width=\"720\" height=\"480\" \/><img alt=\"Los cardenales de todo el mundo se reunir\u00e1n en la Capilla Sixtina. \" loading=\"lazy\" width=\"720\" height=\"480\" decoding=\"async\" data-nimg=\"1\" style=\"color:transparent\" src=\"https:\/\/13.com.ar\/wp-content\/uploads\/2025\/04\/1745231859_153_desde-la-sede-vacante-al-conclave-como-es-el-paso.jpg\"\/><span class=\"epigraphe\">Los cardenales de todo el mundo se reunir\u00e1n en la Capilla Sixtina. <\/span><span class=\"picture-open\"><button class=\"open-image\" aria-label=\"Open Image\"\/><\/span><\/picture><\/div>\n<div class=\"sc-80531b6b-0 chRIGJ container-text text-embed\" id=\"element-body-24\">\n<p>Esta jornada hist\u00f3rica comenzar\u00e1 con la misa <strong>&#8216;Pro eligendo papa&#8217;<\/strong> en la bas\u00edlica de San Pedro y despu\u00e9s los electores procesionar\u00e1n hasta la Sixtina cantando el &#8220;Veni creator&#8221;.<\/p>\n<\/div>\n<div class=\"sc-80531b6b-0 chRIGJ container-text text-embed\" id=\"element-body-25\">\n<p>Una vez dentro, ante el Juicio Final de Miguel \u00c1ngel, jurar\u00e1n y luego el maestro ceremoniero echar\u00e1 a los ajenos proclamando &#8220;Extra omnes&#8221; (fuera todos) y cerrar\u00e1 sus puertas para garantizar la m\u00e1s absoluta privacidad (se usan incluso inhibidores de frecuencia).<\/p>\n<\/div>\n<div class=\"sc-80531b6b-0 chRIGJ container-text text-embed\" id=\"element-body-26\">\n<p><strong>4) CARDENALES ELECTORES<\/strong>: actualmente los electores son 138 (a fecha de febrero de 2025). La mayor\u00eda de Europa (54), seguidos por los asi\u00e1ticos (24), los sudamericanos (18), norteamericanos (16), africanos (18), centroamericanos (4) y de Ocean\u00eda (4). Francisco descentraliz\u00f3 la iglesia con diez consistorios en los que cre\u00f3 purpurados &#8220;de las periferias&#8221;.<\/p>\n<\/div>\n<div class=\"sc-80531b6b-0 chRIGJ container-text text-embed\" id=\"element-body-27\">\n<p><strong>5) EL MODO DE VOTACI\u00d3N:<\/strong> abolidos los modos de aclamaci\u00f3n y por compromiso, la elecci\u00f3n se har\u00e1 por escrutinio secreto. Para que sea v\u00e1lida la elecci\u00f3n del Romano Pont\u00edfice se requieren dos tercios de los votos.<\/p>\n<\/div>\n<div class=\"sc-80531b6b-0 chRIGJ container-text text-embed\" id=\"element-body-28\">\n<p>El primer d\u00eda de encierro se realizar\u00e1 una sola votaci\u00f3n y en los d\u00edas posteriores, en caso de fracasar, dos por la ma\u00f1ana y dos por la tarde.<\/p>\n<\/div>\n<div class=\"sc-80531b6b-0 chRIGJ container-text text-embed\" id=\"element-body-29\">\n<p><strong>6) LAS PAPELETAS<\/strong>: el &#8216;scrutinium&#8217; contar\u00e1 con tres cardenales encargados de escrutar el proceso y tres de revisarlo. Las papeletas ser\u00e1n rectangulares y en ellas se lee &#8220;Eligo in Summum Pontificem&#8221;, mientras que en la parte inferior habr\u00e1 un espacio para escribir el nombre del elegido.<\/p>\n<\/div>\n<div class=\"sc-80531b6b-0 chRIGJ container-text text-embed\" id=\"element-body-30\">\n<p>Luego, cada purpurado llevar\u00e1 su papeleta hasta la urna y, ante los escrutadores, pronunciar\u00e1 \u00e9l juramento: &#8220;Pongo por testigo a Cristo Se\u00f1or, el cual me juzgar\u00e1, de que doy mi voto a quien en presencia de Dios, creo que debe ser elegido&#8221;. Despu\u00e9s colocar\u00e1 la papeleta en un plato y con \u00e9ste la deslizar\u00e1 en la urna.<\/p>\n<\/div>\n<div class=\"sc-80531b6b-0 chRIGJ container-text text-embed\" id=\"element-body-31\">\n<p><strong>7) RECUENTO:<\/strong> una vez que todos han votado se procede al recuento. Los escrutadores leer\u00e1n en alto cada papeleta mientras otro toma nota y un tercero las perfora con una agua e hilo, uni\u00e9ndolas en ristra.<\/p>\n<\/div>\n<div class=\"sc-80531b6b-0 chRIGJ container-text text-embed\" id=\"element-body-32\">\n<p><strong>8) LAS FUMATAS<\/strong>: tras cada votaci\u00f3n, se quemar\u00e1n los votos en una estufa instalada para la ocasi\u00f3n en la Capilla Sixtina. El color del humo que salga por la chimenea anunciar\u00e1 al exterior el resultado: si es blanco, significar\u00e1 que se ha alcanzado un acuerdo. Si es negro, el c\u00f3nclave deber\u00e1 seguir. En el pasado se usaba le\u00f1a o paja para intensificar el humo y evitar confusiones, pero ahora se emplean qu\u00edmicos.<\/p>\n<\/div>\n<div class=\"sc-98b114a2-0 bkqiHH image-embed  image-embed \" id=\"element-body-33\"><picture class=\"sc-98b114a2-1 jRUlDm\"><source media=\"(min-width: 975px)\" width=\"720\" height=\"480\" \/><img alt=\"El color del humo de la chimenea de la Capilla Sixtina indicar\u00e1 cuando haya nuevo Papa. \" loading=\"lazy\" width=\"720\" height=\"480\" decoding=\"async\" data-nimg=\"1\" style=\"color:transparent\" src=\"https:\/\/13.com.ar\/wp-content\/uploads\/2025\/04\/1745231859_886_desde-la-sede-vacante-al-conclave-como-es-el-paso.jpg\"\/><span class=\"epigraphe\">El color del humo de la chimenea de la Capilla Sixtina indicar\u00e1 cuando haya nuevo Papa. <\/span><span class=\"picture-open\"><button class=\"open-image\" aria-label=\"Open Image\"\/><\/span><\/picture><\/div>\n<div class=\"sc-80531b6b-0 chRIGJ container-text text-embed\" id=\"element-body-34\">\n<p><strong>9) \u00bfACEPTAS?<\/strong>: una vez un cardenal se imponga al resto, el decano, Giovanni Battista Re (en febrero de 2025), preguntar\u00e1 al elegido: &#8220;\u00bfAceptas tu elecci\u00f3n can\u00f3nica para Sumo Pont\u00edfice?&#8221;. De asentir, le preguntar\u00e1 c\u00f3mo quiere ser llamado.<\/p>\n<\/div>\n<div class=\"sc-80531b6b-0 chRIGJ container-text text-embed\" id=\"element-body-35\">\n<p><strong>10) HABEMUS PAPAM:<\/strong> el nuevo papa soberano es llevado enseguida a la sacrist\u00eda de la Capilla Sixtina, conocida como la &#8216;sala de las l\u00e1grimas&#8217;, donde habr\u00e1n preparados tres trajes pontificios de varios tama\u00f1os (dado que es imposible saber de antemano qui\u00e9n ser\u00e1 el elegido).<\/p>\n<\/div>\n<div class=\"sc-80531b6b-0 chRIGJ container-text text-embed\" id=\"element-body-36\">\n<p>El \u00faltimo paso ser\u00e1 anunciar la elecci\u00f3n al mundo: &#8220;Habemus Papam&#8221; (tenemos papa) es la f\u00f3rmula que el protodi\u00e1cono exclamar\u00e1 desde el balc\u00f3n de la bas\u00edlica vaticana. El nuevo pont\u00edfice se presentar\u00e1 entonces al mundo e impartir\u00e1 su primera bendici\u00f3n <strong>&#8216;Urbi et orbi&#8217;.<\/strong><\/p>\n<\/div>\n<\/div>\n<p><br \/>\n<br \/><a href=\"https:\/\/www.clarin.com\/mundo\/murio-papa-francisco-sede-vacante-conclave-paso-paso-protocolo-fallecimiento-jorge-bergoglio_0_5wCV3giwEk.html\">Fuente Clarin.com <\/a><\/p>\n","protected":false},"excerpt":{"rendered":"<p>La sorpresiva muerte del papa Francisco, este lunes a los 88 a\u00f1os de edad, da inicio a un largo y regulado proceso para que la Iglesia elija a un sucesor, cuyos plazos ser\u00e1n acordados y depender\u00e1n del consenso entre los cardenales. As\u00ed es el paso a paso tras el fallecimiento de Jorge Bergoglio: 1) ANUNCIO [&hellip;]<\/p>\n","protected":false},"author":1,"featured_media":18541,"comment_status":"open","ping_status":"open","sticky":false,"template":"","format":"standard","meta":{"footnotes":""},"categories":[2],"tags":[15371,66,1477,100,2184,13592,876,158,4549,9605,312,14459],"class_list":["post-18540","post","type-post","status-publish","format-standard","has-post-thumbnail","hentry","category-ultimas-noticias","tag-bergoglio","tag-como","tag-conclave","tag-del","tag-desde","tag-fallecimiento","tag-jorge","tag-paso","tag-protocolo","tag-sede","tag-tras","tag-vacante"],"_links":{"self":[{"href":"https:\/\/13.com.ar\/index.php\/wp-json\/wp\/v2\/posts\/18540","targetHints":{"allow":["GET"]}}],"collection":[{"href":"https:\/\/13.com.ar\/index.php\/wp-json\/wp\/v2\/posts"}],"about":[{"href":"https:\/\/13.com.ar\/index.php\/wp-json\/wp\/v2\/types\/post"}],"author":[{"embeddable":true,"href":"https:\/\/13.com.ar\/index.php\/wp-json\/wp\/v2\/users\/1"}],"replies":[{"embeddable":true,"href":"https:\/\/13.com.ar\/index.php\/wp-json\/wp\/v2\/comments?post=18540"}],"version-history":[{"count":0,"href":"https:\/\/13.com.ar\/index.php\/wp-json\/wp\/v2\/posts\/18540\/revisions"}],"wp:featuredmedia":[{"embeddable":true,"href":"https:\/\/13.com.ar\/index.php\/wp-json\/wp\/v2\/media\/18541"}],"wp:attachment":[{"href":"https:\/\/13.com.ar\/index.php\/wp-json\/wp\/v2\/media?parent=18540"}],"wp:term":[{"taxonomy":"category","embeddable":true,"href":"https:\/\/13.com.ar\/index.php\/wp-json\/wp\/v2\/categories?post=18540"},{"taxonomy":"post_tag","embeddable":true,"href":"https:\/\/13.com.ar\/index.php\/wp-json\/wp\/v2\/tags?post=18540"}],"curies":[{"name":"wp","href":"https:\/\/api.w.org\/{rel}","templated":true}]}}