{"id":1833,"date":"2025-02-04T12:51:45","date_gmt":"2025-02-04T15:51:45","guid":{"rendered":"https:\/\/13.com.ar\/index.php\/por-los-incendios-se-suspendio-la-exposicion-rural-de-bariloche\/"},"modified":"2025-02-04T12:51:45","modified_gmt":"2025-02-04T15:51:45","slug":"por-los-incendios-se-suspendio-la-exposicion-rural-de-bariloche","status":"publish","type":"post","link":"https:\/\/13.com.ar\/index.php\/por-los-incendios-se-suspendio-la-exposicion-rural-de-bariloche\/","title":{"rendered":"Por los incendios, se suspendi\u00f3 la exposici\u00f3n Rural de Bariloche"},"content":{"rendered":"<p> <br \/>\n<br \/><img decoding=\"async\" src=\"https:\/\/13.com.ar\/wp-content\/uploads\/2025\/02\/Por-los-incendios-se-suspendio-la-exposicion-Rural-de-Bariloche.jpg\" \/><\/p>\n<div>\n<p>Debido a los incendios que afectan a amplias zonas de Neuqu\u00e9n, R\u00edo Negro y Chubut, la Sociedad Rural de Bariloche decidi\u00f3 cancelar la exposici\u00f3n Rural que estaba <strong>prevista del 14 al 16 de febrero.<\/strong><\/p>\n<\/div>\n<div>\n<p>&#8220;Esta determinaci\u00f3n no ha sido f\u00e1cil, especialmente a tan pocos d\u00edas del evento, pero consideramos que <strong>no podemos permanecer ajenos a la dif\u00edcil situaci\u00f3n <\/strong>que atraviesan quienes han perdido todo a causa de los incendios que afectan a nuestra regi\u00f3n&#8221;, afirmaron desde la entidad.<\/p>\n<\/div>\n<div>\n<p>Se estima que en los alrededores de Bariloche <strong>ya son unas 20.000 las hect\u00e1reas consumidas por el fuego<\/strong>. El primer incendio se inici\u00f3 a mediados de diciembre en el sur del Parque Nacional Nahuel Huapi, y el m\u00e1s reciente es el que est\u00e1 activo en la localidad del El Bols\u00f3n.<\/p>\n<\/div>\n<div>\n<p>&#8220;La Expo Rural es un espacio tradicional en el que la gente del campo se re\u00fane en la ciudad para celebrar y compartir la actividad rural. Sin embargo, en este momento, entendemos que no hay lugar para celebraciones. Hoy m\u00e1s que nunca<strong> es tiempo de solidaridad, de unir esfuerzos y de trabajar juntos<\/strong> para apoyar a los productores rurales y a todos los vecinos que han sido golpeados por esta tragedia. Sabemos que los desaf\u00edos que enfrentaremos en los pr\u00f3ximos meses ser\u00e1n grandes, y como instituci\u00f3n, estamos comprometidos a acompa\u00f1ar y contribuir en la reconstrucci\u00f3n y recuperaci\u00f3n&#8221;, indicaron desde la Rural barilochense.<\/p>\n<\/div>\n<div>\n<p>Luego reclamaron: &#8220;Que la Justicia act\u00fae con celeridad para investigar, detener, juzgar y condenar a los responsables de estos actos terroristas que han causado tanto dolor y destrucci\u00f3n en nuestra comunidad&#8221;.<\/p>\n<\/div>\n<p><br \/>\n<br \/><a href=\"https:\/\/www.clarin.com\/rural\/incendios-suspendio-exposicion-rural-bariloche_0_b8VSyy4AuW.html\">Fuente Clarin.com <\/a><\/p>\n","protected":false},"excerpt":{"rendered":"<p>Debido a los incendios que afectan a amplias zonas de Neuqu\u00e9n, R\u00edo Negro y Chubut, la Sociedad Rural de Bariloche decidi\u00f3 cancelar la exposici\u00f3n Rural que estaba prevista del 14 al 16 de febrero. &#8220;Esta determinaci\u00f3n no ha sido f\u00e1cil, especialmente a tan pocos d\u00edas del evento, pero consideramos que no podemos permanecer ajenos a [&hellip;]<\/p>\n","protected":false},"author":1,"featured_media":1834,"comment_status":"open","ping_status":"open","sticky":false,"template":"","format":"standard","meta":{"footnotes":""},"categories":[2],"tags":[1097,3579,2422,28,142,3580,3578],"class_list":["post-1833","post","type-post","status-publish","format-standard","has-post-thumbnail","hentry","category-ultimas-noticias","tag-bariloche","tag-exposicion","tag-incendios","tag-los","tag-por","tag-rural","tag-suspendio"],"_links":{"self":[{"href":"https:\/\/13.com.ar\/index.php\/wp-json\/wp\/v2\/posts\/1833","targetHints":{"allow":["GET"]}}],"collection":[{"href":"https:\/\/13.com.ar\/index.php\/wp-json\/wp\/v2\/posts"}],"about":[{"href":"https:\/\/13.com.ar\/index.php\/wp-json\/wp\/v2\/types\/post"}],"author":[{"embeddable":true,"href":"https:\/\/13.com.ar\/index.php\/wp-json\/wp\/v2\/users\/1"}],"replies":[{"embeddable":true,"href":"https:\/\/13.com.ar\/index.php\/wp-json\/wp\/v2\/comments?post=1833"}],"version-history":[{"count":0,"href":"https:\/\/13.com.ar\/index.php\/wp-json\/wp\/v2\/posts\/1833\/revisions"}],"wp:featuredmedia":[{"embeddable":true,"href":"https:\/\/13.com.ar\/index.php\/wp-json\/wp\/v2\/media\/1834"}],"wp:attachment":[{"href":"https:\/\/13.com.ar\/index.php\/wp-json\/wp\/v2\/media?parent=1833"}],"wp:term":[{"taxonomy":"category","embeddable":true,"href":"https:\/\/13.com.ar\/index.php\/wp-json\/wp\/v2\/categories?post=1833"},{"taxonomy":"post_tag","embeddable":true,"href":"https:\/\/13.com.ar\/index.php\/wp-json\/wp\/v2\/tags?post=1833"}],"curies":[{"name":"wp","href":"https:\/\/api.w.org\/{rel}","templated":true}]}}