{"id":1829,"date":"2025-02-04T12:44:38","date_gmt":"2025-02-04T15:44:38","guid":{"rendered":"https:\/\/13.com.ar\/index.php\/tiroteo-en-una-escuela-de-suecia-hay-cinco-heridos\/"},"modified":"2025-02-04T12:44:38","modified_gmt":"2025-02-04T15:44:38","slug":"tiroteo-en-una-escuela-de-suecia-hay-cinco-heridos","status":"publish","type":"post","link":"https:\/\/13.com.ar\/index.php\/tiroteo-en-una-escuela-de-suecia-hay-cinco-heridos\/","title":{"rendered":"Tiroteo en una escuela de Suecia: hay cinco heridos"},"content":{"rendered":"<p> <br \/>\n<br \/><img decoding=\"async\" src=\"https:\/\/13.com.ar\/wp-content\/uploads\/2025\/02\/Tiroteo-en-una-escuela-de-Suecia-hay-cinco-heridos.jpg\" \/><\/p>\n<div>\n<p>Cinco personas resultaron heridas este martes en un <strong>tiroteo dentro de una escuela<\/strong> de la ciudad de Orebro, en el centro de <strong>Suecia.<\/strong> La Polic\u00eda despleg\u00f3 un operativo y pidi\u00f3 a la gente <strong>que se mantenga alejada de la zona<\/strong>.<\/p>\n<\/div>\n<div>\n<p>En un comunicado de las fuerzas de seguridad, se conoci\u00f3 que &#8220;hubo un tiroteo en la escuela. Cuatro personas recibieron disparos. El alcance de las lesiones no est\u00e1 claro. La operaci\u00f3n est\u00e1 en curso&#8221;. Minutos despu\u00e9s, se confirm\u00f3 un quinto herido. <\/p>\n<\/div>\n<div>\n<p>Adem\u00e1s, los estudiantes de las escuelas cercanas y de la escuela en cuesti\u00f3n fueron confinados por las autoridades <strong>&#8220;por razones de seguridad&#8221;<\/strong>.<\/p>\n<\/div>\n<div>\n<p>&#8220;<strong>Escuch\u00e9 disparos, as\u00ed que me atrincher\u00e9 y estoy esperando noticias<\/strong>. Hemos activado una alarma en la aplicaci\u00f3n de seguridad y me estoy comunicando con mis colegas&#8221;, declar\u00f3 Petter Kraftling, maestro de una de las escuelas involucradas en el hecho.<\/p>\n<\/div>\n<div>\n<p>El ministro de Justicia Gunnar Strommer asegur\u00f3 que <strong>&#8220;el gobierno est\u00e1 en estrecho contacto con la polic\u00eda y est\u00e1 siguiendo de cerca los acontecimientos&#8221;<\/strong>. Por otra parte, el tiroteo est\u00e1 siendo investigado como un &#8220;intento de asesinato, incendio premeditado y delito agravado de armas&#8221;<\/p>\n<\/div>\n<div>\n<p>En los \u00faltimos a\u00f1os se han producido varios incidentes graves en escuelas. En marzo de 2022, un estudiante de 18 a\u00f1os mat\u00f3 a pu\u00f1aladas a dos profesores en una escuela secundaria en la ciudad de Malmo, en el sur. Dos meses antes, un joven de 16 a\u00f1os fue arrestado despu\u00e9s de herir a otro estudiante y a un maestro con un cuchillo en una escuela en la peque\u00f1a ciudad de Kristianstad.<\/p>\n<\/div>\n<p><br \/>\n<br \/><a href=\"https:\/\/www.clarin.com\/mundo\/tiroteo-escuela-suecia-heridos_0_bJkYV56Kcd.html\">Fuente Clarin.com <\/a><\/p>\n","protected":false},"excerpt":{"rendered":"<p>Cinco personas resultaron heridas este martes en un tiroteo dentro de una escuela de la ciudad de Orebro, en el centro de Suecia. La Polic\u00eda despleg\u00f3 un operativo y pidi\u00f3 a la gente que se mantenga alejada de la zona. En un comunicado de las fuerzas de seguridad, se conoci\u00f3 que &#8220;hubo un tiroteo en [&hellip;]<\/p>\n","protected":false},"author":1,"featured_media":1830,"comment_status":"open","ping_status":"open","sticky":false,"template":"","format":"standard","meta":{"footnotes":""},"categories":[2],"tags":[567,692,942,568,3573,3572,73],"class_list":["post-1829","post","type-post","status-publish","format-standard","has-post-thumbnail","hentry","category-ultimas-noticias","tag-cinco","tag-escuela","tag-hay","tag-heridos","tag-suecia","tag-tiroteo","tag-una"],"_links":{"self":[{"href":"https:\/\/13.com.ar\/index.php\/wp-json\/wp\/v2\/posts\/1829","targetHints":{"allow":["GET"]}}],"collection":[{"href":"https:\/\/13.com.ar\/index.php\/wp-json\/wp\/v2\/posts"}],"about":[{"href":"https:\/\/13.com.ar\/index.php\/wp-json\/wp\/v2\/types\/post"}],"author":[{"embeddable":true,"href":"https:\/\/13.com.ar\/index.php\/wp-json\/wp\/v2\/users\/1"}],"replies":[{"embeddable":true,"href":"https:\/\/13.com.ar\/index.php\/wp-json\/wp\/v2\/comments?post=1829"}],"version-history":[{"count":0,"href":"https:\/\/13.com.ar\/index.php\/wp-json\/wp\/v2\/posts\/1829\/revisions"}],"wp:featuredmedia":[{"embeddable":true,"href":"https:\/\/13.com.ar\/index.php\/wp-json\/wp\/v2\/media\/1830"}],"wp:attachment":[{"href":"https:\/\/13.com.ar\/index.php\/wp-json\/wp\/v2\/media?parent=1829"}],"wp:term":[{"taxonomy":"category","embeddable":true,"href":"https:\/\/13.com.ar\/index.php\/wp-json\/wp\/v2\/categories?post=1829"},{"taxonomy":"post_tag","embeddable":true,"href":"https:\/\/13.com.ar\/index.php\/wp-json\/wp\/v2\/tags?post=1829"}],"curies":[{"name":"wp","href":"https:\/\/api.w.org\/{rel}","templated":true}]}}