{"id":1827,"date":"2025-02-04T12:41:43","date_gmt":"2025-02-04T15:41:43","guid":{"rendered":"https:\/\/13.com.ar\/index.php\/la-polemica-explicacion-del-juez-tras-el-golpe-de-bergs-a-garin-y-la-burla-de-un-ex-numero-1-al-tenista-trasandino\/"},"modified":"2025-02-04T12:41:43","modified_gmt":"2025-02-04T15:41:43","slug":"la-polemica-explicacion-del-juez-tras-el-golpe-de-bergs-a-garin-y-la-burla-de-un-ex-numero-1-al-tenista-trasandino","status":"publish","type":"post","link":"https:\/\/13.com.ar\/index.php\/la-polemica-explicacion-del-juez-tras-el-golpe-de-bergs-a-garin-y-la-burla-de-un-ex-numero-1-al-tenista-trasandino\/","title":{"rendered":"la pol\u00e9mica explicaci\u00f3n del juez tras el golpe de Bergs a Gar\u00edn, y la burla de un ex n\u00famero 1 al tenista trasandino"},"content":{"rendered":"<p> <br \/>\n<\/p>\n<div id=\"cuerpo\">\n<div class=\"sc-80531b6b-0 chRIGJ container-text text-embed\">\n<p>El pol\u00e9mico final de la serie de <strong>Qualifiers <\/strong>de la <strong>Copa Davis<\/strong> entre <strong>B\u00e9lgica <\/strong>y <strong>Chile<\/strong>, que los europeos ganaron por 3 a 1 tras la derrota en el cuarto punto de <strong>Cristian Gar\u00edn<\/strong> como consecuencia de una sanci\u00f3n al negarse a reanudar el partido tras un choque con <strong>Zizou Bergs<\/strong>, sigue en boca de todos. Y mientras el equipo capitaneado por <strong>Nicol\u00e1s Mass\u00fa<\/strong> espera una respuesta al reclamo que present\u00f3 ante la <strong>ITF<\/strong>, <strong>Carlos Ramos<\/strong>, el umpire del encuentro, explic\u00f3 c\u00f3mo se tomaron las decisiones que desencadenaron el ins\u00f3lito final. <\/p>\n<\/div>\n<div class=\"sc-80531b6b-0 chRIGJ container-text text-embed\">\n<p>\u00bfQu\u00e9 pas\u00f3 en el duelo entre Gar\u00edn y Bergs? Con el marcador igualado en un set por lado, el belga consigui\u00f3 un quiebre en el 11\u00b0 game del tercero y qued\u00f3 6-5 arriba, con chance de sellar la victoria -y la serie- con su saque. Y sali\u00f3 corriendo hacia su banco, mientras festejaba, con tanta efusi\u00f3n que no pudo frenarse al llegar a la red, y se llev\u00f3 por delante sin querer a su rival, golpe\u00e1ndolo con el hombro en el p\u00f3mulo y el ojo derecho y en el hombro. El chileno cay\u00f3 al suelo tom\u00e1ndose el rostro, pero enseguida se levant\u00f3 y fue atendido por el m\u00e9dico de su equipo. <\/p>\n<\/div>\n<div class=\"sc-80531b6b-0 chRIGJ container-text text-embed\">\n<p>Gar\u00edn y Mass\u00fa pidieron entonces la<strong> descalificaci\u00f3n del local<\/strong>, pero las autoridades del partido solo advirtieron al belga por conducta antideportiva. Ramos indic\u00f3 que deb\u00eda reanudarse el partido. Pero Cristian se neg\u00f3 a volver a la cancha. Chile recibi\u00f3 tres infracciones de tiempo consecutivas, como se explic\u00f3 en la cuenta de Twitter de la competencia, lo que se tradujo en una penalidad de un game perdido, que sentenci\u00f3 el triunfo de Bergs.<\/p>\n<\/div>\n<div class=\"sc-80531b6b-0 chRIGJ container-text text-embed\">\n<p>&#8220;Lo que yo vi, como umpire del partido, fue que el choque hab\u00eda sido un accidente muy desafortunado causado por un jugador sin ninguna intenci\u00f3n. <em>No creo que haya habido intenci\u00f3n de Bergs de golpear a Gar\u00edn<\/em>. Nada de lo que hab\u00eda pasado durante el partido me hizo pensar que no fue un accidente&#8221;, afirm\u00f3 Ramos en una at\u00edpica conferencia de prensa cuando le consultaron por qu\u00e9 decidi\u00f3 no descalificar al belga, como ped\u00edan los chilenos.<\/p>\n<\/div>\n<div class=\"sc-80531b6b-0 chRIGJ container-text text-embed\">\n<p>Y luego detall\u00f3 por qu\u00e9 orden\u00f3 que el encuentro se reanudara. <\/p>\n<\/div>\n<div class=\"sc-80531b6b-0 chRIGJ container-text text-embed\">\n<p>&#8220;Cuando hay un accidente, el siguiente paso es asistir al jugador, que es lo que hicimos. Inmediatamente le ped\u00ed al m\u00e9dico chileno que entrara a atender a Cristian. Luego hab\u00eda que determinar si Cristian estaba lastimado o no y si estaba en condiciones de seguir jugando. Esa decisi\u00f3n es una decisi\u00f3n m\u00e9dica, que yo no puedo tomar. Las reglas son bien claras: ese tipo de decisiones no las toman los oficiales de la serie, si no un m\u00e9dico neutral. Entonces en ese momento, <strong>el m\u00e9dico neutral entr\u00f3 a la cancha<\/strong> y dijo que Cristian Gar\u00edn estaba en condiciones de seguir jugando&#8221;, coment\u00f3 el juez portugu\u00e9s.<\/p>\n<\/div>\n<div class=\"sc-80531b6b-0 chRIGJ container-text text-embed\">\n<p>&#8220;Habl\u00e9 con Cristian y con Nicol\u00e1s Mass\u00fa y les comuniqu\u00e9 mi decisi\u00f3n de que el partido iba a continuar. Trat\u00e9 de darles la mayor cantidad de tiempo posible para que ellos se recuperaran de la situaci\u00f3n y reanudaran el partido. Desafortunadamente, Cristian decidi\u00f3 no seguir jugando&#8221;, cerr\u00f3. <\/p>\n<\/div>\n<div class=\"sc-80531b6b-0 chRIGJ container-text text-embed\">\n<p>En charla con el medio chileno<em> La Tercera<\/em>, <strong>Sergio El\u00edas<\/strong>, presidente de la <strong>Federaci\u00f3n de Tenis de Chile<\/strong>, revel\u00f3 un intercambio que tuvo con Ramos tras el pol\u00e9mico cierre. <\/p>\n<\/div>\n<div class=\"sc-80531b6b-0 chRIGJ container-text text-embed\">\n<p>&#8220;Habl\u00e9 con el \u00e1rbitro y le hice ver que \u00e9l hab\u00eda tomado una decisi\u00f3n err\u00f3nea. Me dijo que \u00e9l cre\u00eda que esa era la decisi\u00f3n que hab\u00eda que tomar. Le dije<em> &#8216;\u00bfPor qu\u00e9? Si has descalificado a jugadores como Djokovic, a la misma Serena Williams, en estas mismas situaciones? A Djokovic por un pelotazo involuntario lo descalificaste&#8217;<\/em>. Y me contest\u00f3 <em>&#8216;Yo tom\u00e9 una decisi\u00f3n, que puede ser err\u00f3nea o no, pero es mi decisi\u00f3n<\/em>&#8220;, afirm\u00f3. <\/p>\n<\/div>\n<div class=\"sc-198be8ec-0 cynXbu image-embed  image-embed \"><picture class=\"sc-198be8ec-1 kOjRiQ\"><source media=\"(min-width: 975px)\" width=\"720\" height=\"480\" \/><img alt=\"Gar\u00edn discuti\u00f3 con Ramos y se neg\u00f3 a volver a volver a la cancha. Foto EFE\/EPA\/OLIVIER MATTHYS\" loading=\"lazy\" width=\"720\" height=\"480\" decoding=\"async\" data-nimg=\"1\" style=\"color:transparent\" src=\"https:\/\/13.com.ar\/wp-content\/uploads\/2025\/02\/la-polemica-explicacion-del-juez-tras-el-golpe-de-Bergs.jpg\"\/><span class=\"epigraphe\">Gar\u00edn discuti\u00f3 con Ramos y se neg\u00f3 a volver a volver a la cancha. Foto EFE\/EPA\/OLIVIER MATTHYS<\/span><span class=\"bkg\"\/><span class=\"picture-open\"><button class=\"open-image\" aria-label=\"Open Image\"\/><\/span><\/picture><\/div>\n<div class=\"sc-80531b6b-0 chRIGJ container-text text-embed\">\n<p>&#8220;Yo le comuniqu\u00e9 que iba a hacer el reclamo correspondiente porque \u00e9l no hab\u00eda aplicado la regla. Y me respondi\u00f3: &#8216;S\u00ed, el partido ten\u00eda que terminar&#8221;, continu\u00f3 El\u00edas, que escribi\u00f3 una carta a <strong>David Haggerty<\/strong>, presidente de la ITF, con varias exigencias.<\/p>\n<\/div>\n<div class=\"sc-80531b6b-0 chRIGJ container-text text-embed\">\n<p>En el texto que env\u00edo al dirigente estadounidense, El\u00edas afirm\u00f3 que el choque con Bergs le provoc\u00f3 a Gar\u00edn &#8220;hinchaz\u00f3n en el ojo, problemas de visi\u00f3n, n\u00e1useas y un fuerte dolor de cabeza&#8221;, afirm\u00f3 que Ramos &#8220;no aplic\u00f3 la sanci\u00f3n correspondiente&#8221; y se\u00f1al\u00f3 que el m\u00e9dico neutral de la ITF &#8220;<strong>tard\u00f3 apenas un minuto en evaluar a Gar\u00edn <\/strong>antes de determinar que estaba en condiciones de seguir jugando, lo que constituye un grave descuido m\u00e9dico, dada la gravedad del impacto sufrido por el jugador chileno&#8221;.<\/p>\n<\/div>\n<div class=\"sc-80531b6b-0 chRIGJ container-text text-embed\">\n<p>La federaci\u00f3n chilena solicit\u00f3 que se le de el partido por ganado a Gar\u00edn (lo que igualar\u00eda la serie 2-2), que se dispute el quinto punto y que &#8220;se tomen medidas compensatorias para Chile, como una entrada autom\u00e1tica como wild card a las Finales de la Copa Davis, en reconocimiento de la desventaja sufrida debido a la falta de aplicaci\u00f3n de las reglas por parte de la ITF&#8221;. <\/p>\n<\/div>\n<p><h2>La burla de Roddick<\/h2>\n<\/p>\n<div class=\"sc-80531b6b-0 chRIGJ container-text text-embed\">\n<p>Lo que se vivi\u00f3 en el estadio <em>Sporthal Alverberg<\/em> de Hasselt gener\u00f3 opiniones encontradas en el mundo del tenis. Hubo fan\u00e1ticos y jugadores que se pusieron del lado del Chile y calificaron de vergonzoso el cierre de la serie. Pero tambi\u00e9n hubo muchos que sostuvieron que el choque de Bergs fue accidental y que Gar\u00edn deber\u00eda haber vuelto a la cancha. <\/p>\n<\/div>\n<div class=\"sc-106e49c0-0 dcVumd freeHtml-embed undefined\">\n<blockquote class=\"twitter-tweet\">\n<p lang=\"en\" dir=\"ltr\">Then Garin refused to play wants Bergs defaulted is beyond nuts \ud83e\udd5c and gets basically defaulted himself ,  never seen anything like this before, was 1000% celebration accident that\u2019s it<\/p>\n<p>\u2014 Brad Gilbert (@bgtennisnation) <a rel=\"nofollow\" target=\"_blank\" href=\"https:\/\/twitter.com\/bgtennisnation\/status\/1886433477391987128?ref_src=twsrc%5Etfw\">February 3, 2025<\/a><\/p><\/blockquote>\n<\/div>\n<div class=\"sc-80531b6b-0 chRIGJ container-text text-embed\">\n<p>En ese segundo grupo estuvo <strong>Andy Roddick<\/strong>, que compar\u00f3 lo que ocurrido con un enfrentamiento de lucha libre. En la cuenta de <strong>Instagram <\/strong>de su podcast <strong><em>Served<\/em><\/strong>, el ex n\u00famero 1 estadounidense comparti\u00f3 una foto de Gar\u00edn tirado en el suelo con la leyenda &#8220;Im\u00e1genes exclusivas&#8221;. Y sigui\u00f3 con un video de un duelo de la <strong>WWE <\/strong>(<em>World Wrestling Entertainment<\/em>), en el que uno de los luchadores termina desplomado luego de una secuencia de golpes &#8220;actuados&#8221;, t\u00edpicos de ese tipo de entretenimiento, lo que pareci\u00f3 decir que para \u00e9l, el chileno exager\u00f3 la gravedad del impacto con el belga. <\/p>\n<\/div>\n<div class=\"sc-80531b6b-0 chRIGJ container-text text-embed\">\n<p>Una lectura similar hizo <strong>Brad Gilbert<\/strong>, que tuvo una destacada carrera como entrenador de varias figuras, como <strong>Andre Agassi<\/strong>, el propio Roddick y el escoc\u00e9s <strong>Andy Murray<\/strong>.<\/p>\n<\/div>\n<div class=\"sc-80531b6b-0 chRIGJ container-text text-embed\">\n<p>&#8220;Garin se neg\u00f3 a jugar, quiere que Bergs se declare inactivo, es m\u00e1s que una locura. Y b\u00e1sicamente se descalifica \u00e9l mismo, nunca hab\u00eda visto algo as\u00ed antes, fue un accidente de celebraci\u00f3n al mil por ciento. Eso es todo&#8221;, escribi\u00f3 en <strong>Twitter<\/strong>.<\/p>\n<\/div>\n<div class=\"sc-106e49c0-0 dcVumd freeHtml-embed undefined\">\n<blockquote class=\"twitter-tweet\">\n<p lang=\"en\" dir=\"ltr\">Nope- you can\u2019t just barge into people like that- you always look where the other player is when you cross between the net and the umpires chair.<\/p>\n<p>\u2014 Martina Navratilova (@Martina) <a rel=\"nofollow\" target=\"_blank\" href=\"https:\/\/twitter.com\/Martina\/status\/1886553201476096106?ref_src=twsrc%5Etfw\">February 3, 2025<\/a><\/p><\/blockquote>\n<\/div>\n<div class=\"sc-80531b6b-0 chRIGJ container-text text-embed\">\n<p>Del otro lado se pararon muchos jugadores sudamericanos, como <strong>Federico Coria<\/strong> y el boliviano <strong>Hugo Dellien<\/strong>. Y tambi\u00e9n una leyenda del tenis femenino. Porque Martina Navratilova no dud\u00f3: &#8220;Lo siento, eso deber\u00eda ser una opci\u00f3n predeterminada. Fuera de control&#8221;.<\/p>\n<\/div>\n<div class=\"sc-80531b6b-0 chRIGJ container-text text-embed\">\n<p> Y cuando un fan\u00e1tico le se\u00f1al\u00f3 que el choque hab\u00eda sido involuntario y que Gar\u00edn pod\u00eda volver a jugar, la ganadora de 18 Grand Slams objet\u00f3: &#8220;No, no pod\u00e9s atropellar a la gente de esa manera; siempre mir\u00e1s hacia d\u00f3nde est\u00e1 el otro jugador cuando cruz\u00e1s entre la red y la silla del \u00e1rbitro&#8221;. <\/p>\n<\/div>\n<\/div>\n<p><script async src=\"\/\/platform.twitter.com\/widgets.js\" charset=\"utf-8\"><\/script><br \/>\n<br \/><br \/>\n<br \/><a href=\"https:\/\/www.clarin.com\/deportes\/escandalo-chile-copa-davis-polemica-explicacion-juez-golpe-bergs-garin-burla-ex-numero-1-tenista-trasandino_0_LJ5YKIxcGx.html\">Fuente Clarin.com <\/a><\/p>\n","protected":false},"excerpt":{"rendered":"<p>El pol\u00e9mico final de la serie de Qualifiers de la Copa Davis entre B\u00e9lgica y Chile, que los europeos ganaron por 3 a 1 tras la derrota en el cuarto punto de Cristian Gar\u00edn como consecuencia de una sanci\u00f3n al negarse a reanudar el partido tras un choque con Zizou Bergs, sigue en boca de [&hellip;]<\/p>\n","protected":false},"author":1,"featured_media":1828,"comment_status":"open","ping_status":"open","sticky":false,"template":"","format":"standard","meta":{"footnotes":""},"categories":[2],"tags":[3048,1884,100,3569,3046,3103,1252,3570,814,1980,312,3571],"class_list":["post-1827","post","type-post","status-publish","format-standard","has-post-thumbnail","hentry","category-ultimas-noticias","tag-bergs","tag-burla","tag-del","tag-explicacion","tag-garin","tag-golpe","tag-juez","tag-numero","tag-polemica","tag-tenista","tag-tras","tag-trasandino"],"_links":{"self":[{"href":"https:\/\/13.com.ar\/index.php\/wp-json\/wp\/v2\/posts\/1827","targetHints":{"allow":["GET"]}}],"collection":[{"href":"https:\/\/13.com.ar\/index.php\/wp-json\/wp\/v2\/posts"}],"about":[{"href":"https:\/\/13.com.ar\/index.php\/wp-json\/wp\/v2\/types\/post"}],"author":[{"embeddable":true,"href":"https:\/\/13.com.ar\/index.php\/wp-json\/wp\/v2\/users\/1"}],"replies":[{"embeddable":true,"href":"https:\/\/13.com.ar\/index.php\/wp-json\/wp\/v2\/comments?post=1827"}],"version-history":[{"count":0,"href":"https:\/\/13.com.ar\/index.php\/wp-json\/wp\/v2\/posts\/1827\/revisions"}],"wp:featuredmedia":[{"embeddable":true,"href":"https:\/\/13.com.ar\/index.php\/wp-json\/wp\/v2\/media\/1828"}],"wp:attachment":[{"href":"https:\/\/13.com.ar\/index.php\/wp-json\/wp\/v2\/media?parent=1827"}],"wp:term":[{"taxonomy":"category","embeddable":true,"href":"https:\/\/13.com.ar\/index.php\/wp-json\/wp\/v2\/categories?post=1827"},{"taxonomy":"post_tag","embeddable":true,"href":"https:\/\/13.com.ar\/index.php\/wp-json\/wp\/v2\/tags?post=1827"}],"curies":[{"name":"wp","href":"https:\/\/api.w.org\/{rel}","templated":true}]}}