{"id":1810,"date":"2025-02-04T11:58:08","date_gmt":"2025-02-04T14:58:08","guid":{"rendered":"https:\/\/13.com.ar\/index.php\/estas-son-las-fechas-de-cobro-para-febrero-2025\/"},"modified":"2025-02-04T11:58:08","modified_gmt":"2025-02-04T14:58:08","slug":"estas-son-las-fechas-de-cobro-para-febrero-2025","status":"publish","type":"post","link":"https:\/\/13.com.ar\/index.php\/estas-son-las-fechas-de-cobro-para-febrero-2025\/","title":{"rendered":"estas son las fechas de cobro para febrero 2025"},"content":{"rendered":"<p> <br \/>\n<br \/><img decoding=\"async\" src=\"https:\/\/13.com.ar\/wp-content\/uploads\/2025\/02\/estas-son-las-fechas-de-cobro-para-febrero-2025.jpg\" \/><\/p>\n<div>\n<p>Como ocurre desde hace varios a\u00f1os, la <strong>Administraci\u00f3n Nacional de la Seguridad Social (ANSeS)<\/strong> organiza el <strong>calendario de pago mensual<\/strong> en base al \u00faltimo n\u00famero del DNI de los beneficiarios de jubilaciones, pensiones u otras asignaciones familiares. As\u00ed, los que tienen el cero son los primeros en cobrar y los que terminan en nueve, los \u00faltimos. <strong>Las fechas de cobro para febrero 2025<\/strong>.<\/p>\n<\/div>\n<div>\n<p>Para el segundo mes del a\u00f1o, los pagos del organismo que pertenece a la estructura del Ministerio de Capital Humano comenzar\u00e1n a partir del lunes 10 y se repartir\u00e1n a partir del \u00faltimo n\u00famero del DNI, con prioridad de pago para los montos menores, comenzando con las PNC, las Asignaciones Familiares de PNC, y seguido por la AUH, la <strong>Asignaci\u00f3n Universal por Embarazo (AUE)<\/strong> y la Asignaci\u00f3n Prenatal, entre otros.<\/p>\n<\/div>\n<div>\n<p>En todas las prestaciones del ente dirigido por <strong>Mariano de los Heros<\/strong>, habr\u00e1 un aumento del 2,7% en base a la inflaci\u00f3n que se conoci\u00f3 en diciembre del <strong>\u00cdndice de Precios al Consumidor (IPC) <\/strong>que elabora el<strong> <\/strong>Instituto Nacional de Estad\u00edsticas y Censos (INDEC). Adem\u00e1s, el Gobierno confirm\u00f3 el bono de hasta 70 mil pesos que viene otorgando a jubilados y pensionados desde marzo de este a\u00f1o, sin incremento, y no se anunci\u00f3 ning\u00fan importe extraordinario para las asignaciones familiares.<\/p>\n<\/div>\n<div>\n<p>Con este ajuste, la jubilaci\u00f3n m\u00ednima quedar\u00e1 en $273.086,50, mientras que el m\u00e1ximo escalar\u00e1 a $1.837.613,63. En tanto, la AUH se ir\u00e1 a $98.128, mientras que el importe para quienes residan en los distritos de la Zona 1 del pa\u00eds alcanzar\u00e1 los $127.567. Estos mismos montos regir\u00e1n para la asignaci\u00f3n por embarazo para protecci\u00f3n social. Por su parte, para los titulares de asignaciones para protecci\u00f3n social, el monto destinado para quienes tienen Hijos con Discapacidad se elevar\u00e1 a $319.525 y $415.383 para los residentes en la Zona 1. El calendario de cobros completo.<\/p>\n<\/div>\n<p><br \/>\n<br \/><a href=\"https:\/\/www.clarin.com\/informacion-general\/anses-fechas-cobro-febrero-2025_0_0zPZawnlFT.html\">Fuente Clarin.com <\/a><\/p>\n","protected":false},"excerpt":{"rendered":"<p>Como ocurre desde hace varios a\u00f1os, la Administraci\u00f3n Nacional de la Seguridad Social (ANSeS) organiza el calendario de pago mensual en base al \u00faltimo n\u00famero del DNI de los beneficiarios de jubilaciones, pensiones u otras asignaciones familiares. As\u00ed, los que tienen el cero son los primeros en cobrar y los que terminan en nueve, los [&hellip;]<\/p>\n","protected":false},"author":1,"featured_media":1811,"comment_status":"open","ping_status":"open","sticky":false,"template":"","format":"standard","meta":{"footnotes":""},"categories":[2],"tags":[1554,1886,1823,2014,48,16,406],"class_list":["post-1810","post","type-post","status-publish","format-standard","has-post-thumbnail","hentry","category-ultimas-noticias","tag-cobro","tag-estas","tag-febrero","tag-fechas","tag-las","tag-para","tag-son"],"_links":{"self":[{"href":"https:\/\/13.com.ar\/index.php\/wp-json\/wp\/v2\/posts\/1810","targetHints":{"allow":["GET"]}}],"collection":[{"href":"https:\/\/13.com.ar\/index.php\/wp-json\/wp\/v2\/posts"}],"about":[{"href":"https:\/\/13.com.ar\/index.php\/wp-json\/wp\/v2\/types\/post"}],"author":[{"embeddable":true,"href":"https:\/\/13.com.ar\/index.php\/wp-json\/wp\/v2\/users\/1"}],"replies":[{"embeddable":true,"href":"https:\/\/13.com.ar\/index.php\/wp-json\/wp\/v2\/comments?post=1810"}],"version-history":[{"count":0,"href":"https:\/\/13.com.ar\/index.php\/wp-json\/wp\/v2\/posts\/1810\/revisions"}],"wp:featuredmedia":[{"embeddable":true,"href":"https:\/\/13.com.ar\/index.php\/wp-json\/wp\/v2\/media\/1811"}],"wp:attachment":[{"href":"https:\/\/13.com.ar\/index.php\/wp-json\/wp\/v2\/media?parent=1810"}],"wp:term":[{"taxonomy":"category","embeddable":true,"href":"https:\/\/13.com.ar\/index.php\/wp-json\/wp\/v2\/categories?post=1810"},{"taxonomy":"post_tag","embeddable":true,"href":"https:\/\/13.com.ar\/index.php\/wp-json\/wp\/v2\/tags?post=1810"}],"curies":[{"name":"wp","href":"https:\/\/api.w.org\/{rel}","templated":true}]}}