{"id":1804,"date":"2025-02-04T11:48:38","date_gmt":"2025-02-04T14:48:38","guid":{"rendered":"https:\/\/13.com.ar\/index.php\/gabriel-puma-goity-gano-el-premio-estrella-de-mar-de-oro-por-cyrano\/"},"modified":"2025-02-04T11:48:38","modified_gmt":"2025-02-04T14:48:38","slug":"gabriel-puma-goity-gano-el-premio-estrella-de-mar-de-oro-por-cyrano","status":"publish","type":"post","link":"https:\/\/13.com.ar\/index.php\/gabriel-puma-goity-gano-el-premio-estrella-de-mar-de-oro-por-cyrano\/","title":{"rendered":"Gabriel &#8220;Puma&#8221; Goity gan\u00f3 el Premio Estrella de Mar de Oro por Cyrano"},"content":{"rendered":"<p> <br \/>\n<\/p>\n<div id=\"cuerpo\">\n<div class=\"sc-80531b6b-0 chRIGJ container-text text-embed\">\n<p>Este lunes 3 de febrero se entregaron los <strong>Premios Estrella de Mar 2025<\/strong>, la tradicional gala que reconoce a los mejores espect\u00e1culos de la temporada en la ciudad. Con la presentaci\u00f3n de apertura de<strong> Florencia Pe\u00f1a<\/strong>, este a\u00f1o se celebr\u00f3 el 50\u00b0 aniversario del  galard\u00f3n, cuya primera entrega fue en el verano de 1975. La ceremonia fue en el Gran Hotel Provincial y estuvo conducida por Sebasti\u00e1n Pardo y Brenda Caretto.<\/p>\n<\/div>\n<div class=\"sc-80531b6b-0 chRIGJ container-text text-embed\">\n<p>Luego de una noche en la que el musical Mamma M\u00eda!, Cyrano y <strong>Brujas<\/strong> fueron las obras m\u00e1s premiadas, el premio Estrella de Mar de oro fue para <strong>Gabriel &#8220;El Puma&#8221; Goity<\/strong> por su trabajo en el cl\u00e1sico teatral de 1897, que escribi\u00f3 el franc\u00e9s Edmond Rostand..<\/p>\n<\/div>\n<div class=\"sc-4306f4f9-0 bAPCpp\">\n<div class=\"inner-card-m\">\n<div class=\"related-content\">\n<p><span class=\"body-title\">Mir\u00e1 tambi\u00e9n<\/span><\/p>\n<h3>La entrega de los Premios Estrella de Mar 2025, en fotos<\/h3>\n<source media=\"(min-width: 975px)\" width=\"340\" height=\"340\" \/><img alt=\"La entrega de los Premios Estrella de Mar 2025, en fotos\" loading=\"lazy\" width=\"340\" height=\"340\" decoding=\"async\" data-nimg=\"1\" style=\"color:transparent\" src=\"https:\/\/13.com.ar\/wp-content\/uploads\/2025\/02\/Gabriel-Puma-Goity-gano-el-Premio-Estrella-de-Mar-de.jpg\"\/><\/div>\n<\/div>\n<\/div>\n<div class=\"sc-80531b6b-0 chRIGJ container-text text-embed\">\n<p>Goity se sorprendi\u00f3 (o actu\u00f3 muy bien la sorpresa) cuando los conductores de la gala dieron su nombre al final de la noche. Emocionado, record\u00f3 sus comienzos, destac\u00f3 a Mar del Plata como un lugar \u00fanico de por su producci\u00f3n cultural y finaliz\u00f3 su discurso con un pedido por la educaci\u00f3n p\u00fablica. \u201cBueno, voy a cantar un tema que dice&#8230;\u201d, brome\u00f3, al subirse al escenario mientras sus colegas lo aplaud\u00edan de pie. \u201cNo lo puedo creer. La primera vez que yo vine a Mar del Plata fue el &#8217;84 y pas\u00e9 la gorra en la Peatonal Rivadavia. Que les puedo decir-.. con el mismo orgullo\u201d, repiti\u00f3 con la voz quebrada.<\/p>\n<\/div>\n<div class=\"sc-80531b6b-0 chRIGJ container-text text-embed\">\n<p>&#8220;El Puma&#8221;, que en entrevistas anteriores antes hab\u00eda asegurado que &#8220;si sos actor no te puede no gustar venir a Mar del Plata&#8221;, continu\u00f3 recordando: \u201cVinimos con nuestros compa\u00f1eros del conservatorio y pas\u00e1bamos la gorra, as\u00ed que imag\u00ednense como queremos a esta ciudad\u201d.<\/p>\n<\/div>\n<div class=\"sc-80531b6b-0 chRIGJ container-text text-embed\">\n<p>Tambi\u00e9n agradeci\u00f3 al jurado y a sus compa\u00f1eros de la pieza teatral. \u201cSe lo quiero dedicar a mi abuelo Modesto, que por culpa de \u00e9l estoy ac\u00e1. Quiero decirles que Mar del Plata no tiene que ser de temporada, tiene que ser todo el a\u00f1o. Basta de temporada. \u00a1Mar del Plata, todo el a\u00f1o!\u201d, expres\u00f3. <\/p>\n<\/div>\n<div class=\"sc-80531b6b-0 chRIGJ container-text text-embed\">\n<p>\u201cTodo el a\u00f1o tiene que estar el mejor teatro ac\u00e1. Teatro independiente, teatro comercial&#8230; \u00a1teatro! Con los mejores restaurantes, la mejor gastronom\u00eda y la mejor gente para que la opci\u00f3n sea ac\u00e1. \u00a1Todo el a\u00f1o, basta de temporada! \u00a1Aguante, Mar del Plata!\u201d, exclam\u00f3, para cerrar su discurso con un \u201caguante la educaci\u00f3n p\u00fablica\u201d.<\/p>\n<\/div>\n<div class=\"sc-198be8ec-0 cynXbu image-embed  image-embed \"><picture class=\"sc-198be8ec-1 kOjRiQ\"><source media=\"(min-width: 975px)\" width=\"720\" height=\"480\" \/><img alt=\"El Puma Goity, emocionado y agradecido, con el Oro en los premios Estrella de Mar. Foto: Diego Izquierdo\" loading=\"lazy\" width=\"720\" height=\"480\" decoding=\"async\" data-nimg=\"1\" style=\"color:transparent\" src=\"https:\/\/13.com.ar\/wp-content\/uploads\/2025\/02\/1738680518_769_Gabriel-Puma-Goity-gano-el-Premio-Estrella-de-Mar-de.jpg\"\/><span class=\"epigraphe\">El Puma Goity, emocionado y agradecido, con el Oro en los premios Estrella de Mar. Foto: Diego Izquierdo<\/span><span class=\"bkg\"\/><span class=\"picture-open\"><button class=\"open-image\" aria-label=\"Open Image\"\/><\/span><\/picture><\/div>\n<p><h2>Todos los ganadores de los Estrella de Mar<\/h2>\n<\/p>\n<div class=\"sc-80531b6b-0 chRIGJ container-text text-embed\">\n<p><strong>Actriz marplatense<\/strong>: Sandra Maddonni, por <em>Vidas paralelas.<\/em><\/p>\n<\/div>\n<div class=\"sc-80531b6b-0 chRIGJ container-text text-embed\">\n<p><strong>Actor marplatense<\/strong>: Marcelo Go\u00f1i, por <em>Mundomasliah<\/em>.<\/p>\n<\/div>\n<div class=\"sc-80531b6b-0 chRIGJ container-text text-embed\">\n<p><strong>Direcci\u00f3n marplatense<\/strong>: Leo Rizzi, por <em>La Vargas, un musical sobre Chavela<\/em> y <em>Lo nuestro es puro teatro<\/em>.<\/p>\n<\/div>\n<div class=\"sc-80531b6b-0 chRIGJ container-text text-embed\">\n<p><strong>Teatro marplatense<\/strong>: <em>Valanaveva<\/em>.<\/p>\n<\/div>\n<div class=\"sc-198be8ec-0 cynXbu image-embed  image-embed \"><picture class=\"sc-198be8ec-1 kOjRiQ\"><source media=\"(min-width: 975px)\" width=\"720\" height=\"480\" \/><img alt=\"Florencia Pe\u00f1a present\u00f3 la gala de los Estrella de Mar y se llev\u00f3 varios premios, entre ellos el de mejor actriz de teatro musical. Foto: Diego Izquierdo\" loading=\"lazy\" width=\"720\" height=\"480\" decoding=\"async\" data-nimg=\"1\" style=\"color:transparent\" src=\"https:\/\/13.com.ar\/wp-content\/uploads\/2025\/02\/1738680518_147_Gabriel-Puma-Goity-gano-el-Premio-Estrella-de-Mar-de.jpg\"\/><span class=\"epigraphe\">Florencia Pe\u00f1a present\u00f3 la gala de los Estrella de Mar y se llev\u00f3 varios premios, entre ellos el de mejor actriz de teatro musical. Foto: Diego Izquierdo<\/span><span class=\"bkg\"\/><span class=\"picture-open\"><button class=\"open-image\" aria-label=\"Open Image\"\/><\/span><\/picture><\/div>\n<div class=\"sc-80531b6b-0 chRIGJ container-text text-embed\">\n<p><strong>Producci\u00f3n teatral marplatense<\/strong>: Pet\u00f3n Producciones &#8211;<em> La Scaloneta del humor<\/em>, <em>Bicampeones de la risa IA<\/em>,<em> Conectando almas<\/em>, <em>Retroman\u00eda el Music Hall<\/em>, <em>Brillante cuesti\u00f3n de humor<\/em>, <em>Humor y brillos<\/em>, <em>Felices los 4<\/em>, <em>El show del mago sin dientes<\/em>, <em>Hay que darle el gusto a mam\u00e1<\/em>,<em> El pr\u00edncipe Azul: Derek 2<\/em> y<em> Un zapato busca mi princesa<\/em>. Pet\u00f3n Producciones en coproducci\u00f3n con Carlos Granero \u2013 <em>No hay plata&#8230; Hay humor<\/em>.<\/p>\n<\/div>\n<div class=\"sc-80531b6b-0 chRIGJ container-text text-embed\">\n<p><strong>Escenograf\u00eda<\/strong>: Willy Landin y Pilar Camps, por <em>Cyrano<\/em>.<\/p>\n<\/div>\n<div class=\"sc-80531b6b-0 chRIGJ container-text text-embed\">\n<p><strong>Iluminaci\u00f3n<\/strong>: Mat\u00edas Send\u00f3n, por <em>Caer (y levantarse)<\/em>.<\/p>\n<\/div>\n<div class=\"sc-80531b6b-0 chRIGJ container-text text-embed\">\n<p><strong>Vestuario<\/strong>: Willy Landin, por <em>Cyrano<\/em>.<\/p>\n<\/div>\n<div class=\"sc-80531b6b-0 chRIGJ container-text text-embed\">\n<p><strong>Infantil<\/strong>: <em>Ota Teatro para beb\u00e9s 2<\/em>.<\/p>\n<\/div>\n<div class=\"sc-80531b6b-0 chRIGJ container-text text-embed\">\n<p><strong>Coreograf\u00eda<\/strong>: Raquel Garbi, por <em>Eternamente Queen<\/em>.<\/p>\n<\/div>\n<div class=\"sc-80531b6b-0 chRIGJ container-text text-embed\">\n<p><strong>Danza<\/strong>: <em>La ruta de Piazzolla<\/em>.<\/p>\n<\/div>\n<div class=\"sc-80531b6b-0 chRIGJ container-text text-embed\">\n<p><strong>Comedia<\/strong>: <em>Tom, Dick y Harry<\/em>.<\/p>\n<\/div>\n<div class=\"sc-80531b6b-0 chRIGJ container-text text-embed\">\n<p><strong>Comedia dram\u00e1tica<\/strong>:<em> Brujas<\/em>.<\/p>\n<\/div>\n<div class=\"sc-80531b6b-0 chRIGJ container-text text-embed\">\n<p><strong>Humor<\/strong>: <em>Sean de termos y mabeles, Tarico on the Rotemberg<\/em>.<\/p>\n<\/div>\n<div class=\"sc-80531b6b-0 chRIGJ container-text text-embed\">\n<p><strong>Labor humor\u00edstica<\/strong>: Nito Artaza, por <em>Hermanos en llamas.<\/em><\/p>\n<\/div>\n<div class=\"sc-198be8ec-0 cynXbu image-embed  image-embed \"><picture class=\"sc-198be8ec-1 kOjRiQ\"><source media=\"(min-width: 975px)\" width=\"720\" height=\"480\" \/><img alt=\"Muchos de los ganadores de los Premios Estrella de Mar a la temporada marplatense. Foto: Diego Izquierdo\" loading=\"lazy\" width=\"720\" height=\"480\" decoding=\"async\" data-nimg=\"1\" style=\"color:transparent\" src=\"https:\/\/13.com.ar\/wp-content\/uploads\/2025\/02\/1738680518_281_Gabriel-Puma-Goity-gano-el-Premio-Estrella-de-Mar-de.jpg\"\/><span class=\"epigraphe\">Muchos de los ganadores de los Premios Estrella de Mar a la temporada marplatense. Foto: Diego Izquierdo<\/span><span class=\"bkg\"\/><span class=\"picture-open\"><button class=\"open-image\" aria-label=\"Open Image\"\/><\/span><\/picture><\/div>\n<div class=\"sc-80531b6b-0 chRIGJ container-text text-embed\">\n<p><strong>Microteatro<\/strong>: <em>Opciones de descubrimiento<\/em>.<\/p>\n<\/div>\n<div class=\"sc-80531b6b-0 chRIGJ container-text text-embed\">\n<p><strong>Music Hall\/Caf\u00e9 Concert<\/strong>: <em>Operaci\u00f3n Rosa Ros<\/em>a,<em> Por siempre Mardel<\/em>.<\/p>\n<\/div>\n<div class=\"sc-80531b6b-0 chRIGJ container-text text-embed\">\n<p><strong>Stand up<\/strong>: <em>S\u00ed pero no<\/em>, con Ezequiel Campa.<\/p>\n<\/div>\n<div class=\"sc-80531b6b-0 chRIGJ container-text text-embed\">\n<p><strong>Teatro alternativo<\/strong>: <em>Opera Queer<\/em>.<\/p>\n<\/div>\n<div class=\"sc-80531b6b-0 chRIGJ container-text text-embed\">\n<p><strong>Teatro musical<\/strong>: <em>Mamma Mia!<\/em><\/p>\n<\/div>\n<div class=\"sc-80531b6b-0 chRIGJ container-text text-embed\">\n<p><strong>Unipersonal<\/strong>: <em>Caer (y levantarse)<\/em>.<\/p>\n<\/div>\n<div class=\"sc-80531b6b-0 chRIGJ container-text text-embed\">\n<p><strong>After de playa<\/strong>: Franky Rizardo, por<em> El Calamar Loco<\/em>.<\/p>\n<\/div>\n<div class=\"sc-80531b6b-0 chRIGJ container-text text-embed\">\n<p><strong>Espect\u00e1culo de m\u00fasica marplatense<\/strong>: Leo Poletto 35 a\u00f1os con la m\u00fasica.<\/p>\n<\/div>\n<div class=\"sc-80531b6b-0 chRIGJ container-text text-embed\">\n<p><strong>Jazz<\/strong>: Javier Malosetti Tr\u00edo.<\/p>\n<\/div>\n<div class=\"sc-80531b6b-0 chRIGJ container-text text-embed\">\n<p><strong>M\u00fasica cl\u00e1sica<\/strong>: Gran antolog\u00eda de cl\u00e1sicos populares al piano.<\/p>\n<\/div>\n<div class=\"sc-80531b6b-0 chRIGJ container-text text-embed\">\n<p><strong>M\u00fasica electr\u00f3nica<\/strong>: Solomun, en Mute.<\/p>\n<\/div>\n<div class=\"sc-80531b6b-0 chRIGJ container-text text-embed\">\n<p><strong>M\u00fasica original<\/strong>: <em>600 gramos de olvido<\/em>.<\/p>\n<\/div>\n<div class=\"sc-198be8ec-0 cynXbu image-embed  image-embed \"><picture class=\"sc-198be8ec-1 kOjRiQ\"><source media=\"(min-width: 975px)\" width=\"720\" height=\"480\" \/><img alt=\"David Rotemberg y Ariel Tarico, premiados en los Estrella de Mar, como espect\u00e1cula humor\u00edstico. Foto: Juano Tesone&#10;\" loading=\"lazy\" width=\"720\" height=\"480\" decoding=\"async\" data-nimg=\"1\" style=\"color:transparent\" src=\"https:\/\/13.com.ar\/wp-content\/uploads\/2025\/02\/1738680518_229_Gabriel-Puma-Goity-gano-el-Premio-Estrella-de-Mar-de.jpg\"\/><span class=\"epigraphe\">David Rotemberg y Ariel Tarico, premiados en los Estrella de Mar, como espect\u00e1cula humor\u00edstico. Foto: Juano Tesone<br \/>\n<\/span><span class=\"bkg\"\/><span class=\"picture-open\"><button class=\"open-image\" aria-label=\"Open Image\"\/><\/span><\/picture><\/div>\n<div class=\"sc-80531b6b-0 chRIGJ container-text text-embed\">\n<p><strong>Rock<\/strong>: Las pastillas del abuelo.<\/p>\n<\/div>\n<div class=\"sc-80531b6b-0 chRIGJ container-text text-embed\">\n<p><strong>Tango<\/strong>: <em>De serenatas y fandangos<\/em>.<\/p>\n<\/div>\n<div class=\"sc-80531b6b-0 chRIGJ container-text text-embed\">\n<p><strong>Tributo<\/strong>: Out of Control, Exiliados en Chauvin.<\/p>\n<\/div>\n<div class=\"sc-80531b6b-0 chRIGJ container-text text-embed\">\n<p><strong>Producci\u00f3n musical:<\/strong> Mute.<\/p>\n<\/div>\n<div class=\"sc-80531b6b-0 chRIGJ container-text text-embed\">\n<p><strong>Transformismo<\/strong>: <em>Angeladas<\/em>.<\/p>\n<\/div>\n<div class=\"sc-80531b6b-0 chRIGJ container-text text-embed\">\n<p><strong>Variedades<\/strong>: Servian, el Circo.<\/p>\n<\/div>\n<div class=\"sc-80531b6b-0 chRIGJ container-text text-embed\">\n<p><strong>Actuaci\u00f3n de reparto<\/strong>: Fabio Prado Gonz\u00e1lez, por<em> Otelo<\/em>.<\/p>\n<\/div>\n<div class=\"sc-198be8ec-0 cynXbu image-embed  image-embed \"><picture class=\"sc-198be8ec-1 kOjRiQ\"><source media=\"(min-width: 975px)\" width=\"720\" height=\"480\" \/><img alt=\"Actor de comedia: Nicol\u00e1s Cabr\u00e9, por Los mosqueteros del Rey.  Foto Diego Izquierdo\" loading=\"lazy\" width=\"720\" height=\"480\" decoding=\"async\" data-nimg=\"1\" style=\"color:transparent\" src=\"https:\/\/13.com.ar\/wp-content\/uploads\/2025\/02\/1738680518_931_Gabriel-Puma-Goity-gano-el-Premio-Estrella-de-Mar-de.jpg\"\/><span class=\"epigraphe\">Actor de comedia: Nicol\u00e1s Cabr\u00e9, por Los mosqueteros del Rey.  Foto Diego Izquierdo<\/span><span class=\"bkg\"\/><span class=\"picture-open\"><button class=\"open-image\" aria-label=\"Open Image\"\/><\/span><\/picture><\/div>\n<div class=\"sc-80531b6b-0 chRIGJ container-text text-embed\">\n<p><strong>Actriz de comedia<\/strong>: Ver\u00f3nica Llin\u00e1s, por <em>Ant\u00edgona en el ba\u00f1o<\/em>.<\/p>\n<\/div>\n<div class=\"sc-80531b6b-0 chRIGJ container-text text-embed\">\n<p><strong>Actor de comedia<\/strong>: Nicol\u00e1s Cabr\u00e9, por <em>Los mosqueteros del Rey<\/em>.<\/p>\n<\/div>\n<div class=\"sc-198be8ec-0 cynXbu image-embed  image-embed \"><picture class=\"sc-198be8ec-1 kOjRiQ\"><source media=\"(min-width: 975px)\" width=\"720\" height=\"480\" \/><img alt=\"Nora C\u00e1rpena, Graciela Dufau y Moria Cas\u00e1n fueron premiadas por &quot;Brujas&quot;, en los Estrella de Mar. Moria tambi\u00e9n gan\u00f3 como actriz de comedia dram\u00e1tica. Foto: Diego Izquierdo\" loading=\"lazy\" width=\"720\" height=\"480\" decoding=\"async\" data-nimg=\"1\" style=\"color:transparent\" src=\"https:\/\/13.com.ar\/wp-content\/uploads\/2025\/02\/1738680518_369_Gabriel-Puma-Goity-gano-el-Premio-Estrella-de-Mar-de.jpg\"\/><span class=\"epigraphe\">Nora C\u00e1rpena, Graciela Dufau y Moria Cas\u00e1n fueron premiadas por &#8220;Brujas&#8221;, en los Estrella de Mar. Moria tambi\u00e9n gan\u00f3 como actriz de comedia dram\u00e1tica. Foto: Diego Izquierdo<\/span><span class=\"bkg\"\/><span class=\"picture-open\"><button class=\"open-image\" aria-label=\"Open Image\"\/><\/span><\/picture><\/div>\n<div class=\"sc-80531b6b-0 chRIGJ container-text text-embed\">\n<p><strong>Actriz de comedia dram\u00e1tica<\/strong>: Moria Cas\u00e1n, por <em>Brujas<\/em>.<\/p>\n<\/div>\n<div class=\"sc-80531b6b-0 chRIGJ container-text text-embed\">\n<p><strong>Actor de comedia dram\u00e1tica<\/strong>: Miguel \u00c1ngel Rodr\u00edguez, por <em>Quieto.<\/em><\/p>\n<\/div>\n<div class=\"sc-80531b6b-0 chRIGJ container-text text-embed\">\n<p><strong>Actriz de drama<\/strong>: Lorena Szekely, por <em>Mandinga (La capilla del diablo)<\/em>.<\/p>\n<\/div>\n<div class=\"sc-80531b6b-0 chRIGJ container-text text-embed\">\n<p><strong>Actor de drama<\/strong>: Gabriel &#8220;Puma&#8221; Goity, por <em>Cyrano<\/em>.<\/p>\n<\/div>\n<div class=\"sc-80531b6b-0 chRIGJ container-text text-embed\">\n<p><strong>Actriz de teatro musical<\/strong>: Florencia Pe\u00f1a, por<em> Mamma Mia!<\/em><\/p>\n<\/div>\n<div class=\"sc-80531b6b-0 chRIGJ container-text text-embed\">\n<p><strong>Actor de teatro musical<\/strong>: Alejandro Paker, por <em>Mamma Mia!<\/em><\/p>\n<\/div>\n<div class=\"sc-80531b6b-0 chRIGJ container-text text-embed\">\n<p><strong>Autor nacional<\/strong>: Mart\u00edn Ortiz, por <em>Museo Beresford<\/em>.<\/p>\n<\/div>\n<div class=\"sc-198be8ec-0 cynXbu image-embed  image-embed \"><picture class=\"sc-198be8ec-1 kOjRiQ\"><source media=\"(min-width: 975px)\" width=\"720\" height=\"480\" \/><img alt=\"Adem\u00e1s del Oro por &quot;Cyrano&quot;, Gabriel Goity se impuso como mejor actor de drama. Foto: Diego Izquierdo\" loading=\"lazy\" width=\"720\" height=\"480\" decoding=\"async\" data-nimg=\"1\" style=\"color:transparent\" src=\"https:\/\/13.com.ar\/wp-content\/uploads\/2025\/02\/1738680518_180_Gabriel-Puma-Goity-gano-el-Premio-Estrella-de-Mar-de.jpg\"\/><span class=\"epigraphe\">Adem\u00e1s del Oro por &#8220;Cyrano&#8221;, Gabriel Goity se impuso como mejor actor de drama. Foto: Diego Izquierdo<\/span><span class=\"bkg\"\/><span class=\"picture-open\"><button class=\"open-image\" aria-label=\"Open Image\"\/><\/span><\/picture><\/div>\n<div class=\"sc-80531b6b-0 chRIGJ container-text text-embed\">\n<p><strong>Direcci\u00f3n nacional<\/strong>: Willy Landin, por <em>Cyrano<\/em>.<\/p>\n<\/div>\n<div class=\"sc-80531b6b-0 chRIGJ container-text text-embed\">\n<p><strong>Revelaci\u00f3n<\/strong>: Jos\u00e9 Gim\u00e9nez Zapiola, \u201cEl Purre\u201d, por Mamma Mia!<\/p>\n<\/div>\n<div class=\"sc-198be8ec-0 cynXbu image-embed  image-embed \"><picture class=\"sc-198be8ec-1 kOjRiQ\"><source media=\"(min-width: 975px)\" width=\"720\" height=\"480\" \/><img alt=\"Mariano Mart\u00ednez agradeciendo en el Premio Estrella de Mar 2025 despu\u00e9s del triunfo como Comedia de Tom, Dick y Harry  Foto Diego Izquierdo\" loading=\"lazy\" width=\"720\" height=\"480\" decoding=\"async\" data-nimg=\"1\" style=\"color:transparent\" src=\"https:\/\/13.com.ar\/wp-content\/uploads\/2025\/02\/1738680518_835_Gabriel-Puma-Goity-gano-el-Premio-Estrella-de-Mar-de.jpg\"\/><span class=\"epigraphe\">Mariano Mart\u00ednez agradeciendo en el Premio Estrella de Mar 2025 despu\u00e9s del triunfo como Comedia de Tom, Dick y Harry  Foto Diego Izquierdo<\/span><span class=\"bkg\"\/><span class=\"picture-open\"><button class=\"open-image\" aria-label=\"Open Image\"\/><\/span><\/picture><\/div>\n<div class=\"sc-80531b6b-0 chRIGJ container-text text-embed\">\n<p><strong>Producci\u00f3n Teatral Nacional<\/strong>: Carlos Rottemberg, por <em>Brujas<\/em> y <em>Quieto<\/em>.<\/p>\n<\/div>\n<div class=\"sc-80531b6b-0 chRIGJ container-text text-embed\">\n<p><strong>Estrella de Mar de Oro<\/strong>: Gabriel &#8220;Puma&#8221; Goity por <em>Cyrano<\/em>.<\/p>\n<\/div>\n<\/div>\n<p><br \/>\n<br \/><a href=\"https:\/\/www.clarin.com\/espectaculos\/gabriel-puma-goity-gano-premio-estrella-mar-oro-cyrano_0_1NSWqFmSRb.html\">Fuente Clarin.com <\/a><\/p>\n","protected":false},"excerpt":{"rendered":"<p>Este lunes 3 de febrero se entregaron los Premios Estrella de Mar 2025, la tradicional gala que reconoce a los mejores espect\u00e1culos de la temporada en la ciudad. Con la presentaci\u00f3n de apertura de Florencia Pe\u00f1a, este a\u00f1o se celebr\u00f3 el 50\u00b0 aniversario del galard\u00f3n, cuya primera entrega fue en el verano de 1975. La [&hellip;]<\/p>\n","protected":false},"author":1,"featured_media":1805,"comment_status":"open","ping_status":"open","sticky":false,"template":"","format":"standard","meta":{"footnotes":""},"categories":[2],"tags":[3539,516,3470,1999,3538,537,2774,142,2000,3537],"class_list":["post-1804","post","type-post","status-publish","format-standard","has-post-thumbnail","hentry","category-ultimas-noticias","tag-cyrano","tag-estrella","tag-gabriel","tag-gano","tag-goity","tag-mar","tag-oro","tag-por","tag-premio","tag-puma"],"_links":{"self":[{"href":"https:\/\/13.com.ar\/index.php\/wp-json\/wp\/v2\/posts\/1804","targetHints":{"allow":["GET"]}}],"collection":[{"href":"https:\/\/13.com.ar\/index.php\/wp-json\/wp\/v2\/posts"}],"about":[{"href":"https:\/\/13.com.ar\/index.php\/wp-json\/wp\/v2\/types\/post"}],"author":[{"embeddable":true,"href":"https:\/\/13.com.ar\/index.php\/wp-json\/wp\/v2\/users\/1"}],"replies":[{"embeddable":true,"href":"https:\/\/13.com.ar\/index.php\/wp-json\/wp\/v2\/comments?post=1804"}],"version-history":[{"count":0,"href":"https:\/\/13.com.ar\/index.php\/wp-json\/wp\/v2\/posts\/1804\/revisions"}],"wp:featuredmedia":[{"embeddable":true,"href":"https:\/\/13.com.ar\/index.php\/wp-json\/wp\/v2\/media\/1805"}],"wp:attachment":[{"href":"https:\/\/13.com.ar\/index.php\/wp-json\/wp\/v2\/media?parent=1804"}],"wp:term":[{"taxonomy":"category","embeddable":true,"href":"https:\/\/13.com.ar\/index.php\/wp-json\/wp\/v2\/categories?post=1804"},{"taxonomy":"post_tag","embeddable":true,"href":"https:\/\/13.com.ar\/index.php\/wp-json\/wp\/v2\/tags?post=1804"}],"curies":[{"name":"wp","href":"https:\/\/api.w.org\/{rel}","templated":true}]}}