{"id":1802,"date":"2025-02-04T11:45:30","date_gmt":"2025-02-04T14:45:30","guid":{"rendered":"https:\/\/13.com.ar\/index.php\/el-gobierno-de-lula-ve-positivo-los-controles-de-argentina-en-la-frontera-pero-esta-en-alerta-por-el-frente-pro-trump-de-milei-y-pena\/"},"modified":"2025-02-04T11:45:30","modified_gmt":"2025-02-04T14:45:30","slug":"el-gobierno-de-lula-ve-positivo-los-controles-de-argentina-en-la-frontera-pero-esta-en-alerta-por-el-frente-pro-trump-de-milei-y-pena","status":"publish","type":"post","link":"https:\/\/13.com.ar\/index.php\/el-gobierno-de-lula-ve-positivo-los-controles-de-argentina-en-la-frontera-pero-esta-en-alerta-por-el-frente-pro-trump-de-milei-y-pena\/","title":{"rendered":"El gobierno de Lula ve positivo los controles de Argentina en la frontera, pero est\u00e1 en alerta por el frente pro-Trump de Milei y Pe\u00f1a"},"content":{"rendered":"<p> <br \/>\n<br \/><img decoding=\"async\" src=\"https:\/\/13.com.ar\/wp-content\/uploads\/2025\/02\/El-gobierno-de-Lula-ve-positivo-los-controles-de-Argentina.jpg\" \/><\/p>\n<div id=\"cuerpo\">\n<div class=\"sc-80531b6b-0 chRIGJ container-text text-embed\">\n<p>El Gobierno de Lula da Silva consider\u00f3 \u201cpositivo\u201d que la administraci\u00f3n de Javier Milei refuerce sus controles fronterizos con Brasil para poner orden migratorio y detener los cr\u00edmenes transnacionales. <\/p>\n<\/div>\n<div class=\"sc-80531b6b-0 chRIGJ container-text text-embed\">\n<p>A pesar de la tensi\u00f3n entre los gobiernos de Brasilia y Buenos Aires, <strong>Lula opt\u00f3 por una estrategia diferente a la del boliviano Luis Arce<\/strong>, mediante las gestiones de su ministro de Justicia y Ciudadan\u00eda, Ricardo Lewandowski<\/p>\n<\/div>\n<div class=\"sc-80531b6b-0 chRIGJ container-text text-embed\">\n<p><strong>Arce mantiene una protesta por el incremento de los controles en la frontera de Argentina y sobre todo contra el anuncio de un intendente salte\u00f1o de que levantar\u00e1 un alambrado <\/strong>de 200 metros para desviar el flujo de los que se conocen como &#8220;bagayeros&#8221;.<\/p>\n<\/div>\n<div class=\"sc-80531b6b-0 chRIGJ container-text text-embed\">\n<p>Afirman en Brasilia, sin embargo, que las declaraciones de Lewandowski, ex juez del Tribunal Supremo Federal, no quieren decir que ir\u00e1n m\u00e1s all\u00e1 de los controles que ya existen de manera bilateral y a trav\u00e9s del Mercosur. Porque, sostienen, tampoco conocen la \u201cletra\u201d de lo que busca el nuevo gobierno de Argentina que, aseguran, no les han hecho llegar quiso decir exactamente Patricia Bullrich la semana pasada.<\/p>\n<\/div>\n<div class=\"sc-80531b6b-0 chRIGJ container-text text-embed\">\n<p><strong>La ministra de Seguridad anunci\u00f3 una ampliaci\u00f3n de los controles en la frontera de Misiones con Brasil a trav\u00e9s del llamado Plan G\u00fcemes<\/strong>, que lanz\u00f3 a fines de a\u00f1o en Salta y que fue lo que enoj\u00f3 al gobierno de Bolivia. Ocurre que el intendente de Aguas Blancas anunci\u00f3 la construcci\u00f3n de un alambrado de 200 metros para desviar y controlar m\u00e1s el paso de migrantes bolivianos. Lo apoyaron el gobernador Gustavo Saez, la ministra Bullrich y hasta el presidente Milei.<\/p>\n<\/div>\n<div class=\"sc-80531b6b-0 chRIGJ container-text text-embed\">\n<p>El ir y venir que puede resultar en una reforma migratoria en la Argentina se producen en el contexto de la existencia de un nuevo grupo de la nueva derecha latinoamericana fortalecida con llegada de Donald Trump y que, con sus matices y sus estilos integran Javier Milei, Santiago Pe\u00f1a, Nayib Bukele y el joven Daniel Noboa.<\/p>\n<\/div>\n<div class=\"sc-80531b6b-0 chRIGJ container-text text-embed\">\n<p>Este grupo, aunque minoritario, ha dejado sin el liderazgo regional que tuvo en los a\u00f1os anteriores el veterano Lula da Silva, cuyo gobierno se mantiene en alerta tambi\u00e9n por las implicancias internas frente al bolsonarismo, pero preserva lo que desde hace d\u00e9cadas aplica con Argentina: la \u201cpaciencia estrat\u00e9gica\u201d ante determinadas crisis.<\/p>\n<\/div>\n<div class=\"sc-80531b6b-0 chRIGJ container-text text-embed\">\n<p>En este caso,<strong> Lula ya no contesta las declaraciones m\u00e1s explosivas y disruptivas de Milei<\/strong>, con el que mantuvo fuertes choques. Milei lo llam\u00f3 varias veces comunista y corrupto. En la reciente asunci\u00f3n de Trump en Washington critic\u00f3 a su gobierno porque la justicia de Brasil no dej\u00f3 salir del pa\u00eds al ex presidente Jair Bolsonaro, cuyo pasaporte est\u00e1 retenido a ra\u00edz de las diversas causas que lo salpican.<\/p>\n<\/div>\n<div class=\"sc-80531b6b-0 chRIGJ container-text text-embed\">\n<p>Para el caso, fue el eje pro Trump, que encabezan Milei y Pe\u00f1a, los que acaban de frustrar una reuni\u00f3n de la Comunidad de Estados de Latinoam\u00e9rica y Caribe (Celac) que con la hondure\u00f1a Xiomara Castro a la cabeza, busc\u00f3 sin \u00e9xito tratar el endurecimiento de las medidas inmigratorias por parte del republicano y cuestiones ambientales. Los ministros de Defensa de Argentina y Paraguay adem\u00e1s, coordinan pol\u00edticas para tambi\u00e9n reformar las fronteras con una mayor militarizaci\u00f3n, en la medida que sus respectivas leyes se lo permitan. Luis Petri es en este caso quien m\u00e1s limitado est\u00e1.<\/p>\n<\/div>\n<div class=\"sc-80531b6b-0 chRIGJ container-text text-embed\">\n<p>El gobierno de Milei adem\u00e1s sugiri\u00f3 que podr\u00edan retirar a la Argentina del Acuerdo de Par\u00eds  y de la Organizaci\u00f3n Mundial emulando a Trump con EE.UU.<\/p>\n<\/div>\n<div class=\"sc-80531b6b-0 chRIGJ container-text text-embed\">\n<p>Y tanto el libertario, como el paraguayo, que debe compensar las sanciones de Estados Unidos a su padre pol\u00edtico, el ex presidente Horacio Cart\u00e9s, son los mandatarios m\u00e1s alineados de la regi\u00f3n a Israel. El paraguayo ya lo dispuso, el argentino, lo hace por etapas: ambos buscan trasladar la embajada de sus pa\u00edses de Tel Aviv a Jerusal\u00e9n. Lula est\u00e1 muy lejos de esta decisi\u00f3n, por el contrario, a diferencia de Milei, no fue invitado a la asunci\u00f3n de Trump y se mantiene en tensi\u00f3n por la cuesti\u00f3n palestina con Israel.<\/p>\n<\/div>\n<div class=\"sc-80531b6b-0 chRIGJ container-text text-embed\">\n<p>Consultado por Clar\u00edn, Diego Guelar, cont\u00f3 que siendo \u00e9l embajador en Brasil, en 1996 cuando el gobierno de Carlos Menem inaugur\u00f3 un sistema satelital de control de fronteras en el que se detectaron 100 vuelos entre Paraguay y Brasil viceversa tan s\u00f3lo en las primeras 24 horas. \u201cEsto significa que el control de fronteras no son 200 metros de alambre\u201d. Cont\u00f3 que el gobierno de Fernando de la R\u00faa cancel\u00f3 ese sistema satelital integral y se argument\u00f3 entonces que hubo irregularidades en la licitaci\u00f3n. Sin embargo nunca m\u00e1s se implement\u00f3 un sistema eficiente como aquel. Luego hay unos radares, agreg\u00f3. \u201cNo tenemos otro control. Hay gente que pasa paquetes desde Bolivia pero el verdadero tr\u00e1nsito ilegal es por v\u00eda a\u00e9rea y mar\u00edtima y no hay ning\u00fan control\u201d.<\/p>\n<\/div>\n<div class=\"sc-80531b6b-0 chRIGJ container-text text-embed\">\n<p>Pero si bien en Brasil siguen muy de cerca el componente ideol\u00f3gico de la alianza de Milei con Trump, lo m\u00e1s importante es la cuesti\u00f3n migratoria por un lado -Lula critic\u00f3 el trato dispensado a los brasile\u00f1os ilegales enviados esposados por no escal\u00f3 la situaci\u00f3n al nivel del colombiano Gustavo Petro- y por el otro lado, la arancelaria.<\/p>\n<\/div>\n<div class=\"sc-80531b6b-0 chRIGJ container-text text-embed\">\n<p>As\u00ed como Guelar destaca que la Argentina no ser\u00e1 afectada por la pol\u00edtica arancelaria de Trump directamente debido a que los primeros socios comerciales son Brasil y China, lo que precisa Milei de Trump es una alianza con \u201cpago al contado\u201d. Y es el apoyo de Trump para que el FMI apruebe un nuevo cr\u00e9dito a la Argentina. Eso es ciento por ciento parte de la alianza entre el libertario y el republicano<\/p>\n<\/div>\n<div class=\"sc-80531b6b-0 chRIGJ container-text text-embed\">\n<p>En cuanto al proteccionista del libertario y los aranceles que busca imponer, en Brasil afirman que no son blanco de la nueva pol\u00edtica puesto que el comercio entre ambos no es deficitario para Estados Unidos como es su caso, con Canad\u00e1, M\u00e9xico y China.<\/p>\n<\/div>\n<div class=\"sc-80531b6b-0 chRIGJ container-text text-embed\">\n<p>A\u00fan as\u00ed la diplomacia brasile\u00f1a estudia el caso, y ante la prensa de su pa\u00eds, los funcionarios afirman que tienen como caso las amenazas de Trump, en su primer mandato, cuando en 2018 amenaz\u00f3 con aranceles a Brasil, lo que al final no ocurri\u00f3.<\/p>\n<\/div>\n<div class=\"sc-80531b6b-0 chRIGJ container-text text-embed\">\n<p>Mientras en el gobierno de Milei planean por otros escenarios que hacen a las necesidades urgentes de nutrirse de divisas otra vez, en el gobierno de Lula estudian la retaliaci\u00f3n que aplicar\u00edan a EE.UU. en caso de impon\u00e9rsele barreras hoy. <\/p>\n<\/div>\n<div class=\"sc-80531b6b-0 chRIGJ container-text text-embed\">\n<p>Y <strong>siguen atentos los planes de Milei de firmar un acuerdo de libre comercio con Estados Unidos<\/strong>, un deseo a contramano de la pol\u00edtica proteccionista que est\u00e1 aplicando Trump, pero que sin embargo puede da\u00f1ar de muerte al Mercosur. Como se sabe, los hombres de Milei ya han dicho que el presidente est\u00e1 dispuesto a irse del bloque que integran Brasil, Paraguay y Uruguay si no lo dejan firmar un TLC con su aliado y que a\u00fan est\u00e1 verde para Washington. Por ahora lo \u00fanico palpable es la notable pasividad al momento de Argentina como pa\u00eds presidente del Mercosur durante este semestre.<\/p>\n<\/div>\n<\/div>\n<p><br \/>\n<br \/><a href=\"https:\/\/www.clarin.com\/politica\/gobierno-lula-ve-positivo-controles-argentina-frontera-alerta-frente-pro-trump-milei-pena_0_5MJS8U6RT7.html\">Fuente Clarin.com <\/a><\/p>\n","protected":false},"excerpt":{"rendered":"<p>El Gobierno de Lula da Silva consider\u00f3 \u201cpositivo\u201d que la administraci\u00f3n de Javier Milei refuerce sus controles fronterizos con Brasil para poner orden migratorio y detener los cr\u00edmenes transnacionales. A pesar de la tensi\u00f3n entre los gobiernos de Brasilia y Buenos Aires, Lula opt\u00f3 por una estrategia diferente a la del boliviano Luis Arce, mediante [&hellip;]<\/p>\n","protected":false},"author":1,"featured_media":1803,"comment_status":"open","ping_status":"open","sticky":false,"template":"","format":"standard","meta":{"footnotes":""},"categories":[2],"tags":[985,288,3534,300,802,577,71,28,3533,77,3536,265,142,644,3535],"class_list":["post-1802","post","type-post","status-publish","format-standard","has-post-thumbnail","hentry","category-ultimas-noticias","tag-alerta","tag-argentina","tag-controles","tag-esta","tag-frente","tag-frontera","tag-gobierno","tag-los","tag-lula","tag-milei","tag-pena","tag-pero","tag-por","tag-positivo","tag-protrump"],"_links":{"self":[{"href":"https:\/\/13.com.ar\/index.php\/wp-json\/wp\/v2\/posts\/1802","targetHints":{"allow":["GET"]}}],"collection":[{"href":"https:\/\/13.com.ar\/index.php\/wp-json\/wp\/v2\/posts"}],"about":[{"href":"https:\/\/13.com.ar\/index.php\/wp-json\/wp\/v2\/types\/post"}],"author":[{"embeddable":true,"href":"https:\/\/13.com.ar\/index.php\/wp-json\/wp\/v2\/users\/1"}],"replies":[{"embeddable":true,"href":"https:\/\/13.com.ar\/index.php\/wp-json\/wp\/v2\/comments?post=1802"}],"version-history":[{"count":0,"href":"https:\/\/13.com.ar\/index.php\/wp-json\/wp\/v2\/posts\/1802\/revisions"}],"wp:featuredmedia":[{"embeddable":true,"href":"https:\/\/13.com.ar\/index.php\/wp-json\/wp\/v2\/media\/1803"}],"wp:attachment":[{"href":"https:\/\/13.com.ar\/index.php\/wp-json\/wp\/v2\/media?parent=1802"}],"wp:term":[{"taxonomy":"category","embeddable":true,"href":"https:\/\/13.com.ar\/index.php\/wp-json\/wp\/v2\/categories?post=1802"},{"taxonomy":"post_tag","embeddable":true,"href":"https:\/\/13.com.ar\/index.php\/wp-json\/wp\/v2\/tags?post=1802"}],"curies":[{"name":"wp","href":"https:\/\/api.w.org\/{rel}","templated":true}]}}