{"id":1789,"date":"2025-02-04T11:12:42","date_gmt":"2025-02-04T14:12:42","guid":{"rendered":"https:\/\/13.com.ar\/index.php\/esta-acostumbrado-al-caos-y-boca-es-un-poco-eso\/"},"modified":"2025-02-04T11:12:42","modified_gmt":"2025-02-04T14:12:42","slug":"esta-acostumbrado-al-caos-y-boca-es-un-poco-eso","status":"publish","type":"post","link":"https:\/\/13.com.ar\/index.php\/esta-acostumbrado-al-caos-y-boca-es-un-poco-eso\/","title":{"rendered":"Est\u00e1 acostumbrado al caos y Boca es un poco eso"},"content":{"rendered":"<p> <br \/>\n<\/p>\n<div id=\"cuerpo\">\n<div class=\"sc-80531b6b-0 chRIGJ container-text text-embed\">\n<p><strong>Carlos Palacios <\/strong>es el nombre del momento en el mundo <strong>Boca<\/strong>. El chileno que lleg\u00f3 en diciembre fue el refuerzo que m\u00e1s se luci\u00f3 en el comienzo de la temporada para el equipo que dirige Fernando Gago y el fin de semana lo confirm\u00f3 con un golazo ante Hurac\u00e1n para sellar la primera victoria en el <strong>Torneo Apertura 2025<\/strong>.<\/p>\n<\/div>\n<div class=\"sc-80531b6b-0 chRIGJ container-text text-embed\">\n<p>Del crack de 24 a\u00f1os habl\u00f3 <strong>Jorge Almir\u00f3n<\/strong>, que lo tuvo en <strong>Colo-Colo<\/strong> durante todo el a\u00f1o pasado, llegando a los cuartos de final de la <strong>Copa Libertadores<\/strong>. La opini\u00f3n del entrenador tiene un valor doble: fue entrenador del Xeneize en 2023, cuando lleg\u00f3 a la final del certamen sudamericano, y sabe lo que significa defender la camiseta de uno de los clubes m\u00e1s poderosos del continente.<\/p>\n<\/div>\n<div class=\"sc-80531b6b-0 chRIGJ container-text text-embed\">\n<p>&#8220;Es dif\u00edcil encontrar un reeplazo para \u00e9l. Cuando se hablaba que pod\u00eda irse a Boca muchos no lo conoc\u00edan. El a\u00f1o pasado fue creciendo, tom\u00f3 confianza, mejor\u00f3 en lo f\u00edsico y fue de menor a mayor. Se fue en el mejor momento, hoy est\u00e1 disfrutando estar en un club como Boca, siempre manifest\u00f3 que era hincha desde chiquito. Habl\u00e9 con \u00e9l hace quince d\u00edas y estaba feliz, no me quiero imaginar ahora que hizo un gol&#8221;, coment\u00f3 de arranque Almir\u00f3n, en d\u00edalogo con ESPN.<\/p>\n<\/div>\n<div class=\"sc-80531b6b-0 chRIGJ container-text text-embed\">\n<p>A Almir\u00f3n le preguntaron si ve\u00eda en Palacios condiciones para ser \u00eddolo de Boca: &#8220;No s\u00e9, ser \u00eddolo de Boca es algo muy grande. Carlos tiene mucha personalidad, no le pesa nada entrar a jugar, lo hace en cualquier lado igual. Es un chico de barrio que juega as\u00ed tal cual es. En los entrenamientos le costaba cuando ten\u00eda que hacer la parte f\u00edsica pero en los reducidos estaba dos horas, todo el tiempo estaba jugando y uniendo a los compa\u00f1eros. Es un muy buen jugador, bastante completo, y mejor\u00f3 en lo f\u00edsico que era lo que le faltaba. Tiene todo y estaba seguro de que iba a triunfar. Es dif\u00edcil asegurarlo porque Boca es muy grande, pero yo ten\u00eda confianza de que le iba a ir bien. Mis amigos me preguntaban y yo les dec\u00eda que tiene mucha personalidad, no le tiene miedo a nada&#8221;. <\/p>\n<\/div>\n<div class=\"sc-198be8ec-0 cynXbu image-embed  image-embed \"><picture class=\"sc-198be8ec-1 kOjRiQ\"><source media=\"(min-width: 975px)\" width=\"720\" height=\"480\" \/><img alt=\"Jorge Almir\u00f3n lleg\u00f3 a los cuartos de final de la Libertadores con Colo-Colo y quiere revancha en 2025. Foto: EFE\/ Juan Ignacio Roncoroni-\" loading=\"lazy\" width=\"720\" height=\"480\" decoding=\"async\" data-nimg=\"1\" style=\"color:transparent\" src=\"https:\/\/13.com.ar\/wp-content\/uploads\/2025\/02\/Esta-acostumbrado-al-caos-y-Boca-es-un-poco-eso.jpg\"\/><span class=\"epigraphe\">Jorge Almir\u00f3n lleg\u00f3 a los cuartos de final de la Libertadores con Colo-Colo y quiere revancha en 2025. Foto: EFE\/ Juan Ignacio Roncoroni-<\/span><span class=\"bkg\"\/><span class=\"picture-open\"><button class=\"open-image\" aria-label=\"Open Image\"\/><\/span><\/picture><\/div>\n<div class=\"sc-80531b6b-0 chRIGJ container-text text-embed\">\n<p>Y all\u00ed lanz\u00f3 una frase elocuente sobre el chileno: <strong>&#8220;Est\u00e1 acostumbrado a vivir en el caso y Boca es un poco eso&#8221;.<\/strong><\/p>\n<\/div>\n<div class=\"sc-80531b6b-0 chRIGJ container-text text-embed\">\n<p>\u00bfDe qu\u00e9 jugaba Palacios en Colo-Colo? As\u00ed lo defini\u00f3 Almir\u00f3n: &#8220;Nosotros fuimos cambiando, yo siempre trat\u00e9 de poner a todos los que jugaban bien. En un momento pusimos dos volantes de contenci\u00f3n, y Carlos jugaba con Arturo (Vidal), sueltos. En otro momento arrancaba como extremo, para perderse como media punta o enganche. Necesita jugar suelto y estar en contacto con la pelota. Entiende mucho el juego, defiende bien pero siempre se mueve para recibir libre. Es uno de esos jugadores que marca diferencia y el equipo trataba de generarle eso&#8221;.<\/p>\n<\/div>\n<div class=\"sc-106e49c0-0 dcVumd freeHtml-embed undefined\">\n<blockquote class=\"twitter-tweet\">\n<p lang=\"es\" dir=\"ltr\">&#8220;CARLOS TIENE MUCHA PERSONALIDAD. ESTABA SEGURO QUE IBA A TRIUNFAR, TEN\u00cdA CONFIANZA DE QUE LE IBA A IR BIEN&#8221;.<\/p>\n<p>\u270d\ud83c\udffc Jorge Almir\u00f3n<a rel=\"nofollow\" target=\"_blank\" href=\"https:\/\/t.co\/e8ba5SBbEe\">pic.twitter.com\/e8ba5SBbEe<\/a><\/p>\n<p>\u2014 ESPN Argentina (@ESPNArgentina) <a rel=\"nofollow\" target=\"_blank\" href=\"https:\/\/twitter.com\/ESPNArgentina\/status\/1886761560690823402?ref_src=twsrc%5Etfw\">February 4, 2025<\/a><\/p><\/blockquote>\n<\/div>\n<div class=\"sc-80531b6b-0 chRIGJ container-text text-embed\">\n<p>&#8220;Boca tiene muy buenos jugadores. Creo que Carlos se va a juntar mucho con (Alan) Velasco, los buenos jugadores tratan de juntarse y se entienden bien. Yo vi que se hablaban, se abrazaban, trataban de darse confianza y buscarse. No digo que son similares pero s\u00ed que necesitan tener complicidad. Yo no soy entrenador de Boca hoy, lo vi como aficionado, y conociendo a Carlos vi esa complicidad. Carlos juega bien y hace jugar bien a todos, en Boca va a estar rodeado de muy buenos jugadores y con el correr de los partidos se van a ensamblar y rendir muy bien&#8221;, respondi\u00f3 el entrenador.<\/p>\n<\/div>\n<div class=\"sc-80531b6b-0 chRIGJ container-text text-embed\">\n<p>Y agreg\u00f3: &#8220;Viene de jugar en el equipo m\u00e1s grande de Chile y hay mucha presi\u00f3n tambi\u00e9n. Hay muchas similitudes con Boca, es un avance pero \u00e9l entend\u00eda que \u00e9l estaba con condiciones de ensamblarse con el monstruo que es Boca. \u00c9l se fue soltando, sobre todo en Copa Libertadores, que fue mostrando su jerarqu\u00eda, lo disfrutaba mucho. Le gustan los partidos importantes, rend\u00eda mucho. Un jugador que habla y se compromete, eso es fundamental&#8221;. <\/p>\n<\/div>\n<div class=\"sc-198be8ec-0 cynXbu image-embed  image-embed \"><picture class=\"sc-198be8ec-1 kOjRiQ\"><source media=\"(min-width: 975px)\" width=\"720\" height=\"480\" \/><img alt=\"Jorge Almir\u00f3n y una charla llena de definiciones. Foto: EFE\/ Juan Ignacio Roncoroni\" loading=\"lazy\" width=\"720\" height=\"480\" decoding=\"async\" data-nimg=\"1\" style=\"color:transparent\" src=\"https:\/\/13.com.ar\/wp-content\/uploads\/2025\/02\/1738678362_175_Esta-acostumbrado-al-caos-y-Boca-es-un-poco-eso.jpg\"\/><span class=\"epigraphe\">Jorge Almir\u00f3n y una charla llena de definiciones. Foto: EFE\/ Juan Ignacio Roncoroni<\/span><span class=\"bkg\"\/><span class=\"picture-open\"><button class=\"open-image\" aria-label=\"Open Image\"\/><\/span><\/picture><\/div>\n<div class=\"sc-80531b6b-0 chRIGJ container-text text-embed\">\n<p>A diferencia de otros entrenadores que evitan puntualizar tanto en un jugador, Almir\u00f3n sigui\u00f3 con su catarata de elogios a Palacios: &#8220;Es un jugador que entiende muy bien el f\u00fatbol, as\u00ed que no hab\u00eda que explicarle demasiado. Lo que le dec\u00eda era que ten\u00eda que estar muy fuerte f\u00edsicamente, muy s\u00f3lido, porque le iba a generar mucha confianza. En Boca son pruebas de 15 minutos, cuando no te conocen, las tres o cuatro primeras jugadas la gente es un term\u00f3metro. Te van midiendo. En el juego entiende todo, y f\u00edsicamente lo veo muy fuerte. Entendi\u00f3 ad\u00f3nde iba, trabaj\u00f3 muy bien las vacaciones&#8221;.<\/p>\n<\/div>\n<div class=\"sc-80531b6b-0 chRIGJ container-text text-embed\">\n<p>&#8220;Boca es un equipo donde hay muchos l\u00edderes y se va a sentir muy c\u00f3modo, debe estar feliz. Es un chico joven y la selecci\u00f3n de Chile tambi\u00e9n se va a ver beneficiada&#8221;, agreg\u00f3 luego, en referencia al equipo que conduce Ricardo Gareca y lucha por un lugar al Mundial 2026.<\/p>\n<\/div>\n<div class=\"sc-80531b6b-0 chRIGJ container-text text-embed\">\n<p>Uno de los refuerzos que lleg\u00f3 a Colo-Colo tras la partida de Palacios fue Claudio Aquino: &#8220;Cuando sab\u00edamos que Carlos se iba, el presidente se movi\u00f3 r\u00e1pido y fue a buscar a Claudio (Aquino). No es su reemplazo porque tiene sus condiciones propias, estoy seguro de que va a rendir muy bien. Fue una de las figuras del torneo argentino, que no es f\u00e1cil destacarse ah\u00ed. Se vio en los entrenamientos y en los pocos minutos la calidad que tiene, la gente lo recibi\u00f3 bien y est\u00e1 contento&#8221;.<\/p>\n<\/div>\n<div class=\"sc-80531b6b-0 chRIGJ container-text text-embed\">\n<p>Sobre el final, Almir\u00f3n habl\u00f3 sobre una posible vuelta a Boca: &#8220;Me gust\u00f3 mucho dirigir a Boca, el deseo de volver siempre est\u00e1 pero quiz\u00e1 nunca se d\u00e9. Estoy disfrutando el d\u00eda a d\u00eda aqu\u00ed en Colo-Colo, tratando de armar un equipo fuerte. Si se puede volver a dar, no lo dudar\u00eda&#8221;.<\/p>\n<\/div>\n<\/div>\n<p><script async src=\"\/\/platform.twitter.com\/widgets.js\" charset=\"utf-8\"><\/script><br \/>\n<br \/><br \/>\n<br \/><a href=\"https:\/\/www.clarin.com\/deportes\/jorge-almiron-lleno-elogios-chileno-carlos-palacios-definicion-brutal-acostumbrado-caos-boca_0_mTpPygUxMk.html\">Fuente Clarin.com <\/a><\/p>\n","protected":false},"excerpt":{"rendered":"<p>Carlos Palacios es el nombre del momento en el mundo Boca. El chileno que lleg\u00f3 en diciembre fue el refuerzo que m\u00e1s se luci\u00f3 en el comienzo de la temporada para el equipo que dirige Fernando Gago y el fin de semana lo confirm\u00f3 con un golazo ante Hurac\u00e1n para sellar la primera victoria en [&hellip;]<\/p>\n","protected":false},"author":1,"featured_media":1790,"comment_status":"open","ping_status":"open","sticky":false,"template":"","format":"standard","meta":{"footnotes":""},"categories":[2],"tags":[3521,707,3522,3206,300,2519],"class_list":["post-1789","post","type-post","status-publish","format-standard","has-post-thumbnail","hentry","category-ultimas-noticias","tag-acostumbrado","tag-boca","tag-caos","tag-eso","tag-esta","tag-poco"],"_links":{"self":[{"href":"https:\/\/13.com.ar\/index.php\/wp-json\/wp\/v2\/posts\/1789","targetHints":{"allow":["GET"]}}],"collection":[{"href":"https:\/\/13.com.ar\/index.php\/wp-json\/wp\/v2\/posts"}],"about":[{"href":"https:\/\/13.com.ar\/index.php\/wp-json\/wp\/v2\/types\/post"}],"author":[{"embeddable":true,"href":"https:\/\/13.com.ar\/index.php\/wp-json\/wp\/v2\/users\/1"}],"replies":[{"embeddable":true,"href":"https:\/\/13.com.ar\/index.php\/wp-json\/wp\/v2\/comments?post=1789"}],"version-history":[{"count":0,"href":"https:\/\/13.com.ar\/index.php\/wp-json\/wp\/v2\/posts\/1789\/revisions"}],"wp:featuredmedia":[{"embeddable":true,"href":"https:\/\/13.com.ar\/index.php\/wp-json\/wp\/v2\/media\/1790"}],"wp:attachment":[{"href":"https:\/\/13.com.ar\/index.php\/wp-json\/wp\/v2\/media?parent=1789"}],"wp:term":[{"taxonomy":"category","embeddable":true,"href":"https:\/\/13.com.ar\/index.php\/wp-json\/wp\/v2\/categories?post=1789"},{"taxonomy":"post_tag","embeddable":true,"href":"https:\/\/13.com.ar\/index.php\/wp-json\/wp\/v2\/tags?post=1789"}],"curies":[{"name":"wp","href":"https:\/\/api.w.org\/{rel}","templated":true}]}}