{"id":17531,"date":"2025-04-02T22:47:38","date_gmt":"2025-04-03T01:47:38","guid":{"rendered":"https:\/\/13.com.ar\/index.php\/el-gobierno-admite-que-el-senado-puede-voltear-los-pliegos-pero-dice-que-garcia-mansilla-seguira-en-la-corte\/"},"modified":"2025-04-02T22:47:38","modified_gmt":"2025-04-03T01:47:38","slug":"el-gobierno-admite-que-el-senado-puede-voltear-los-pliegos-pero-dice-que-garcia-mansilla-seguira-en-la-corte","status":"publish","type":"post","link":"https:\/\/13.com.ar\/index.php\/el-gobierno-admite-que-el-senado-puede-voltear-los-pliegos-pero-dice-que-garcia-mansilla-seguira-en-la-corte\/","title":{"rendered":"El Gobierno admite que el Senado puede voltear los pliegos, pero dice que Garc\u00eda Mansilla seguir\u00e1 en la Corte"},"content":{"rendered":"<p> <br \/>\n<br \/><img decoding=\"async\" src=\"https:\/\/13.com.ar\/wp-content\/uploads\/2025\/04\/El-Gobierno-admite-que-el-Senado-puede-voltear-los-pliegos.jpg\" \/><\/p>\n<div id=\"element-body-0\">\n<p>Frente al riesgo cierto de sufrir este jueves una <strong>&#8220;paliza&#8221; en el Senado<\/strong>, que podr\u00eda rechazar los pliegos de sus candidatos a ocupar una silla en forma permanente en la Corte Suprema &#8211;<strong>Ariel Lijo y Manuel Garc\u00eda Mansilla<\/strong>, quien ya asumi\u00f3 en &#8220;comisi\u00f3n&#8221; en el alto tribunal-, el Gobierno advierte a la oposici\u00f3n que sostendr\u00e1 la designaci\u00f3n de ambos postulantes aunque la C\u00e1mara alta se oponga y que el Presidente <strong>podr\u00eda volver a designarlos por decreto una vez que termine el actual per\u00edodo legislativo<\/strong>. <\/p>\n<\/div>\n<div id=\"element-body-1\">\n<p>Si bien en el oficialismo intentan por todos los medios que no haya qu\u00f3rum en la sesi\u00f3n convocada este jueves en el Senado, ya alert\u00f3 a los bloques dialoguistas que<strong> no &#8220;bajar\u00e1&#8221; los pliegos de sus candidatos<\/strong> a ocupar las vacantes en la Corte. Y que, seg\u00fan los abogados del Estado, Garc\u00eda Mansilla podr\u00eda seguir oficiando como cortesano hasta tanto el Congreso no entre en un nuevo receso.<\/p>\n<\/div>\n<div id=\"element-body-2\">\n<p><strong>&#8220;Garc\u00eda Mansilla va a seguir hasta el 30 de noviembre. Su designaci\u00f3n es sin perjuicio de lo que defina el Senado. De la misma manera, si su pliego se rechaza en este Congreso, el pr\u00f3ximo que se instale a partir del 10 de diciembre va a ser otro y el Presidente podr\u00e1 insistir con estos pliegos u otros para que sean tratados por el Senado&#8221;,<\/strong> explic\u00f3 este jueves el jefe de Gabinete, <strong>Guillermo Francos.<\/strong><\/p>\n<\/div>\n<div id=\"element-body-3\">\n<p>Durante la semana la mesa chica del Presidente, donde tallan fuerte su <strong>hermana Karina<\/strong> y el asesor<strong> Santiago Caputo<\/strong>, trabaj\u00f3 dos l\u00edneas discursivas contundentes: no hay debate posible &#8220;sobre la legalidad&#8221; de la designaci\u00f3n en comisi\u00f3n del acad\u00e9mico de la Universidad Austral y que &#8220;<strong>no hay plan B&#8221; si el Senado llegara a rechazar los pliegos de los postulantes del Ejecutivo. &#8220;Insistiremos con el nombramiento en comisi\u00f3n las veces que sea necesario&#8221;, <\/strong>es la versi\u00f3n que surgi\u00f3 del entorno presidencial. <\/p>\n<\/div>\n<div id=\"element-body-4\">\n<p>Es que que el Gobierno quiere minimizar el efecto de una eventual derrota pol\u00edtica en la C\u00e1mara alta tal como suceder\u00eda si finalmente son rechazados los pliegos del juez federal y del jurista de la citada casa de altos estudios.<\/p>\n<\/div>\n<div id=\"element-body-5\">\n<p>El escenario resulta complejo para el oficialismo porque no tendr\u00eda los dos tercios de los presentes que se necesitan para oficializar a Lijo, que ya tiene dictamen de la Comisi\u00f3n de Acuerdos del Senado, o para sostener la candidatura de Garc\u00eda Mansilla. &#8220;Fueron designados transitoriamente por decreto del Presidente hasta el 30 de noviembre y podr\u00e1n seguir si\u00e9ndolo&#8221;, insisti\u00f3 Francos. S\u00f3lo Garc\u00eda Mansilla asumi\u00f3 en la Corte ya que el juez federal no quiso renunciar a su cargo en Comodoro Py <strong>al entender que su permanencia en el quinto piso del Palacio de Tribunales no &#8220;tendr\u00eda estabilidad&#8221;.<\/strong><\/p>\n<\/div>\n<div id=\"element-body-6\">\n<p>&#8220;Hemos escuchado tantas posiciones sobre este tema que uno termina mareado. Al principio parec\u00eda que iban a apoyar, despu\u00e9s parec\u00eda que no. Despu\u00e9s intervino Cristina (Kirchner) y parec\u00eda que estaba enojada y que no. Yo no puedo decirlo con precisi\u00f3n. Es una cosa rara adem\u00e1s porque ambos pliegos fueron aprobados en la Comisi\u00f3n y despu\u00e9s van al pleno y pareciera que no. Nos da la sensaci\u00f3n de que no est\u00e1n los votos para aprobar los pliegos. Con un bloque de 6 senadores hemos hecho demasiado&#8221;, reconoci\u00f3 el ministro coordinador en di\u00e1logo con radio Rivadavia.<\/p>\n<\/div>\n<div id=\"element-body-7\">\n<p>En este sentido, Francos remarc\u00f3 que &#8220;se hizo todo lo que hab\u00eda que hacerse y ahora es el pleno de los senadores el que lo tiene que resolver&#8221;. En ese contexto, el funcionario nacional afirm\u00f3 que espera &#8220;con mucha expectativa las elecciones de octubre para ver c\u00f3mo se modifican los bloques y c\u00f3mo queda La Libertad Avanza en el Senado y c\u00f3mo quedan los bloques que hoy son primera minor\u00eda&#8221;.<\/p>\n<\/div>\n<div id=\"element-body-8\">\n<p>En la sesi\u00f3n de este jueves solo se debatir\u00e1n los pliegos con la nominaci\u00f3n de Lijo y Garc\u00eda Mansilla, pero no se pondr\u00e1 en debate el decreto que los nombr\u00f3 en comisi\u00f3n el pasado 26 de febrero. En 2016, el exmandatario <strong>Mauricio Macri hab\u00eda utilizado la misma herramienta para nombrar a Horacio Rosatti y a Carlos Rosenkrantz <\/strong>en el m\u00e1ximo tribunal pero a los pocos meses los jueces asumieron con el aval de los dos tercios del Senado.<\/p>\n<\/div>\n<p><br \/>\n<br \/><a href=\"https:\/\/www.clarin.com\/politica\/gobierno-admite-senado-puede-voltear-pliegos-dice-garcia-mansilla-seguira-corte_0_fXYmW21Nos.html\">Fuente Clarin.com <\/a><\/p>\n","protected":false},"excerpt":{"rendered":"<p>Frente al riesgo cierto de sufrir este jueves una &#8220;paliza&#8221; en el Senado, que podr\u00eda rechazar los pliegos de sus candidatos a ocupar una silla en forma permanente en la Corte Suprema &#8211;Ariel Lijo y Manuel Garc\u00eda Mansilla, quien ya asumi\u00f3 en &#8220;comisi\u00f3n&#8221; en el alto tribunal-, el Gobierno advierte a la oposici\u00f3n que sostendr\u00e1 [&hellip;]<\/p>\n","protected":false},"author":1,"featured_media":17532,"comment_status":"open","ping_status":"open","sticky":false,"template":"","format":"standard","meta":{"footnotes":""},"categories":[2],"tags":[8188,297,655,1120,71,28,6540,265,9592,136,603,5153,11115],"class_list":["post-17531","post","type-post","status-publish","format-standard","has-post-thumbnail","hentry","category-ultimas-noticias","tag-admite","tag-corte","tag-dice","tag-garcia","tag-gobierno","tag-los","tag-mansilla","tag-pero","tag-pliegos","tag-puede","tag-seguira","tag-senado","tag-voltear"],"_links":{"self":[{"href":"https:\/\/13.com.ar\/index.php\/wp-json\/wp\/v2\/posts\/17531","targetHints":{"allow":["GET"]}}],"collection":[{"href":"https:\/\/13.com.ar\/index.php\/wp-json\/wp\/v2\/posts"}],"about":[{"href":"https:\/\/13.com.ar\/index.php\/wp-json\/wp\/v2\/types\/post"}],"author":[{"embeddable":true,"href":"https:\/\/13.com.ar\/index.php\/wp-json\/wp\/v2\/users\/1"}],"replies":[{"embeddable":true,"href":"https:\/\/13.com.ar\/index.php\/wp-json\/wp\/v2\/comments?post=17531"}],"version-history":[{"count":0,"href":"https:\/\/13.com.ar\/index.php\/wp-json\/wp\/v2\/posts\/17531\/revisions"}],"wp:featuredmedia":[{"embeddable":true,"href":"https:\/\/13.com.ar\/index.php\/wp-json\/wp\/v2\/media\/17532"}],"wp:attachment":[{"href":"https:\/\/13.com.ar\/index.php\/wp-json\/wp\/v2\/media?parent=17531"}],"wp:term":[{"taxonomy":"category","embeddable":true,"href":"https:\/\/13.com.ar\/index.php\/wp-json\/wp\/v2\/categories?post=17531"},{"taxonomy":"post_tag","embeddable":true,"href":"https:\/\/13.com.ar\/index.php\/wp-json\/wp\/v2\/tags?post=17531"}],"curies":[{"name":"wp","href":"https:\/\/api.w.org\/{rel}","templated":true}]}}