{"id":1742,"date":"2025-02-04T09:27:38","date_gmt":"2025-02-04T12:27:38","guid":{"rendered":"https:\/\/13.com.ar\/index.php\/el-gobierno-apuesta-a-los-gobernadores-del-pj-distanciados-de-cristina-para-eliminar-las-paso\/"},"modified":"2025-02-04T09:27:38","modified_gmt":"2025-02-04T12:27:38","slug":"el-gobierno-apuesta-a-los-gobernadores-del-pj-distanciados-de-cristina-para-eliminar-las-paso","status":"publish","type":"post","link":"https:\/\/13.com.ar\/index.php\/el-gobierno-apuesta-a-los-gobernadores-del-pj-distanciados-de-cristina-para-eliminar-las-paso\/","title":{"rendered":"el Gobierno apuesta a los gobernadores del PJ distanciados de Cristina para eliminar las PASO"},"content":{"rendered":"<p> <br \/>\n<\/p>\n<div id=\"cuerpo\">\n<div class=\"sc-80531b6b-0 chRIGJ container-text text-embed\">\n<p>En la previa al debate en el Congreso de la eliminaci\u00f3n de las <strong>Primarias Abiertas Simult\u00e1neas y Obligatorias (PASO) <\/strong>para este 2025, el jefe de Gabinete, <strong>Guillermo Francos<\/strong>, habl\u00f3 de una interna en el peronismo que le permitir\u00eda al oficialismo conseguir los votos necesarios para avanzar con el proyecto.<\/p>\n<\/div>\n<div class=\"sc-80531b6b-0 chRIGJ container-text text-embed\">\n<p>&#8220;Hay <strong>una interna<\/strong> entre dos sectores del justicialismo, no solo entre Cristina y Axel Kicillof, sino<strong> los gobernadores que tienen problemas para llevar elecciones adelante con PASO<\/strong>&#8220;, expres\u00f3 en di\u00e1logo con radio Rivadavia.<\/p>\n<\/div>\n<div class=\"sc-80531b6b-0 chRIGJ container-text text-embed\">\n<p>En esa l\u00ednea, remarc\u00f3 que los mandatarios provinciales &#8220;<strong>est\u00e1n cansados de un liderazgo de tantos a\u00f1os<\/strong> y quieren renovar el peronismo&#8221; y dijo que tienen &#8220;una posici\u00f3n diferente&#8221; a la de la expresidenta.<\/p>\n<\/div>\n<div class=\"sc-80531b6b-0 chRIGJ container-text text-embed\">\n<p>Las declaraciones del funcionario nacional se producen en la previa al tratamiento en comisiones del proyecto para eliminar las Primarias. Mientras que la sesi\u00f3n para reformar el sistema electoral fue convocada para el pr\u00f3ximo jueves al mediod\u00eda.<\/p>\n<\/div>\n<div class=\"sc-80531b6b-0 chRIGJ container-text text-embed\">\n<p>Dentro del bloque de Uni\u00f3n por la Patria existen dos posturas acerca de esta iniciativa del Ejecutivo. Por un lado, los gobernadores peronistas que est\u00e1n a favor de la eliminaci\u00f3n del sistema, y por el otro, los legisladores cercanos a M\u00e1ximo Kirchner, quienes en cambio quieren que se mantengan las Primarias. <\/p>\n<\/div>\n<div class=\"sc-80531b6b-0 chRIGJ container-text text-embed\">\n<p>&#8220;No es solamente el problema de la provincia de Buenos Aires, sino que existe un problema de disputa de liderazgo. <strong>Muchos legisladores del peronismo van a votar la suspensi\u00f3n de las PASO<\/strong>&#8220;, agreg\u00f3 Francos.<\/p>\n<\/div>\n<div class=\"sc-198be8ec-0 cynXbu image-embed  image-embed \"><picture class=\"sc-198be8ec-1 kOjRiQ\"><source media=\"(min-width: 975px)\" width=\"720\" height=\"480\" \/><img alt=\"El bloque de Uni\u00f3n por la Patria con diferencias respecto a la eliminaci\u00f3n de las PASO. Fotos Emmanuel Fern\u00e1ndez.\" loading=\"lazy\" width=\"720\" height=\"480\" decoding=\"async\" data-nimg=\"1\" style=\"color:transparent\" src=\"https:\/\/13.com.ar\/wp-content\/uploads\/2025\/02\/el-Gobierno-apuesta-a-los-gobernadores-del-PJ-distanciados-de.jpg\"\/><span class=\"epigraphe\">El bloque de Uni\u00f3n por la Patria con diferencias respecto a la eliminaci\u00f3n de las PASO. Fotos Emmanuel Fern\u00e1ndez.<\/span><span class=\"bkg\"\/><span class=\"picture-open\"><button class=\"open-image\" aria-label=\"Open Image\"\/><\/span><\/picture><\/div>\n<div class=\"sc-80531b6b-0 chRIGJ container-text text-embed\">\n<p>Este martes comenzar\u00e1 la discusi\u00f3n en el plenario de las comisiones de Asuntos Constitucionales, Justicia y Presupuesto, y de conseguir el respaldo para el pliego, el jueves en el recinto se definir\u00e1 la suspensi\u00f3n de las elecciones Primarias para este 2025.<\/p>\n<\/div>\n<div class=\"sc-80531b6b-0 chRIGJ container-text text-embed\">\n<p>&#8220;Las PASO le cuestan a los argentinos 200 millones de d\u00f3lares. No solamente est\u00e1 el consenso popular con respecto a la eliminaci\u00f3n, sino que el 85% de los argentinos est\u00e1 de acuedo con eliminar o suspenderlas, es contundente&#8221;, sentenci\u00f3 Francos.<\/p>\n<\/div>\n<div class=\"sc-80531b6b-0 chRIGJ container-text text-embed\">\n<p>El jefe de Gabinete de Ministros manifest\u00f3 su esperanza en que el Congreso vote la eliminaci\u00f3n, o la suspensi\u00f3n para este a\u00f1o, y reconoci\u00f3 la limitaci\u00f3n del oficialismo para poder llevarlo adelante debido a no contar con los votos necesarios. <\/p>\n<\/div>\n<div class=\"sc-80531b6b-0 chRIGJ container-text text-embed\">\n<p>&#8220;El Gobierno quiere eliminarlas. Lo que pasa que no tenemos votos propios, dependemos de otros sectores&#8221;, admiti\u00f3 el funcionario.<\/p>\n<\/div>\n<div class=\"sc-80531b6b-0 chRIGJ container-text text-embed\">\n<p>La convocatoria a la sesi\u00f3n dentro del temario de extraordinarias, abona la hip\u00f3tesis de que el oficialismo tendr\u00eda los votos, con el apoyo del aliados como el PRO y parte de los bloques llamados dialoguistas como la UCR, Encuentro Federal y otros provinciales.<\/p>\n<\/div>\n<\/div>\n<p><br \/>\n<br \/><a href=\"https:\/\/www.clarin.com\/politica\/cansados-liderazgo-gobierno-apuesta-gobernadores-pj-distanciados-cristina-eliminar-paso_0_fcuMBtyt4y.html\">Fuente Clarin.com <\/a><\/p>\n","protected":false},"excerpt":{"rendered":"<p>En la previa al debate en el Congreso de la eliminaci\u00f3n de las Primarias Abiertas Simult\u00e1neas y Obligatorias (PASO) para este 2025, el jefe de Gabinete, Guillermo Francos, habl\u00f3 de una interna en el peronismo que le permitir\u00eda al oficialismo conseguir los votos necesarios para avanzar con el proyecto. &#8220;Hay una interna entre dos sectores [&hellip;]<\/p>\n","protected":false},"author":1,"featured_media":1743,"comment_status":"open","ping_status":"open","sticky":false,"template":"","format":"standard","meta":{"footnotes":""},"categories":[2],"tags":[2599,497,100,3459,3460,2769,71,48,28,16,158],"class_list":["post-1742","post","type-post","status-publish","format-standard","has-post-thumbnail","hentry","category-ultimas-noticias","tag-apuesta","tag-cristina","tag-del","tag-distanciados","tag-eliminar","tag-gobernadores","tag-gobierno","tag-las","tag-los","tag-para","tag-paso"],"_links":{"self":[{"href":"https:\/\/13.com.ar\/index.php\/wp-json\/wp\/v2\/posts\/1742","targetHints":{"allow":["GET"]}}],"collection":[{"href":"https:\/\/13.com.ar\/index.php\/wp-json\/wp\/v2\/posts"}],"about":[{"href":"https:\/\/13.com.ar\/index.php\/wp-json\/wp\/v2\/types\/post"}],"author":[{"embeddable":true,"href":"https:\/\/13.com.ar\/index.php\/wp-json\/wp\/v2\/users\/1"}],"replies":[{"embeddable":true,"href":"https:\/\/13.com.ar\/index.php\/wp-json\/wp\/v2\/comments?post=1742"}],"version-history":[{"count":0,"href":"https:\/\/13.com.ar\/index.php\/wp-json\/wp\/v2\/posts\/1742\/revisions"}],"wp:featuredmedia":[{"embeddable":true,"href":"https:\/\/13.com.ar\/index.php\/wp-json\/wp\/v2\/media\/1743"}],"wp:attachment":[{"href":"https:\/\/13.com.ar\/index.php\/wp-json\/wp\/v2\/media?parent=1742"}],"wp:term":[{"taxonomy":"category","embeddable":true,"href":"https:\/\/13.com.ar\/index.php\/wp-json\/wp\/v2\/categories?post=1742"},{"taxonomy":"post_tag","embeddable":true,"href":"https:\/\/13.com.ar\/index.php\/wp-json\/wp\/v2\/tags?post=1742"}],"curies":[{"name":"wp","href":"https:\/\/api.w.org\/{rel}","templated":true}]}}