{"id":1738,"date":"2025-02-04T09:20:53","date_gmt":"2025-02-04T12:20:53","guid":{"rendered":"https:\/\/13.com.ar\/index.php\/se-vienen-las-lluvias-y-despues-nuevamente-el-calor-infernal\/"},"modified":"2025-02-04T09:20:53","modified_gmt":"2025-02-04T12:20:53","slug":"se-vienen-las-lluvias-y-despues-nuevamente-el-calor-infernal","status":"publish","type":"post","link":"https:\/\/13.com.ar\/index.php\/se-vienen-las-lluvias-y-despues-nuevamente-el-calor-infernal\/","title":{"rendered":"se vienen las lluvias y despu\u00e9s&#8230; nuevamente el calor infernal"},"content":{"rendered":"<p> <br \/>\n<\/p>\n<div id=\"cuerpo\">\n<div class=\"sc-80531b6b-0 chRIGJ container-text text-embed\">\n<p>Durante la \u00faltima semana las lluvias fueron muy escasas en la zona n\u00facleo agr\u00edcola, la m\u00e1s productiva del pa\u00eds, que comprende el sur de Buenos Aires, sur de Santa Fe y sudeste de C\u00f3rdoba, Solo registraron lluvias de m\u00e1s de 50 mil\u00edmetros en algunas localidades aisladas. Sumado a esto, las temperaturas fueron agobiantes, con m\u00e1ximas superiores a 35 \u00b0C en la mayor parte de Argentina. Por eso, se registra un <strong>retroceso generalizado de las reservas h\u00eddricas<\/strong> necesarias para el desarrollo de los cultivos de verano como soja y ma\u00edz, y las pasturas.<\/p>\n<\/div>\n<div class=\"sc-80531b6b-0 chRIGJ container-text text-embed\">\n<p>El pron\u00f3stico para los pr\u00f3ximos d\u00edas no es muy alentador. Si bien se esperan aportes de agua, principalmente el mi\u00e9rcoles 5 de febrero, no ser\u00e1n abundantes. Y, para peor, una ola de calor a\u00fan m\u00e1s intensa que la del fin de semana pasado y el lunes 3 de febrero, se proyecta para el que viene.<\/p>\n<\/div>\n<p><h2>Reservas en rojo<\/h2>\n<\/p>\n<div class=\"sc-80531b6b-0 chRIGJ container-text text-embed\">\n<p>En pleno <strong>periodo de definici\u00f3n del rendimiento del ma\u00edz y la soja<\/strong>, la zona n\u00facleo pampeana evidenci\u00f3 en enero condiciones de <strong>sequ\u00eda<\/strong>.<\/p>\n<\/div>\n<div class=\"sc-80531b6b-0 chRIGJ container-text text-embed\">\n<p>El \u00edndice satelital TVDI que estima el contenido de agua disponible para la vegetaci\u00f3n en el periodo del 9 al 24 de enero, muestra su notable diferencia respecto de las condiciones normales de reservas h\u00eddricas (ver mapa). Dos \u00e1reas se destacan por sus escasos valores (color marr\u00f3n), el NOA (noroeste argentino) y la regi\u00f3n n\u00facleo pampeana.<\/p>\n<\/div>\n<div class=\"sc-198be8ec-0 cynXbu image-embed  image-embed \"><picture class=\"sc-198be8ec-1 kOjRiQ\"><source media=\"(min-width: 975px)\" width=\"720\" height=\"480\" \/><img alt=\"Reservas h\u00eddricas per\u00edodo del 9 al 24 de enero de 2025. ORA.\" loading=\"lazy\" width=\"720\" height=\"480\" decoding=\"async\" data-nimg=\"1\" style=\"color:transparent\" src=\"https:\/\/13.com.ar\/wp-content\/uploads\/2025\/02\/se-vienen-las-lluvias-y-despues-nuevamente-el-calor-infernal.jpg\"\/><span class=\"epigraphe\">Reservas h\u00eddricas per\u00edodo del 9 al 24 de enero de 2025. ORA.<\/span><span class=\"bkg\"\/><span class=\"picture-open\"><button class=\"open-image\" aria-label=\"Open Image\"\/><\/span><\/picture><\/div>\n<div class=\"sc-80531b6b-0 chRIGJ container-text text-embed\">\n<p>&#8220;En la zona n\u00facleo los <strong>ma\u00edces tempranos<\/strong> florecieron bien, aunque con la humedad justa, pero el <strong>marcado d\u00e9ficit h\u00eddrico de enero afect\u00f3 el llenado de los granos<\/strong> quedando vac\u00eda m\u00e1s de la mitad de la espiga&#8221;, indic\u00f3 la ORA. Seg\u00fan los datos de Estimaciones Agr\u00edcolas (SAGyP), <strong>muchos lotes se est\u00e1n picando para forraje con la planta seca pr\u00e1cticamente en su totalidad<\/strong>. Los ma\u00edces tard\u00edos y de segunda en general no presentan buenas perspectivas.<\/p>\n<\/div>\n<div class=\"sc-80531b6b-0 chRIGJ container-text text-embed\">\n<p>En el NEA (noreste argentino) los rindes de ma\u00edz no se terminan de definir a\u00fan, pero las altas temperaturas aumentan el estr\u00e9s y afectan el avance de la etapa final de siembra del cereal.<\/p>\n<\/div>\n<div class=\"sc-80531b6b-0 chRIGJ container-text text-embed\">\n<p>&#8220;El tipo de floraci\u00f3n indeterminada de la soja hace que las irregulares lluvias registradas en la zona n\u00facleo permitan la continuaci\u00f3n de este proceso fenol\u00f3gico. Las <strong>sojas de segunda fueron m\u00e1s afectadas<\/strong> por las altas temperaturas y la escasez h\u00eddrica. Se reportan <strong>lotes ralos y un crecimiento alterado<\/strong>, con <strong>plantas de bajo porte<\/strong> y panorama poco propicio&#8221;, inform\u00f3 la ORA. <\/p>\n<\/div>\n<p><h2>Lo que pas\u00f3<\/h2>\n<\/p>\n<div class=\"sc-80531b6b-0 chRIGJ container-text text-embed\">\n<p>En el mapa de precipitaci\u00f3n acumulada durante la semana que pas\u00f3 se observan algunos m\u00e1ximos aislados: 67 mil\u00edmetros en Resistencia (Chaco), 64 en Hernando (C\u00f3rdoba), 58 en Corrientes, 53 en La Rioja y 53 en Iguaz\u00fa (Misiones).<\/p>\n<\/div>\n<div class=\"sc-80531b6b-0 chRIGJ container-text text-embed\">\n<p>No obstante, en Entre R\u00edos, La Pampa, Buenos Aires y la Patagonia predominaron las \u00e1reas con lluvias inferiores a 10 mil\u00edmetros o nulas. <\/p>\n<\/div>\n<div class=\"sc-80531b6b-0 chRIGJ container-text text-embed\">\n<p>En cuanto a las temperaturas, las m\u00e1ximas superaron los 35 \u00b0C en la mayor parte del pa\u00eds. Las \u00fanicas provincias sin reportes superiores a esta marca t\u00e9rmica fueron Santa Cruz y Tierra del Fuego. El valor m\u00e1s alto registrado fue de 44 \u00b0C en Rivadavia (Salta), seguido por los 42.5\u00b0 C de Trelew (Chubut).<\/p>\n<\/div>\n<div class=\"sc-80531b6b-0 chRIGJ container-text text-embed\">\n<p>Se registraron vientos de m\u00e1s de 100 kil\u00f3metros por hora en un temporal que afect\u00f3 a Bah\u00eda Blanca.<\/p>\n<\/div>\n<p><h2>Lo que viene<\/h2>\n<\/p>\n<div class=\"sc-80531b6b-0 chRIGJ container-text text-embed\">\n<p>La Oficina de Riesgo Agropecuario (ORA) anticip\u00f3 precipitaciones para los pr\u00f3ximos d\u00edas en la zona n\u00facleo, las cuales, en general, ser\u00e1n <strong>inferiores a los 30 milimetro<\/strong>s, algo insuficiente para las plantas si se tiene en cuenta que<strong> las temperaturas ser\u00e1n superiores a lo normal<\/strong> en el centro del pa\u00eds, con marcas <strong>cercanas a los 40\u00b0C<\/strong> durante el fin de semana del 8 y 9 de febrero, tocando el m\u00e1ximo el lunes 10. <\/p>\n<\/div>\n<div class=\"sc-80531b6b-0 chRIGJ container-text text-embed\">\n<p>Para el martes 4 de febrero la ORA anticip\u00f3 tormentas en sur de C\u00f3rdoba y el noreste de San Luis. En tanto, hay alerta amarilla para el mi\u00e9rcoles 5 por tormentas fuertes en San Luis, sur de C\u00f3rdoba, noreste de La Pampa y noroeste y franja central de Buenos Aires. <\/p>\n<\/div>\n<\/div>\n<p><br \/>\n<br \/><a href=\"https:\/\/www.clarin.com\/rural\/cultivo-aguante-vienen-lluvias-despues-nuevamente-calor-infernal_0_9ZI31I6QKm.html\">Fuente Clarin.com <\/a><\/p>\n","protected":false},"excerpt":{"rendered":"<p>Durante la \u00faltima semana las lluvias fueron muy escasas en la zona n\u00facleo agr\u00edcola, la m\u00e1s productiva del pa\u00eds, que comprende el sur de Buenos Aires, sur de Santa Fe y sudeste de C\u00f3rdoba, Solo registraron lluvias de m\u00e1s de 50 mil\u00edmetros en algunas localidades aisladas. Sumado a esto, las temperaturas fueron agobiantes, con m\u00e1ximas [&hellip;]<\/p>\n","protected":false},"author":1,"featured_media":1739,"comment_status":"open","ping_status":"open","sticky":false,"template":"","format":"standard","meta":{"footnotes":""},"categories":[2],"tags":[1204,1514,2732,48,1206,3396,2028],"class_list":["post-1738","post","type-post","status-publish","format-standard","has-post-thumbnail","hentry","category-ultimas-noticias","tag-calor","tag-despues","tag-infernal","tag-las","tag-lluvias","tag-nuevamente","tag-vienen"],"_links":{"self":[{"href":"https:\/\/13.com.ar\/index.php\/wp-json\/wp\/v2\/posts\/1738","targetHints":{"allow":["GET"]}}],"collection":[{"href":"https:\/\/13.com.ar\/index.php\/wp-json\/wp\/v2\/posts"}],"about":[{"href":"https:\/\/13.com.ar\/index.php\/wp-json\/wp\/v2\/types\/post"}],"author":[{"embeddable":true,"href":"https:\/\/13.com.ar\/index.php\/wp-json\/wp\/v2\/users\/1"}],"replies":[{"embeddable":true,"href":"https:\/\/13.com.ar\/index.php\/wp-json\/wp\/v2\/comments?post=1738"}],"version-history":[{"count":0,"href":"https:\/\/13.com.ar\/index.php\/wp-json\/wp\/v2\/posts\/1738\/revisions"}],"wp:featuredmedia":[{"embeddable":true,"href":"https:\/\/13.com.ar\/index.php\/wp-json\/wp\/v2\/media\/1739"}],"wp:attachment":[{"href":"https:\/\/13.com.ar\/index.php\/wp-json\/wp\/v2\/media?parent=1738"}],"wp:term":[{"taxonomy":"category","embeddable":true,"href":"https:\/\/13.com.ar\/index.php\/wp-json\/wp\/v2\/categories?post=1738"},{"taxonomy":"post_tag","embeddable":true,"href":"https:\/\/13.com.ar\/index.php\/wp-json\/wp\/v2\/tags?post=1738"}],"curies":[{"name":"wp","href":"https:\/\/api.w.org\/{rel}","templated":true}]}}