{"id":1734,"date":"2025-02-04T08:51:49","date_gmt":"2025-02-04T11:51:49","guid":{"rendered":"https:\/\/13.com.ar\/index.php\/modifico-su-cargo-por-decreto-y-apunto-a-la-lucha-contra-el-narcotrafico-la-trata-y-el-crimen-organizado\/"},"modified":"2025-02-04T08:51:49","modified_gmt":"2025-02-04T11:51:49","slug":"modifico-su-cargo-por-decreto-y-apunto-a-la-lucha-contra-el-narcotrafico-la-trata-y-el-crimen-organizado","status":"publish","type":"post","link":"https:\/\/13.com.ar\/index.php\/modifico-su-cargo-por-decreto-y-apunto-a-la-lucha-contra-el-narcotrafico-la-trata-y-el-crimen-organizado\/","title":{"rendered":"modific\u00f3 su cargo por decreto y apunt\u00f3 a la lucha contra el narcotr\u00e1fico, la trata y el crimen organizado"},"content":{"rendered":"<p> <br \/>\n<br \/><img decoding=\"async\" src=\"https:\/\/13.com.ar\/wp-content\/uploads\/2025\/02\/modifico-su-cargo-por-decreto-y-apunto-a-la-lucha.jpg\" \/><\/p>\n<div>\n<p>El presidente <strong>Javier Milei <\/strong>le dio un <strong>fuerte respaldo a la gesti\u00f3n de Patricia Bullrich<\/strong>, a trav\u00e9s de la modificaci\u00f3n de la Ley de Ministerios.<\/p>\n<\/div>\n<div>\n<p>Lo hizo a trav\u00e9s de la firma del decreto 58\/2025 el cambi\u00f3 el nombre a la cartera de Seguridad conducida por la funcionaria.<\/p>\n<\/div>\n<div>\n<p>De esta manera, Bullrich es la nueva ministra de <strong>Seguridad Nacional<\/strong>, seg\u00fan lo establece el Decreto 59\/2025 publicado en el Bolet\u00edn Oficial.<\/p>\n<\/div>\n<div>\n<p>&#8220;Atento la experiencia recabada, y a efectos de resaltar las competencias asignadas al Ministerio de Seguridad, resulta necesaria y urgente efectuar una modificaci\u00f3n a su denominaci\u00f3n que refleje su misi\u00f3n en la prevenci\u00f3n y la lucha contra los delitos federales, entre los que se encuentran e<strong>l narcotr\u00e1fico, la trata de personas y otros delitos organizados y complejos<\/strong>&#8220;, indic\u00f3 el texto en sus considerandos.<\/p>\n<\/div>\n<div>\n<p>En ese marco, se dispuso que &#8220;la denominaci\u00f3n <strong>Ministerio de Seguridad Nacional<\/strong> resulta m\u00e1s adecuada a las funciones que desarrolla el Ministerio de Seguridad en concordancia con el cambio de paradigma del concepto &#8216;Seguridad&#8217;, donde la vida, la libertad y el patrimonio de las personas resultan los pilares fundamentales para el desarrollo de los proyectos de vida de cada individuo, como as\u00ed tambi\u00e9n del progreso de la Naci\u00f3n en su conjunto&#8221;.<\/p>\n<\/div>\n<div>\n<p>En paralelo, con el fin de cumplir con una mera formalidad, el Decreto 59\/2025 del flamante Ministerio de Seguridad Nacional <strong>design\u00f3 a Patricia Bullrich como la m\u00e1xima responsable de esa cartera<\/strong>.<\/p>\n<\/div>\n<div>\n<p>Adem\u00e1s, el decreto suprime la Secretar\u00eda de Prensa de la Presidencia de la Naci\u00f3n, cuyas funciones ser\u00e1n absorbidas por la nueva Secretar\u00eda de Comunicaci\u00f3n y Medios.<\/p>\n<\/div>\n<div>\n<p>El gabinete presidencial quedar\u00e1 conformado por ocho ministerios: Relaciones Exteriores, Defensa, Econom\u00eda, Justicia, Seguridad Nacional, Salud, Capital Humano y Desregulaci\u00f3n y Transformaci\u00f3n del Estado.<\/p>\n<\/div>\n<div>\n<p>Tambi\u00e9n se reestructuran las Secretar\u00edas Presidenciales, que ser\u00e1n: General, Legal y T\u00e9cnica, Planeamiento Estrat\u00e9gico Normativo, Inteligencia de Estado, Comunicaci\u00f3n y Medios, y Cultura.<\/p>\n<\/div>\n<p><br \/>\n<br \/><a href=\"https:\/\/www.clarin.com\/politica\/javier-milei-ascendio-patricia-bullrich-modifico-cargo-decreto-apunto-lucha-narcotrafico-trata-crimen-organizado_0_CTIAKNZu4r.html\">Fuente Clarin.com <\/a><\/p>\n","protected":false},"excerpt":{"rendered":"<p>El presidente Javier Milei le dio un fuerte respaldo a la gesti\u00f3n de Patricia Bullrich, a trav\u00e9s de la modificaci\u00f3n de la Ley de Ministerios. Lo hizo a trav\u00e9s de la firma del decreto 58\/2025 el cambi\u00f3 el nombre a la cartera de Seguridad conducida por la funcionaria. De esta manera, Bullrich es la nueva [&hellip;]<\/p>\n","protected":false},"author":1,"featured_media":1735,"comment_status":"open","ping_status":"open","sticky":false,"template":"","format":"standard","meta":{"footnotes":""},"categories":[2],"tags":[1138,639,835,369,656,3457,3456,1043,370,142,2792],"class_list":["post-1734","post","type-post","status-publish","format-standard","has-post-thumbnail","hentry","category-ultimas-noticias","tag-apunto","tag-cargo","tag-contra","tag-crimen","tag-decreto","tag-lucha","tag-modifico","tag-narcotrafico","tag-organizado","tag-por","tag-trata"],"_links":{"self":[{"href":"https:\/\/13.com.ar\/index.php\/wp-json\/wp\/v2\/posts\/1734","targetHints":{"allow":["GET"]}}],"collection":[{"href":"https:\/\/13.com.ar\/index.php\/wp-json\/wp\/v2\/posts"}],"about":[{"href":"https:\/\/13.com.ar\/index.php\/wp-json\/wp\/v2\/types\/post"}],"author":[{"embeddable":true,"href":"https:\/\/13.com.ar\/index.php\/wp-json\/wp\/v2\/users\/1"}],"replies":[{"embeddable":true,"href":"https:\/\/13.com.ar\/index.php\/wp-json\/wp\/v2\/comments?post=1734"}],"version-history":[{"count":0,"href":"https:\/\/13.com.ar\/index.php\/wp-json\/wp\/v2\/posts\/1734\/revisions"}],"wp:featuredmedia":[{"embeddable":true,"href":"https:\/\/13.com.ar\/index.php\/wp-json\/wp\/v2\/media\/1735"}],"wp:attachment":[{"href":"https:\/\/13.com.ar\/index.php\/wp-json\/wp\/v2\/media?parent=1734"}],"wp:term":[{"taxonomy":"category","embeddable":true,"href":"https:\/\/13.com.ar\/index.php\/wp-json\/wp\/v2\/categories?post=1734"},{"taxonomy":"post_tag","embeddable":true,"href":"https:\/\/13.com.ar\/index.php\/wp-json\/wp\/v2\/tags?post=1734"}],"curies":[{"name":"wp","href":"https:\/\/api.w.org\/{rel}","templated":true}]}}