{"id":17316,"date":"2025-04-02T11:24:28","date_gmt":"2025-04-02T14:24:28","guid":{"rendered":"https:\/\/13.com.ar\/index.php\/el-gobierno-sostendra-la-designacion-por-decreto-de-ariel-lijo-y-garcia-mansilla-a-la-corte-suprema-aunque-el-senado-rechace-sus-pliegos\/"},"modified":"2025-04-02T11:24:28","modified_gmt":"2025-04-02T14:24:28","slug":"el-gobierno-sostendra-la-designacion-por-decreto-de-ariel-lijo-y-garcia-mansilla-a-la-corte-suprema-aunque-el-senado-rechace-sus-pliegos","status":"publish","type":"post","link":"https:\/\/13.com.ar\/index.php\/el-gobierno-sostendra-la-designacion-por-decreto-de-ariel-lijo-y-garcia-mansilla-a-la-corte-suprema-aunque-el-senado-rechace-sus-pliegos\/","title":{"rendered":"El Gobierno sostendr\u00e1 la designaci\u00f3n por decreto de Ariel Lijo y Garc\u00eda-Mansilla a la Corte Suprema aunque el Senado rechace sus pliegos"},"content":{"rendered":"<p> <br \/>\n<br \/><img decoding=\"async\" src=\"https:\/\/13.com.ar\/wp-content\/uploads\/2025\/02\/Se-presento-el-primer-amparo-para-suspender-la-designacion-en.jpg\" \/><\/p>\n<div id=\"element-body-0\">\n<p>En momentos en que la Casa Rosada busca conseguir los dos tercios de votos necesarios para nombrar de manera permanente a sus candidatos para la Corte Suprema,<strong> Ariel Lijo y Manuel Garc\u00eda-Mansilla<\/strong>, a los que el presidente Javier Milei nombr\u00f3 por decreto en comisi\u00f3n, el jefe de Gabinete, Guillermo Francos, afirm\u00f3 que el <strong>Gobierno sostendr\u00e1 la designaci\u00f3n de ambos <\/strong>aunque el Senado de la Naci\u00f3n rechace los pliegos.<\/p>\n<\/div>\n<div id=\"element-body-1\">\n<p>&#8220;Garc\u00eda Mansilla<strong> va a seguir hasta el 30 de noviembre<\/strong>. Su designaci\u00f3n es sin perjuicio de lo que defina el Senado. De la misma manera, si el pliego de Garc\u00eda Mansilla se rechaza en este Congreso, el pr\u00f3ximo Congreso que se instale a partir del 10 de diciembre va a ser otro y <strong>el Presidente podr\u00e1 insistir con estos pliegos <\/strong>u otros para que sean tratados por el Senado&#8221;, puntualiz\u00f3 Francos.<\/p>\n<\/div>\n<div id=\"element-body-2\">\n<p>En ese l\u00ednea, el ministro coordinador detall\u00f3: &#8220;Por ahora, tanto Garc\u00eda Mansilla, que ya es miembro de la Corte y se le tom\u00f3 juramento como juez, y el juez Lijo, si quisiera tomar juramento en su momento en la Corte,<strong> ambos fueron designados transitoriamente por decreto del Presidente hasta el 30 de noviembre y podr\u00e1n seguir si\u00e9ndolo&#8221;.<\/strong><\/p>\n<\/div>\n<div id=\"element-body-3\">\n<p>Si bien el Gobierno toma nota de que la negociaci\u00f3n en el Senado por los pliegos de Lijo y Garc\u00eda Mansilla qued\u00f3 estancada, todo parece indicar que el Ejecutivo nacional se jugar\u00e1 a suerte y verdad en la sesi\u00f3n convocada para este jueves 3 de abril. El escenario es complejo porque el oficialismo no tendr\u00eda los dos tercios de los presentes que se necesitan para aprobarlos, mientras en el peronismo a\u00fan no puede garantizar que no vaya a haber fuga de votos en sus filas.<\/p>\n<\/div>\n<div id=\"element-body-4\">\n<p>&#8220;Hemos escuchado tantas posiciones sobre este tema que uno termina mareado. Al principio aprecia que iban a apoyar, despu\u00e9s parec\u00eda que no. Despu\u00e9s intervino Cristina (Kirchner) y parec\u00eda que estaba enojada y que no. Yo no puedo decirlo con precisi\u00f3n. Es una cosa rara adem\u00e1s porque ambos pliegos fueron aprobados en la Comisi\u00f3n y despu\u00e9s van al pleno y pareciera que no. <strong>Nos da la sensaci\u00f3n de que no est\u00e1n los votos para aprobar los pliegos.<\/strong> Con un bloque de 6 senadores hemos hecho demasiado&#8221;, reconoci\u00f3 Francos en di\u00e1logo con radio Rivadavia.<\/p>\n<\/div>\n<div id=\"element-body-5\">\n<p>Para el ministro coordinador, &#8220;<strong>se hizo todo lo que hab\u00eda que hacerse y ahora es el pleno de los senadores el que lo tiene que resolver<\/strong>&#8220;. En ese contexto, el funcionario nacional afirm\u00f3 que espera &#8220;con mucha expectativa las elecciones de octubre para ver c\u00f3mo se modifican los bloques y c\u00f3mo queda La Libertad Avanza en el Senado y c\u00f3mo quedan los bloques que hoy son primera minor\u00eda&#8221;.<\/p>\n<\/div>\n<p><br \/>\n<br \/><a href=\"https:\/\/www.clarin.com\/politica\/gobierno-sostendra-designacion-decreto-ariel-lijo-garcia-mansilla-corte-suprema-senado-rechace-pliegos_0_EXWSZRBrPK.html\">Fuente Clarin.com <\/a><\/p>\n","protected":false},"excerpt":{"rendered":"<p>En momentos en que la Casa Rosada busca conseguir los dos tercios de votos necesarios para nombrar de manera permanente a sus candidatos para la Corte Suprema, Ariel Lijo y Manuel Garc\u00eda-Mansilla, a los que el presidente Javier Milei nombr\u00f3 por decreto en comisi\u00f3n, el jefe de Gabinete, Guillermo Francos, afirm\u00f3 que el Gobierno sostendr\u00e1 [&hellip;]<\/p>\n","protected":false},"author":1,"featured_media":8125,"comment_status":"open","ping_status":"open","sticky":false,"template":"","format":"standard","meta":{"footnotes":""},"categories":[2],"tags":[2533,121,297,656,9257,9199,71,6386,9592,142,13618,5153,14808,2357,40],"class_list":["post-17316","post","type-post","status-publish","format-standard","has-post-thumbnail","hentry","category-ultimas-noticias","tag-ariel","tag-aunque","tag-corte","tag-decreto","tag-designacion","tag-garciamansilla","tag-gobierno","tag-lijo","tag-pliegos","tag-por","tag-rechace","tag-senado","tag-sostendra","tag-suprema","tag-sus"],"_links":{"self":[{"href":"https:\/\/13.com.ar\/index.php\/wp-json\/wp\/v2\/posts\/17316","targetHints":{"allow":["GET"]}}],"collection":[{"href":"https:\/\/13.com.ar\/index.php\/wp-json\/wp\/v2\/posts"}],"about":[{"href":"https:\/\/13.com.ar\/index.php\/wp-json\/wp\/v2\/types\/post"}],"author":[{"embeddable":true,"href":"https:\/\/13.com.ar\/index.php\/wp-json\/wp\/v2\/users\/1"}],"replies":[{"embeddable":true,"href":"https:\/\/13.com.ar\/index.php\/wp-json\/wp\/v2\/comments?post=17316"}],"version-history":[{"count":0,"href":"https:\/\/13.com.ar\/index.php\/wp-json\/wp\/v2\/posts\/17316\/revisions"}],"wp:featuredmedia":[{"embeddable":true,"href":"https:\/\/13.com.ar\/index.php\/wp-json\/wp\/v2\/media\/8125"}],"wp:attachment":[{"href":"https:\/\/13.com.ar\/index.php\/wp-json\/wp\/v2\/media?parent=17316"}],"wp:term":[{"taxonomy":"category","embeddable":true,"href":"https:\/\/13.com.ar\/index.php\/wp-json\/wp\/v2\/categories?post=17316"},{"taxonomy":"post_tag","embeddable":true,"href":"https:\/\/13.com.ar\/index.php\/wp-json\/wp\/v2\/tags?post=17316"}],"curies":[{"name":"wp","href":"https:\/\/api.w.org\/{rel}","templated":true}]}}