{"id":17313,"date":"2025-04-02T11:00:31","date_gmt":"2025-04-02T14:00:31","guid":{"rendered":"https:\/\/13.com.ar\/index.php\/una-familia-de-clase-media-portena-necesita-73-000-por-dia-para-poder-cubrir-sus-gastos\/"},"modified":"2025-04-02T11:00:31","modified_gmt":"2025-04-02T14:00:31","slug":"una-familia-de-clase-media-portena-necesita-73-000-por-dia-para-poder-cubrir-sus-gastos","status":"publish","type":"post","link":"https:\/\/13.com.ar\/index.php\/una-familia-de-clase-media-portena-necesita-73-000-por-dia-para-poder-cubrir-sus-gastos\/","title":{"rendered":"Una familia de clase media porte\u00f1a necesita $ 73.000 por d\u00eda para poder cubrir sus gastos"},"content":{"rendered":"<p> <br \/>\n<br \/><img decoding=\"async\" src=\"https:\/\/13.com.ar\/wp-content\/uploads\/2025\/04\/Una-familia-de-clase-media-portena-necesita-73000-por.jpg\" \/><\/p>\n<div id=\"element-body-0\">\n<p>Una familia tipo, compuesta por un matrimonio y dos hijos en edad escolar que vive en la Ciudad de Buenos Aires, <strong>necesit\u00f3 en febrero un presupuesto de $ 2.194.104 para afrontar todos sus gastos, <\/strong>seg\u00fan un relevamiento privado. El subte, el ABL, las frutas y verduras, la telefon\u00eda m\u00f3vil y el servicio de TV e Internet fueron los rubros que m\u00e1s aumentaron en ese lapso.<\/p>\n<\/div>\n<div id=\"element-body-1\">\n<p><strong>Fueron $ 73,137 diarios<\/strong> para afrontar los gastos mensuales; de los cuales, $ 20.885 se destinaron a adquirir productos de consumo y $ 52.252 para pagar servicios.<\/p>\n<\/div>\n<div id=\"element-body-2\">\n<p>Las cuentas fueron realizadas por el Centro de Educaci\u00f3n, Servicios y Asesoramiento al Consumidor (CESyAC) que hace un seguimiento sobre los precios de la canasta de alimentos y servicios. El relevamiento incluye, entre varios \u00edtems, el alquiler de vivienda, los gastos de un auto de 10 a\u00f1os de antig\u00fcedad, el abono de medicina prepaga, la cuota de un colegio privado de dos ni\u00f1os y el abono familiar en un club.<\/p>\n<\/div>\n<div id=\"element-body-3\">\n<p>Seg\u00fan Fernando Barrera, director del CESyAC, la canasta de la clase media subi\u00f3 3,53% en febrero contra enero (mientras que la inflaci\u00f3n del INDEC marc\u00f3 2,4%), mientras que l<strong>a variaci\u00f3n de precios interanual fue de 104,73%.<\/strong><\/p>\n<\/div>\n<div id=\"element-body-4\">\n<p>De los $ 2.194.104 calculados por la entidad, $ 1.567.563,35 <strong>(71%) <\/strong>fueron necesarios para contratar los<strong> servicios b\u00e1sicos <\/strong>para el hogar<strong>, mientras que $ 626.540,40 (29%) se destinaron a adquirir productos de consumo masivo.<\/strong> <\/p>\n<\/div>\n<div id=\"element-body-5\">\n<p>Mientras que los servicios b\u00e1sicos aumentaron 3,82%, los productos de consumo masivo se incrementaron 2,82%.<\/p>\n<\/div>\n<div id=\"element-body-6\">\n<p>De acuerdo con este sondeo, los aumentos m\u00e1s relevantes fueron en telefon\u00eda m\u00f3vil (4,55%), energ\u00eda el\u00e9ctrica (4%), medicina prepaga (2,95%), Agua y Saneamiento (2%), combustible (2%), comestibles envasados (1,83%) y bebidas (1,74%).<\/p>\n<\/div>\n<div id=\"element-body-8\">\n<p>Desde el a\u00f1o pasado, empez\u00f3 a marcarse la tendencia de un mayor aumento en los servicios que en los bienes de consumo masivo, por la quita de subsidios que implement\u00f3 el Gobierno y la desregulaci\u00f3n en sectores como la medicina privada.<\/p>\n<\/div>\n<div id=\"element-body-9\">\n<p>Por otro lado, los<strong> precios de la canasta<\/strong> se mantuvieron m\u00e1s <strong>encorsetados <\/strong>en los \u00faltimos meses debido a la<strong> ca\u00edda del consumo<\/strong> que sigue sin recuperar su pulso. Esta retracci\u00f3n de la demanda hace que los fabricantes y el comercio en general tampoco pueda remarcar sus productos en la medida que desean.<\/p>\n<\/div>\n<div id=\"element-body-10\">\n<p>En la medici\u00f3n que hace el INDEC para establecer l<strong>as l\u00edneas de pobreza e indigencia,<\/strong> la estimaci\u00f3n es diferente ya que no incluye los consumos t\u00edpicos de la clase media, como tampoco el alquiler. Se trata de <strong>consumos m\u00e1s b\u00e1sicos e indispensables. <\/strong><\/p>\n<\/div>\n<div id=\"element-body-11\">\n<p>En esa l\u00f3gica, una familia tipo, compuesta por un var\u00f3n de 35 a\u00f1os, una mujer de 31 a\u00f1os, un hijo de 6 a\u00f1os y una hija de 8 a\u00f1os, necesit\u00f3 -tambi\u00e9n en febrero,<strong> $ 1.057.923 para no ser pobre.<\/strong><\/p>\n<\/div>\n<div id=\"element-body-12\">\n<p>Y ese mismo hogar conformado por dos personas adultas y dos menores de edad requiri\u00f3<strong> $ 468.108 para cubrir sus necesidades b\u00e1sicas de alimentaci\u00f3n y no quedar en situaci\u00f3n de indigencia.<\/strong><\/p>\n<\/div>\n<p><br \/>\n<br \/><a href=\"https:\/\/www.clarin.com\/economia\/familia-clase-media-portena-necesito-2200000-cubrir-gastos-mensuales-febrero_0_4K9SYsHBbA.html\">Fuente Clarin.com <\/a><\/p>\n","protected":false},"excerpt":{"rendered":"<p>Una familia tipo, compuesta por un matrimonio y dos hijos en edad escolar que vive en la Ciudad de Buenos Aires, necesit\u00f3 en febrero un presupuesto de $ 2.194.104 para afrontar todos sus gastos, seg\u00fan un relevamiento privado. El subte, el ABL, las frutas y verduras, la telefon\u00eda m\u00f3vil y el servicio de TV e [&hellip;]<\/p>\n","protected":false},"author":1,"featured_media":17314,"comment_status":"open","ping_status":"open","sticky":false,"template":"","format":"standard","meta":{"footnotes":""},"categories":[2],"tags":[2120,5018,1154,1497,246,2121,2012,16,2140,142,1342,40,73],"class_list":["post-17313","post","type-post","status-publish","format-standard","has-post-thumbnail","hentry","category-ultimas-noticias","tag-clase","tag-cubrir","tag-dia","tag-familia","tag-gastos","tag-media","tag-necesita","tag-para","tag-poder","tag-por","tag-portena","tag-sus","tag-una"],"_links":{"self":[{"href":"https:\/\/13.com.ar\/index.php\/wp-json\/wp\/v2\/posts\/17313","targetHints":{"allow":["GET"]}}],"collection":[{"href":"https:\/\/13.com.ar\/index.php\/wp-json\/wp\/v2\/posts"}],"about":[{"href":"https:\/\/13.com.ar\/index.php\/wp-json\/wp\/v2\/types\/post"}],"author":[{"embeddable":true,"href":"https:\/\/13.com.ar\/index.php\/wp-json\/wp\/v2\/users\/1"}],"replies":[{"embeddable":true,"href":"https:\/\/13.com.ar\/index.php\/wp-json\/wp\/v2\/comments?post=17313"}],"version-history":[{"count":0,"href":"https:\/\/13.com.ar\/index.php\/wp-json\/wp\/v2\/posts\/17313\/revisions"}],"wp:featuredmedia":[{"embeddable":true,"href":"https:\/\/13.com.ar\/index.php\/wp-json\/wp\/v2\/media\/17314"}],"wp:attachment":[{"href":"https:\/\/13.com.ar\/index.php\/wp-json\/wp\/v2\/media?parent=17313"}],"wp:term":[{"taxonomy":"category","embeddable":true,"href":"https:\/\/13.com.ar\/index.php\/wp-json\/wp\/v2\/categories?post=17313"},{"taxonomy":"post_tag","embeddable":true,"href":"https:\/\/13.com.ar\/index.php\/wp-json\/wp\/v2\/tags?post=17313"}],"curies":[{"name":"wp","href":"https:\/\/api.w.org\/{rel}","templated":true}]}}