{"id":17309,"date":"2025-04-02T10:54:29","date_gmt":"2025-04-02T13:54:29","guid":{"rendered":"https:\/\/13.com.ar\/index.php\/cuando-me-vaya-de-este-mundo-no-me-olviden\/"},"modified":"2025-04-02T10:54:29","modified_gmt":"2025-04-02T13:54:29","slug":"cuando-me-vaya-de-este-mundo-no-me-olviden","status":"publish","type":"post","link":"https:\/\/13.com.ar\/index.php\/cuando-me-vaya-de-este-mundo-no-me-olviden\/","title":{"rendered":"Cuando me vaya de este mundo, no me olviden"},"content":{"rendered":"<p> <br \/>\n<\/p>\n<div id=\"cuerpo\">\n<div class=\"sc-80531b6b-0 chRIGJ container-text text-embed\" id=\"element-body-0\">\n<p><strong>Mirtha Legrand<\/strong> fue una espectadora de lujo el pasado martes por la noche de una funci\u00f3n especial de <strong><em>Mirtha, el mito,<\/em><\/strong><em> <\/em>obra escrita y dirigida por <strong>Jos\u00e9 Mar\u00eda Muscari<\/strong> en homenaje a ella. La diva tambi\u00e9n fue distinguida por el <strong>secretario de Cultura, Leonardo Cifelli. <\/strong><\/p>\n<\/div>\n<div class=\"sc-80531b6b-0 chRIGJ container-text text-embed\" id=\"element-body-1\">\n<p>Si bien la obra en homenaje a Mirtha Legrand fue estrenada el pasado 1\u00b0 de marzo en el Palacio Libertad (ex CCK), la diva de los almuerzos reci\u00e9n pudo verla por primea vez el martes por la noche.<\/p>\n<\/div>\n<div class=\"sc-80531b6b-0 chRIGJ container-text text-embed\" id=\"element-body-2\">\n<p><strong>La espectadora de lujo se sent\u00f3 en primera fila<\/strong>, disfrut\u00f3 del espect\u00e1culo y al finalizar dio unas palabras al p\u00fablico presente, acompa\u00f1ada por el secretario de Cultura, Leonardo Cifelli, la directora del Palacio Libertad, Valeria Ambrosio, y el guionista y director de la obra, Jos\u00e9 Mar\u00eda Muscari.<\/p>\n<\/div>\n<div class=\"sc-80531b6b-0 chRIGJ container-text text-embed\" id=\"element-body-3\">\n<p>Atr\u00e1s de Mirtha, sobre el escenario, se sentaron todas las actrices y bailarinas que interpretan a la conductora Vanesa Butera, Julia Calvo, Ana Mar\u00eda Cores, Vera Frood, Andrea Ghidone y Natalia Lobo, Tiki Lovera, Anita Pauls, Bel\u00e9n Pascualini, Mar\u00eda Roj\u00ed, Ded\u00e9 Romano, Heidy Viciedo, Romi Fos, Delfina Garc\u00eda Escudero y Josefina Oriozabala.<\/p>\n<\/div>\n<div class=\"sc-80531b6b-0 chRIGJ container-text text-embed\" id=\"element-body-4\">\n<p>Emocionada, Legrand confes\u00f3 respecto al espect\u00e1culo que rememora su vida personal y su carrera, tanto en su rol actriz como conductora: &#8220;Esto es demasiado&#8221;.<\/p>\n<\/div>\n<div class=\"sc-80531b6b-0 chRIGJ container-text text-embed\" id=\"element-body-5\">\n<p>&#8220;Les cuento c\u00f3mo inici\u00f3 todo esto, me llam\u00f3 Valeria (Ambrosio) por tel\u00e9fono y me dijo que me quer\u00edan hacer un homenaje, yo le dije que no, estaba muy cansada, hab\u00eda grabado todo el d\u00eda en Mar del Plata&#8221;, record\u00f3 Mirtha.<\/p>\n<\/div>\n<div class=\"sc-80531b6b-0 chRIGJ container-text text-embed\" id=\"element-body-6\">\n<p>&#8220;Bueno, insisti\u00f3, finalmente habl\u00f3 con mi nieto (Nacho Viale),<strong> me convencieron y aqu\u00ed estoy<\/strong>&#8220;, reconoci\u00f3 la diva.<\/p>\n<\/div>\n<div class=\"sc-98b114a2-0 bkqiHH image-embed  image-embed \" id=\"element-body-7\"><picture class=\"sc-98b114a2-1 jRUlDm\"><source media=\"(min-width: 975px)\" width=\"720\" height=\"480\" \/><img alt=\"Mirtha Legrand vio &quot;Mirtha, el mito&quot; desde la primera fila. Foto: movilpress\" loading=\"lazy\" width=\"720\" height=\"480\" decoding=\"async\" data-nimg=\"1\" style=\"color:transparent\" src=\"https:\/\/13.com.ar\/wp-content\/uploads\/2025\/04\/Cuando-me-vaya-de-este-mundo-no-me-olviden.jpg\"\/><span class=\"epigraphe\">Mirtha Legrand vio &#8220;Mirtha, el mito&#8221; desde la primera fila. Foto: movilpress<\/span><span class=\"picture-open\"><button class=\"open-image\" aria-label=\"Open Image\"\/><\/span><\/picture><\/div>\n<div class=\"sc-80531b6b-0 chRIGJ container-text text-embed\" id=\"element-body-8\">\n<p>Respecto a lo que hab\u00eda visto, la conductora de <em>Almorzando con Mirtha Legrand <\/em>confes\u00f3:<em> <\/em><strong>&#8220;Me he emocionado tanto, todo lo que han visto es verdad, lo bueno y lo malo&#8221;. <\/strong><\/p>\n<\/div>\n<div class=\"sc-80531b6b-0 chRIGJ container-text text-embed\" id=\"element-body-9\">\n<p>&#8220;Qu\u00e9 homenaje tan lindo, <strong>nunca imagin\u00e9 esto, yo no s\u00e9 si merezco todo esto<\/strong>, es demasiado&#8221;, agreg\u00f3, mientras el p\u00fablico la ovacionaba.<\/p>\n<\/div>\n<div class=\"sc-98b114a2-0 bkqiHH image-embed  image-embed \" id=\"element-body-10\"><picture class=\"sc-98b114a2-1 jRUlDm\"><source media=\"(min-width: 975px)\" width=\"720\" height=\"480\" \/><img alt=\"Las actrices que interpretan a Mirtha Legrand en &quot;Mirtha, el mito&quot;. Foto: movilpress\" loading=\"lazy\" width=\"720\" height=\"480\" decoding=\"async\" data-nimg=\"1\" style=\"color:transparent\" src=\"https:\/\/13.com.ar\/wp-content\/uploads\/2025\/04\/1743602069_113_Cuando-me-vaya-de-este-mundo-no-me-olviden.jpg\"\/><span class=\"epigraphe\">Las actrices que interpretan a Mirtha Legrand en &#8220;Mirtha, el mito&#8221;. Foto: movilpress<\/span><span class=\"picture-open\"><button class=\"open-image\" aria-label=\"Open Image\"\/><\/span><\/picture><\/div>\n<div class=\"sc-80531b6b-0 chRIGJ container-text text-embed\" id=\"element-body-11\">\n<p>Luego, rememor\u00f3 los comienzos de su carrera e hizo una breve menci\u00f3n a los a\u00f1os que su programa estuvo censurado, sin decirlo expl\u00edcitamente<strong>: &#8220;Empec\u00e9 a trabajar a los 14 a\u00f1os y no par\u00e9 nunca,<\/strong> a excepci\u00f3n de unos a\u00f1os por motivos que no voy a mencionar&#8221;.<\/p>\n<\/div>\n<div class=\"sc-80531b6b-0 chRIGJ container-text text-embed\" id=\"element-body-12\">\n<p><strong>&#8220;Hoy no voy a dormir, voy a pensar en todo esto<\/strong>, \u00bfqui\u00e9n estudi\u00f3 todo esto? \u00bfC\u00f3mo estudiaste mi vida as\u00ed? Sos un peligro vos&#8221;, le dijo a Jos\u00e9 Mar\u00eda Muscari, el creador de la obra. <\/p>\n<\/div>\n<div class=\"sc-80531b6b-0 chRIGJ container-text text-embed\" id=\"element-body-13\">\n<p>&#8220;Yo voy a recomendar esto a todo el mundo&#8221;, adelant\u00f3 Legrand.<\/p>\n<\/div>\n<div class=\"sc-98b114a2-0 bkqiHH image-embed  image-embed \" id=\"element-body-14\"><picture class=\"sc-98b114a2-1 jRUlDm\"><source media=\"(min-width: 975px)\" width=\"720\" height=\"480\" \/><img alt=\"Mirtha Legrand saludando a Jos\u00e9 Mar\u00eda Muscari, creador de &quot;Mirtha, el mito&quot;. Foto: movilpress\" loading=\"lazy\" width=\"720\" height=\"480\" decoding=\"async\" data-nimg=\"1\" style=\"color:transparent\" src=\"https:\/\/13.com.ar\/wp-content\/uploads\/2025\/04\/1743602069_816_Cuando-me-vaya-de-este-mundo-no-me-olviden.jpg\"\/><span class=\"epigraphe\">Mirtha Legrand saludando a Jos\u00e9 Mar\u00eda Muscari, creador de &#8220;Mirtha, el mito&#8221;. Foto: movilpress<\/span><span class=\"picture-open\"><button class=\"open-image\" aria-label=\"Open Image\"\/><\/span><\/picture><\/div>\n<div class=\"sc-80531b6b-0 chRIGJ container-text text-embed\" id=\"element-body-15\">\n<p>En ese sentido, Jos\u00e9 Mar\u00eda Muscari anunci\u00f3 que la obra <em>Mirtha, el mito<\/em> va a estar present\u00e1ndose durante <strong>todos los domingos de abril por la tarde en el teatro Regina<\/strong>, en la sala que lleva el nombre de Mirtha Legrand. <\/p>\n<\/div>\n<div class=\"sc-80531b6b-0 chRIGJ container-text text-embed\" id=\"element-body-16\">\n<p>&#8220;Me han hecho revivir todo, las canciones, las malas palabras, aunque <strong>yo no digo malas palabras, no s\u00e9 de d\u00f3nde sacaron eso<\/strong>&#8220;, acot\u00f3 la conductora con humor. <\/p>\n<\/div>\n<div class=\"sc-80531b6b-0 chRIGJ container-text text-embed\" id=\"element-body-17\">\n<p>&#8220;La verdad es que <strong>le he dedicado mi vida a esta profesi\u00f3n,<\/strong> el p\u00fablico siempre me ha distinguido con su cari\u00f1o, nunca he tenido nada desagradable, ni un gesto, la gente me abraza, me besa y yo soy la mujer m\u00e1s feliz del mundo&#8221;, reconoci\u00f3 Mirtha. <\/p>\n<\/div>\n<div class=\"sc-80531b6b-0 chRIGJ container-text text-embed\" id=\"element-body-18\">\n<p>Luego, Legrand mencion\u00f3 que nadie su familia la hab\u00eda acompa\u00f1ado a ese evento: &#8220;<strong>Me hubiera gustado que mi familia estuviera aqu\u00ed esta noche<\/strong>, son dif\u00edciles, qu\u00e9 barbaridad, ellos <strong>no se dan cuenta de que yo soy Mirtha Legrand<\/strong>, pero bueno, ustedes son mi familia&#8221;.<\/p>\n<\/div>\n<div class=\"sc-80531b6b-0 chRIGJ container-text text-embed\" id=\"element-body-19\">\n<p>&#8220;S\u00f3lo les pido una cosa, yo soy grande, soy muy mayor,<strong> cuando me vaya de este mundo, no me olviden<\/strong>&#8220;, solicit\u00f3 Mirtha a todos los presentes, antes de romper en llanto, muy emocionada por el reconocimiento y el cari\u00f1o del p\u00fablico.<\/p>\n<\/div>\n<p><h2>Mirtha Legrand fue condecorada por la Secretar\u00eda de Cultura<\/h2>\n<\/p>\n<div class=\"sc-80531b6b-0 chRIGJ container-text text-embed\" id=\"element-body-21\">\n<p>Una vez que la diva finaliz\u00f3 su discurso de agradecimiento a todos los presentes, el secretario de Cultura, <strong>Leandro Cifelli<\/strong>, le comunic\u00f3 que ser\u00eda condecorada con la menci\u00f3n de <strong>Personalidad Em\u00e9rita de la Cultura.<\/strong><\/p>\n<\/div>\n<div class=\"sc-80531b6b-0 chRIGJ container-text text-embed\" id=\"element-body-22\">\n<p>&#8220;M\u00e1s all\u00e1 del espect\u00e1culo, hay un premio a nivel nacional de cultura, ped\u00ed el archivo de a qui\u00e9n se lo hab\u00edan dado y la se\u00f1ora no estaba&#8221;, explic\u00f3 Cifelli. <\/p>\n<\/div>\n<div class=\"sc-98b114a2-0 bkqiHH image-embed  image-embed \" id=\"element-body-23\"><picture class=\"sc-98b114a2-1 jRUlDm\"><source media=\"(min-width: 975px)\" width=\"720\" height=\"480\" \/><img alt=\"Mirtha Legrand fue destacada Personalidad Em\u00e9rita de la Cultura por el secretario de Cultura, Leandro Cifelli. Foto: movilpress\" loading=\"lazy\" width=\"720\" height=\"480\" decoding=\"async\" data-nimg=\"1\" style=\"color:transparent\" src=\"https:\/\/13.com.ar\/wp-content\/uploads\/2025\/04\/1743602069_199_Cuando-me-vaya-de-este-mundo-no-me-olviden.jpg\"\/><span class=\"epigraphe\">Mirtha Legrand fue destacada Personalidad Em\u00e9rita de la Cultura por el secretario de Cultura, Leandro Cifelli. Foto: movilpress<\/span><span class=\"picture-open\"><button class=\"open-image\" aria-label=\"Open Image\"\/><\/span><\/picture><\/div>\n<div class=\"sc-80531b6b-0 chRIGJ container-text text-embed\" id=\"element-body-24\">\n<p>En ese sentido, el secretario mencion\u00f3: &#8220;Entonces, le dije a Valeria (Ambrosio) que hagamos el espect\u00e1culo y en ese marco le di\u00e9ramos el premio&#8221;.<\/p>\n<\/div>\n<div class=\"sc-80531b6b-0 chRIGJ container-text text-embed\" id=\"element-body-25\">\n<p>Acto seguido, <strong>Leandro le entreg\u00f3 a la diva una placa grabada con su nombre<\/strong> que la reconoce como &#8220;Mirtha Legrand, Personalidad Em\u00e9rita de la Cultura&#8221; por la secretar\u00eda de Cultura de la Naci\u00f3n.<\/p>\n<\/div>\n<\/div>\n<p><br \/>\n<br \/><a href=\"https:\/\/www.clarin.com\/fama\/mirtha-legrand-espectadora-obra-honor-vaya-mundo-olviden_0_XhyaiAgmFe.html\">Fuente Clarin.com <\/a><\/p>\n","protected":false},"excerpt":{"rendered":"<p>Mirtha Legrand fue una espectadora de lujo el pasado martes por la noche de una funci\u00f3n especial de Mirtha, el mito, obra escrita y dirigida por Jos\u00e9 Mar\u00eda Muscari en homenaje a ella. La diva tambi\u00e9n fue distinguida por el secretario de Cultura, Leonardo Cifelli. Si bien la obra en homenaje a Mirtha Legrand fue [&hellip;]<\/p>\n","protected":false},"author":1,"featured_media":17310,"comment_status":"open","ping_status":"open","sticky":false,"template":"","format":"standard","meta":{"footnotes":""},"categories":[2],"tags":[677,139,143,14804,6078],"class_list":["post-17309","post","type-post","status-publish","format-standard","has-post-thumbnail","hentry","category-ultimas-noticias","tag-cuando","tag-este","tag-mundo","tag-olviden","tag-vaya"],"_links":{"self":[{"href":"https:\/\/13.com.ar\/index.php\/wp-json\/wp\/v2\/posts\/17309","targetHints":{"allow":["GET"]}}],"collection":[{"href":"https:\/\/13.com.ar\/index.php\/wp-json\/wp\/v2\/posts"}],"about":[{"href":"https:\/\/13.com.ar\/index.php\/wp-json\/wp\/v2\/types\/post"}],"author":[{"embeddable":true,"href":"https:\/\/13.com.ar\/index.php\/wp-json\/wp\/v2\/users\/1"}],"replies":[{"embeddable":true,"href":"https:\/\/13.com.ar\/index.php\/wp-json\/wp\/v2\/comments?post=17309"}],"version-history":[{"count":0,"href":"https:\/\/13.com.ar\/index.php\/wp-json\/wp\/v2\/posts\/17309\/revisions"}],"wp:featuredmedia":[{"embeddable":true,"href":"https:\/\/13.com.ar\/index.php\/wp-json\/wp\/v2\/media\/17310"}],"wp:attachment":[{"href":"https:\/\/13.com.ar\/index.php\/wp-json\/wp\/v2\/media?parent=17309"}],"wp:term":[{"taxonomy":"category","embeddable":true,"href":"https:\/\/13.com.ar\/index.php\/wp-json\/wp\/v2\/categories?post=17309"},{"taxonomy":"post_tag","embeddable":true,"href":"https:\/\/13.com.ar\/index.php\/wp-json\/wp\/v2\/tags?post=17309"}],"curies":[{"name":"wp","href":"https:\/\/api.w.org\/{rel}","templated":true}]}}