{"id":17307,"date":"2025-04-02T10:42:27","date_gmt":"2025-04-02T13:42:27","guid":{"rendered":"https:\/\/13.com.ar\/index.php\/el-plantel-se-quedo-varado-en-sucre\/"},"modified":"2025-04-02T10:42:27","modified_gmt":"2025-04-02T13:42:27","slug":"el-plantel-se-quedo-varado-en-sucre","status":"publish","type":"post","link":"https:\/\/13.com.ar\/index.php\/el-plantel-se-quedo-varado-en-sucre\/","title":{"rendered":"el plantel se qued\u00f3 varado en Sucre"},"content":{"rendered":"<p> <br \/>\n<br \/><img decoding=\"async\" src=\"https:\/\/13.com.ar\/wp-content\/uploads\/2025\/04\/el-plantel-se-quedo-varado-en-Sucre.jpg\" \/><\/p>\n<div id=\"element-body-0\">\n<p>La delegaci\u00f3n de <strong>Independiente<\/strong> que viaj\u00f3 a Bolivia para el debut del equipo en la <strong>Copa Sudamericana<\/strong> todav\u00eda no pudo regresar a Buenos Aires debido a que factores clim\u00e1ticos impidieron que el avi\u00f3n que iba a transportar al grupo emprendiera la traves\u00eda tal como estaba pactado.<\/p>\n<\/div>\n<div id=\"element-body-1\">\n<p>Despu\u00e9s de la derrota 2 a 0 frente a Nacional Potos\u00ed el martes en el estadio V\u00edctor Agust\u00edn Ugarte de la Villa Imperial boliviana por la primera fecha del grupo A del certamen continental, <strong>el plantel del <em>Rojo <\/em>se traslad\u00f3 por tierra desde all\u00ed hasta Sucre<\/strong>, distante 155 kil\u00f3metros por carretera.<\/p>\n<\/div>\n<div id=\"element-body-2\">\n<p>Desde el Aeropuerto Internacional de Alcantar\u00ed, sito 30 kil\u00f3metros al sur de Sucre, deb\u00eda partir a la madrugada el vuelo ch\u00e1rter que llevar\u00eda a la delegaci\u00f3n hacia Buenos Aires. Sin embargo, <strong>densos bancos de neblina impidieron que se realizaran operaciones en la terminal a\u00e9rea<\/strong> en ese horario.<\/p>\n<\/div>\n<div id=\"element-body-3\">\n<blockquote class=\"twitter-tweet\">\n<p lang=\"es\" dir=\"ltr\">[EL CAMINO] \ud83d\ude9a <a rel=\"nofollow\" target=\"_blank\" href=\"https:\/\/twitter.com\/hashtag\/Independiente?src=hash&amp;ref_src=twsrc%5Etfw\">#Independiente<\/a> yendo desde Sucre hacia Potos\u00ed en 16 camionetas 4&#215;4<\/p>\n<p>\u00a1Esta noche juega en Rey de Copas! <a rel=\"nofollow\" target=\"_blank\" href=\"https:\/\/t.co\/y9WKiA67qQ\">pic.twitter.com\/y9WKiA67qQ<\/a><\/p>\n<p>\u2014 Muy Independiente (@MuyCAI) <a rel=\"nofollow\" target=\"_blank\" href=\"https:\/\/twitter.com\/MuyCAI\/status\/1907080125532742045?ref_src=twsrc%5Etfw\">April 1, 2025<\/a><\/p><\/blockquote>\n<\/div>\n<div id=\"element-body-4\">\n<p>Las dificultades no terminaron all\u00ed, puesto que la nave que iba a trasladar al plantel se encuentra en el <strong>Aeropuerto Internacional Jorge Wilstermann de Cochabamba <\/strong>(230 kil\u00f3metros al noroeste de Sucre), desde donde deb\u00eda partir para recoger al grupo. Sin embargo, no pudo hacerlo a\u00fan por dificultades clim\u00e1ticas en la ciudad de origen.<\/p>\n<\/div>\n<div id=\"element-body-5\">\n<p>Todo ello ha impedido el regreso tal como hab\u00eda sido planificado y <strong>probablemente altere la planificaci\u00f3n que el entrenador Julio Vaccari <\/strong>y su cuerpo t\u00e9cnico hab\u00edan hecho para la primera semana en la que Independiente debe combinar la competencia en el certamen dom\u00e9stico (en el que lidera la zona B con 24 puntos) con la participaci\u00f3n en la Copa Sudamericana.<\/p>\n<\/div>\n<div id=\"element-body-7\">\n<p>El pr\u00f3ximo compromiso del conjunto de Avellaneda ser\u00e1 <strong>el domingo a las 15.30, cuando visitar\u00e1 a Lan\u00fas<\/strong> en el estadio Ciudad de Lan\u00fas N\u00e9stor D\u00edaz P\u00e9rez por la 12\u00aa fecha del Torneo Apertura. En este caso, su rival tambi\u00e9n se presentar\u00e1 luego de haber competido durante la semana en el exterior: el elenco dirigido por Mauricio Pellegrino debutar\u00e1 el jueves en la Sudamericana frente a Academia Puerto Cabello en el Polideportivo Misael Delgado de Valencia (Venezuela).<\/p>\n<\/div>\n<div id=\"element-body-8\">\n<p>Despu\u00e9s de ese partido ante Lan\u00fas, Independiente jugar\u00e1 su segundo encuentro por el certamen continental: en su estreno como local en el Libertadores de Am\u00e9rica Ricardo Enrique Bochini, <strong>recibir\u00e1 a Boston River de Montevideo el martes a las 19.<\/strong><\/p>\n<\/div>\n<p><script async src=\"\/\/platform.twitter.com\/widgets.js\" charset=\"utf-8\"><\/script><br \/>\n<br \/><br \/>\n<br \/><a href=\"https:\/\/www.clarin.com\/deportes\/siguen-problemas-independiente-plantel-quedo-varado-sucre_0_RhyJi9AX0E.html\">Fuente Clarin.com <\/a><\/p>\n","protected":false},"excerpt":{"rendered":"<p>La delegaci\u00f3n de Independiente que viaj\u00f3 a Bolivia para el debut del equipo en la Copa Sudamericana todav\u00eda no pudo regresar a Buenos Aires debido a que factores clim\u00e1ticos impidieron que el avi\u00f3n que iba a transportar al grupo emprendiera la traves\u00eda tal como estaba pactado. Despu\u00e9s de la derrota 2 a 0 frente a [&hellip;]<\/p>\n","protected":false},"author":1,"featured_media":17308,"comment_status":"open","ping_status":"open","sticky":false,"template":"","format":"standard","meta":{"footnotes":""},"categories":[2],"tags":[7256,336,14803,14707],"class_list":["post-17307","post","type-post","status-publish","format-standard","has-post-thumbnail","hentry","category-ultimas-noticias","tag-plantel","tag-quedo","tag-sucre","tag-varado"],"_links":{"self":[{"href":"https:\/\/13.com.ar\/index.php\/wp-json\/wp\/v2\/posts\/17307","targetHints":{"allow":["GET"]}}],"collection":[{"href":"https:\/\/13.com.ar\/index.php\/wp-json\/wp\/v2\/posts"}],"about":[{"href":"https:\/\/13.com.ar\/index.php\/wp-json\/wp\/v2\/types\/post"}],"author":[{"embeddable":true,"href":"https:\/\/13.com.ar\/index.php\/wp-json\/wp\/v2\/users\/1"}],"replies":[{"embeddable":true,"href":"https:\/\/13.com.ar\/index.php\/wp-json\/wp\/v2\/comments?post=17307"}],"version-history":[{"count":0,"href":"https:\/\/13.com.ar\/index.php\/wp-json\/wp\/v2\/posts\/17307\/revisions"}],"wp:featuredmedia":[{"embeddable":true,"href":"https:\/\/13.com.ar\/index.php\/wp-json\/wp\/v2\/media\/17308"}],"wp:attachment":[{"href":"https:\/\/13.com.ar\/index.php\/wp-json\/wp\/v2\/media?parent=17307"}],"wp:term":[{"taxonomy":"category","embeddable":true,"href":"https:\/\/13.com.ar\/index.php\/wp-json\/wp\/v2\/categories?post=17307"},{"taxonomy":"post_tag","embeddable":true,"href":"https:\/\/13.com.ar\/index.php\/wp-json\/wp\/v2\/tags?post=17307"}],"curies":[{"name":"wp","href":"https:\/\/api.w.org\/{rel}","templated":true}]}}