{"id":17302,"date":"2025-04-02T10:33:30","date_gmt":"2025-04-02T13:33:30","guid":{"rendered":"https:\/\/13.com.ar\/index.php\/el-discurso-completo-de-javier-milei-por-el-2-de-abril-en-homenaje-a-los-heroes-de-la-guerra-de-malvinas\/"},"modified":"2025-04-02T10:33:30","modified_gmt":"2025-04-02T13:33:30","slug":"el-discurso-completo-de-javier-milei-por-el-2-de-abril-en-homenaje-a-los-heroes-de-la-guerra-de-malvinas","status":"publish","type":"post","link":"https:\/\/13.com.ar\/index.php\/el-discurso-completo-de-javier-milei-por-el-2-de-abril-en-homenaje-a-los-heroes-de-la-guerra-de-malvinas\/","title":{"rendered":"El discurso completo de Javier Milei por el 2 de abril en homenaje a los h\u00e9roes de la guerra de Malvinas"},"content":{"rendered":"<p> <br \/>\n<br \/><img decoding=\"async\" src=\"https:\/\/13.com.ar\/wp-content\/uploads\/2025\/04\/El-discurso-completo-de-Javier-Milei-por-el-2-de.jpg\" \/><\/p>\n<div id=\"cuerpo\">\n<div class=\"sc-80531b6b-0 chRIGJ container-text text-embed\" id=\"element-body-0\">\n<p>En su segundo 2 de abril como Presidente, <strong>Javier Milei<\/strong> encabez\u00f3 este mi\u00e9rcoles el acto por el <strong>D\u00eda del veterano y los ca\u00eddos en la guerra de Malvinas<\/strong>, que se hizo en Retiro. <\/p>\n<\/div>\n<div class=\"sc-80531b6b-0 chRIGJ container-text text-embed\" id=\"element-body-1\">\n<p>En su discurso, el mandatario carg\u00f3 contra el kirchnerismo, reivindic\u00f3 el rol de las Fuerzas Armada y manifest\u00f3 su plan de no disuadir a los habitantes de las Islas, porque quiere &#8220;hacer de Argentina una potencia tal que ellos prefieran ser argentinos&#8221;. A continuaci\u00f3n, todo lo que dijo el presidente en cadena nacional.<\/p>\n<\/div>\n<p><h2>El discurso completo de Milei por el 2 de abril<\/h2>\n<\/p>\n<div class=\"sc-80531b6b-0 chRIGJ container-text text-embed\" id=\"element-body-3\">\n<p><em>A 43 a\u00f1os del inicio de la Guerra de Malvinas, volvemos a reunirnos como naci\u00f3n para conmemorar a nuestros veteranos y ca\u00eddos en combate, ante la mirada orgullosa de sus familias, a quienes tambi\u00e9n les tiendo este homenaje.<\/em><\/p>\n<\/div>\n<div class=\"sc-80531b6b-0 chRIGJ container-text text-embed\" id=\"element-body-4\">\n<p><em>Hoy recordamos a esos H\u00e9roes que dieron su vida por la Patria, que integran el pante\u00f3n de quienes forjaron nuestra historia mediante su sacrificio. Hoy los honramos reafirmando, con genuina determinaci\u00f3n, el reclamo por la soberan\u00eda argentina sobre las Islas Malvinas, Georgias del Sur y S\u00e1ndwich del Sur, as\u00ed como los espacios mar\u00edtimos circundantes.<\/em><\/p>\n<\/div>\n<div class=\"sc-80531b6b-0 chRIGJ container-text text-embed\" id=\"element-body-5\">\n<p><em>Lamentablemente, durante las \u00faltimas d\u00e9cadas, nuestra demanda soberana por las islas fue damnificada, de forma directa o indirecta, por las decisiones econ\u00f3micas y diplom\u00e1ticas de la casta pol\u00edtica.<\/em><\/p>\n<\/div>\n<div class=\"sc-80531b6b-0 chRIGJ container-text text-embed\" id=\"element-body-6\">\n<p><em>Nadie puede tomar en serio el reclamo de una naci\u00f3n cuya dirigencia es conocida en el mundo por su corrupci\u00f3n e incompetencia y por llevar a la Argentina a los brazos de la escoria del mundo. Quien empobrece sistem\u00e1ticamente a su suelo y hace causa com\u00fan con dictadores y dictadorzuelos, entra a cualquier negociaci\u00f3n diplom\u00e1tica desde una posici\u00f3n de desventaja. Luego, si a eso le sumamos el desarme y la demonizaci\u00f3n deliberada de las Fuerzas Armadas, ten\u00edamos la receta perfecta para que las Islas Malvinas permanezcan para siempre en manos extranjeras.<\/em><\/p>\n<\/div>\n<div class=\"sc-80531b6b-0 chRIGJ container-text text-embed\" id=\"element-body-7\">\n<p><em>El primer paso que debemos dar, entonces, es levantarnos como pa\u00eds en todo sentido, tanto material como espiritualmente, y recuperar el lugar en la comunidad internacional que nunca debimos haber perdido. Y no hay otra manera de hacerlo que aplicando las ideas de la libertad, tanto dentro de nuestras fronteras como hacia afuera, abri\u00e9ndonos al comercio internacional y adoptando una pol\u00edtica exterior alineada con las naciones libres.<\/em><\/p>\n<\/div>\n<div class=\"sc-80531b6b-0 chRIGJ container-text text-embed\" id=\"element-body-8\">\n<p><em>Este es el primer gobierno en mucho tiempo que entiende que un pa\u00eds soberano debe ser, en primer lugar, un pa\u00eds pr\u00f3spero. Solo as\u00ed podemos dar el segundo paso: dignificar a nuestras Fuerzas Armadas mediante las inversiones necesarias, algo solo al alcance de una naci\u00f3n pr\u00f3spera. Para crecer es en vano si no se reordena el gasto p\u00fablico, fortaleciendo aquellas \u00e1reas en las que el Estado deber\u00eda ocuparse y eliminando las que sobran, porque cuando el Estado se arroga tareas que no le competen, siempre es en detrimento de funciones esenciales. A pesar de que la casta pol\u00edtica intent\u00f3 convencernos de lo contrario durante d\u00e9cadas, la Argentina necesita unas Fuerzas Armadas robustas. Son necesarias para defender nuestro extenso territorio de potenciales amenazas en un contexto global de creciente incertidumbre.<\/em><\/p>\n<\/div>\n<div class=\"sc-80531b6b-0 chRIGJ container-text text-embed\" id=\"element-body-9\">\n<p><em>Tambi\u00e9n son imprescindibles en cualquier discusi\u00f3n diplom\u00e1tica. Ante esto, la historia es implacable: un pa\u00eds fuerte es un pa\u00eds respetado. Esto no quiere decir que la fuerza haga el derecho, pero tampoco se puede llevar a cabo una pol\u00edtica exterior desde un idealismo ingenuo e infantil.<\/em><\/p>\n<\/div>\n<div class=\"sc-80531b6b-0 chRIGJ container-text text-embed\" id=\"element-body-10\">\n<p><em>Para nosotros, las Fuerzas Armadas son motivo de orgullo. Hemos dado por terminado el tiempo en el que eran menospreciadas. Prueba de ello es que, el 9 de julio del a\u00f1o pasado, por primera vez m\u00e1s de 2.000 de nuestros veteranos encabezaron el desfile militar en el acto por el D\u00eda de la Independencia, ante una multitud orgullosa y agradecida por su accionar en defensa de la Patria.<\/em><\/p>\n<\/div>\n<div class=\"sc-80531b6b-0 chRIGJ container-text text-embed\" id=\"element-body-11\">\n<p><em>Por eso, adem\u00e1s, acabamos de promulgar un decreto que instruye al Ministerio de Defensa a reconocer el grado de subteniente de reserva al personal de soldados aspirantes a oficiales de reserva, veteranos de la Guerra de Malvinas. Dicho grado les hubiera correspondido una vez concluido el servicio militar, pero qued\u00f3 trunco al haber recibido la baja directa tras la finalizaci\u00f3n de la guerra.<\/em><\/p>\n<\/div>\n<div class=\"sc-80531b6b-0 chRIGJ container-text text-embed\" id=\"element-body-12\">\n<p><em>Se trata, ni m\u00e1s ni menos, de saldar una deuda con estos h\u00e9roes, que ya lleva 43 a\u00f1os siendo sistem\u00e1ticamente ignorada por sucesivos gobiernos y que pretendemos rectificar de una vez por todas.<\/em><\/p>\n<\/div>\n<div class=\"sc-80531b6b-0 chRIGJ container-text text-embed\" id=\"element-body-13\">\n<p><em>Sin todo lo anterior, cualquier funci\u00f3n de soberan\u00eda pierde sentido. Soberan\u00eda no es que el Estado tenga muchas empresas, ni que financie la industria cinematogr\u00e1fica, ni recitales de cuarta, ni cosas semejantes. Creer que a mayor Estado, mayor soberan\u00eda es un concepto orwelliano mediante el cual la pol\u00edtica ha pretendido, a lo largo de la historia, ocultar sus negocios sucios y su resultado es un pueblo pobre y esclavo de un Estado omnipresente.<\/em><\/p>\n<\/div>\n<div class=\"sc-80531b6b-0 chRIGJ container-text text-embed\" id=\"element-body-14\">\n<p><em>Nosotros, en cambio, hemos venido a recuperar esa palabra, que hasta hace poco ten\u00edan secuestrada, para darle el sentido que realmente merece. Un pueblo soberano es un pueblo floreciente, pujante, respetable y, sobre todo, orgulloso de sus Fuerzas Armadas. Una naci\u00f3n como la que supo levantar la generaci\u00f3n del &#8217;80 y que, tras un siglo de humillaci\u00f3n, estamos reconstruyendo.<\/em><\/p>\n<\/div>\n<div class=\"sc-80531b6b-0 chRIGJ container-text text-embed\" id=\"element-body-15\">\n<p><em>Como ya he dicho en otra ocasi\u00f3n, no venimos a aplicar recetas extravagantes, sino a retomar esas f\u00f3rmulas que supieron hacernos exitosos.<\/em><\/p>\n<\/div>\n<div class=\"sc-80531b6b-0 chRIGJ container-text text-embed\" id=\"element-body-16\">\n<p><em>Y si de soberan\u00eda sobre las Malvinas se trata, nosotros siempre dejamos claro que el voto m\u00e1s importante de todos es el que se hace con los pies. Anhelamos que los malvinenses decidan alg\u00fan d\u00eda votarnos con los pies a nosotros. Por eso buscamos hacer de Argentina una potencia tal que ellos prefieran ser argentinos y que ni siquiera haga falta la disuasi\u00f3n o el convencimiento para lograrlo.<\/em><\/p>\n<\/div>\n<div class=\"sc-80531b6b-0 chRIGJ container-text text-embed\" id=\"element-body-17\">\n<p><em>Por eso, hemos emprendido el camino liberador que estamos transitando, para que Argentina sea el pa\u00eds m\u00e1s libre del mundo, vuelva a tener el PBI per c\u00e1pita m\u00e1s alto del planeta y que todos los ciudadanos del mundo fantaseen con el sue\u00f1o argentino. Eso es lo que este gobierno entiende por soberan\u00eda. Es la vara con la que nos medimos y no nos conformamos con menos.<\/em><\/p>\n<\/div>\n<div class=\"sc-80531b6b-0 chRIGJ container-text text-embed\" id=\"element-body-18\">\n<p><em>Para terminar, en este segundo 2 de abril que me toca como presidente, quiero volver a insistir en nuestro reclamo inclaudicable por las Islas Malvinas, reforzando el compromiso de agotar todos los recursos diplom\u00e1ticos a nuestro alcance para que vuelvan a manos argentinas.<\/em><\/p>\n<\/div>\n<div class=\"sc-80531b6b-0 chRIGJ container-text text-embed\" id=\"element-body-19\">\n<p><em>Finalmente, a los veteranos, a sus familias y a todos quienes visten uniforme en defensa de la Patria, les reitero mi eterno agradecimiento en nombre de todos los argentinos.<\/em><\/p>\n<\/div>\n<div class=\"sc-80531b6b-0 chRIGJ container-text text-embed\" id=\"element-body-20\">\n<p><em>\u00a1Que Dios bendiga a la Rep\u00fablica Argentina, que las fuerzas del cielo nos acompa\u00f1en! \u00a1Viva la libertad, carajo! \u00a1Muchas, muchas gracias! \u00a1Viva la Patria!<\/em><\/p>\n<\/div>\n<\/div>\n<p><br \/>\n<br \/><a href=\"https:\/\/www.clarin.com\/politica\/discurso-completo-javier-milei-2-abril-homenaje-heroes-guerra-malvinas_0_nVAmWjxSOX.html\">Fuente Clarin.com <\/a><\/p>\n","protected":false},"excerpt":{"rendered":"<p>En su segundo 2 de abril como Presidente, Javier Milei encabez\u00f3 este mi\u00e9rcoles el acto por el D\u00eda del veterano y los ca\u00eddos en la guerra de Malvinas, que se hizo en Retiro. En su discurso, el mandatario carg\u00f3 contra el kirchnerismo, reivindic\u00f3 el rol de las Fuerzas Armada y manifest\u00f3 su plan de no [&hellip;]<\/p>\n","protected":false},"author":1,"featured_media":17303,"comment_status":"open","ping_status":"open","sticky":false,"template":"","format":"standard","meta":{"footnotes":""},"categories":[2],"tags":[10047,1471,731,1864,5966,1712,273,28,62,77,142],"class_list":["post-17302","post","type-post","status-publish","format-standard","has-post-thumbnail","hentry","category-ultimas-noticias","tag-abril","tag-completo","tag-discurso","tag-guerra","tag-heroes","tag-homenaje","tag-javier","tag-los","tag-malvinas","tag-milei","tag-por"],"_links":{"self":[{"href":"https:\/\/13.com.ar\/index.php\/wp-json\/wp\/v2\/posts\/17302","targetHints":{"allow":["GET"]}}],"collection":[{"href":"https:\/\/13.com.ar\/index.php\/wp-json\/wp\/v2\/posts"}],"about":[{"href":"https:\/\/13.com.ar\/index.php\/wp-json\/wp\/v2\/types\/post"}],"author":[{"embeddable":true,"href":"https:\/\/13.com.ar\/index.php\/wp-json\/wp\/v2\/users\/1"}],"replies":[{"embeddable":true,"href":"https:\/\/13.com.ar\/index.php\/wp-json\/wp\/v2\/comments?post=17302"}],"version-history":[{"count":0,"href":"https:\/\/13.com.ar\/index.php\/wp-json\/wp\/v2\/posts\/17302\/revisions"}],"wp:featuredmedia":[{"embeddable":true,"href":"https:\/\/13.com.ar\/index.php\/wp-json\/wp\/v2\/media\/17303"}],"wp:attachment":[{"href":"https:\/\/13.com.ar\/index.php\/wp-json\/wp\/v2\/media?parent=17302"}],"wp:term":[{"taxonomy":"category","embeddable":true,"href":"https:\/\/13.com.ar\/index.php\/wp-json\/wp\/v2\/categories?post=17302"},{"taxonomy":"post_tag","embeddable":true,"href":"https:\/\/13.com.ar\/index.php\/wp-json\/wp\/v2\/tags?post=17302"}],"curies":[{"name":"wp","href":"https:\/\/api.w.org\/{rel}","templated":true}]}}