{"id":17298,"date":"2025-04-02T10:27:29","date_gmt":"2025-04-02T13:27:29","guid":{"rendered":"https:\/\/13.com.ar\/index.php\/te-podes-llevar-puesto-el-same-y-la-educacion-publica\/"},"modified":"2025-04-02T10:27:29","modified_gmt":"2025-04-02T13:27:29","slug":"te-podes-llevar-puesto-el-same-y-la-educacion-publica","status":"publish","type":"post","link":"https:\/\/13.com.ar\/index.php\/te-podes-llevar-puesto-el-same-y-la-educacion-publica\/","title":{"rendered":"Te pod\u00e9s llevar puesto el SAME y la educaci\u00f3n p\u00fablica"},"content":{"rendered":"<p> <br \/>\n<br \/><img decoding=\"async\" src=\"https:\/\/13.com.ar\/wp-content\/uploads\/2025\/04\/Te-podes-llevar-puesto-el-SAME-y-la-educacion-publica.jpg\" \/><\/p>\n<div id=\"element-body-0\">\n<p><strong>Jorge Macri<\/strong> respondi\u00f3 este mi\u00e9rcoles, en la previa del acto de conmemoraci\u00f3n del inicio de la Guerra de Malvinas, al pedido de &#8220;motosierra&#8221; que el candidato de La Libertad Avanza, <strong>Manuel Adorni<\/strong>, hizo para la Ciudad de Buenos Aires, en otro round de la pelea entre los libertarios y el PRO. <strong>&#8220;Te pod\u00e9s llevar puesto cosas como el SAME y la educaci\u00f3n p\u00fablica&#8221;<\/strong>, remarc\u00f3.<\/p>\n<\/div>\n<div id=\"element-body-1\">\n<p>&#8220;<strong>La Ciudad no necesita motosierra<\/strong>. Me parece que est\u00e1n tratando de usar un discurso que aplica en muchos lugares del pa\u00eds en una Ciudad que est\u00e1 equilibrada, ordenada y moderna&#8221;, dijo el jefe de Gobierno porte\u00f1o en di\u00e1logo con <em>LN+<\/em>, antes de asistir y formar parte de la primera fila del acto que se llev\u00f3 a cabo en la Plaza San Mart\u00edn, en Retiro. Dicho acto lo comparti\u00f3 con el presidente Javier Milei y con gran parte de su gabinete. <strong>Entre ellos, el vocero Adorni<\/strong>.<\/p>\n<\/div>\n<div id=\"element-body-2\">\n<p>Macri, enfrentado ahora con LLA a pocos meses de las elecciones legislativas en la Ciudad, afirm\u00f3 que &#8220;<strong>hay una confusi\u00f3n entre la agenda nacional y lo que a ellos les sirve en Naci\u00f3n<\/strong>&#8221; y que no entienden que Buenos Aires &#8220;requiere otra sutileza y otro cuidado&#8221;. <\/p>\n<\/div>\n<div id=\"element-body-3\">\n<p>&#8220;Yo voy a cuidar esta Ciudad porque creo en un Estado que brinda servicios, eficiente, que no cueste m\u00e1s de lo necesario. <strong>Los que no creen en el Estado creen que le tienen que dar con la motosierra a todo<\/strong>, y ojo, porque por ah\u00ed se llevan puesto cosas valiosas\u201d, agreg\u00f3.<\/p>\n<\/div>\n<div id=\"element-body-4\">\n<p>En su discurso, Macri defendi\u00f3 su gesti\u00f3n y dijo, para contrarrestar los deseos de Adorni, que la Ciudad &#8220;tiene equilibrio fiscal hace a\u00f1os&#8221;, que el 1% del presupuesto es pago de deuda y que tiene 15% de inversi\u00f3n del presupuesto con recursos propios. &#8220;Entonces la pregunta es, \u00bfcu\u00e1l es la motosierra? Yo di de baja 10.000 contratos, el 18% de la planta pol\u00edtica. El a\u00f1o pasado ahorramos 860 millones de d\u00f3lares, y este a\u00f1o acabamos de dar de baja 3.700 contratos m\u00e1s. Y no hablo ni de maestros, ni de enfermeros, ni de m\u00e9dicos, ni de polic\u00edas&#8221;, retruc\u00f3.<\/p>\n<\/div>\n<div id=\"element-body-5\">\n<p>Adorni, confirmado esta semana como candidato a legislador en la Ciudad en la lista de La Libertad Avanza, hab\u00eda manifestado que el PRO &#8220;qued\u00f3 obsoleto&#8221; en t\u00e9rminos de lo que ellos quieren hacer, &#8220;que es achicar el Estado, bajar el gasto&#8221;. E indic\u00f3 que &#8220;hace falta motosierra&#8221; en la Ciudad, se\u00f1alando que &#8220;buena parte de los funcionarios porte\u00f1os ganan m\u00e1s que el Presidente&#8221; y que la gesti\u00f3n de Jorge Macri tiene &#8220;m\u00e1s ministerios que Naci\u00f3n&#8221;.<\/p>\n<\/div>\n<div id=\"element-body-7\">\n<p>&#8220;Claramente el enemigo son las ideas de izquierda y kirchnerismo, pero en la Ciudad no compartimos agenda con el PRO, tenemos que defender nuestras ideas y eso no significa que sean enemigos&#8221;, a\u00f1adi\u00f3 el vocero presidencial, que advirti\u00f3 que &#8220;no se puede forzar una alianza&#8221;.<\/p>\n<\/div>\n<div id=\"element-body-8\">\n<p>En esa l\u00ednea s\u00ed coincidi\u00f3 el exintendente de Vicente L\u00f3pez: \u201c<strong>El enemigo de la Ciudad de Buenos Aires es el kirchnerismo<\/strong>. Yo creo que la lista que tenemos del PRO, encabezada por Silvia Lospennato, tiene gente de extrema val\u00eda como Hern\u00e1n Lombardi, Laura Alonso, Waldo Wolff, j\u00f3venes como Dar\u00edo Nieto, Roc\u00edo Figueroa, Vicky Morales Gorleri. Esa lista que es de porte\u00f1os comprometidos, que viene a cuidar lo que est\u00e1 bien y a mejorar lo que hay que mejorar, es la que va a ganar. Eso es lo que yo deseo y es en lo que creo\u201d.<\/p>\n<\/div>\n<div id=\"element-body-9\">\n<p>\u201cNosotros creemos en la gente libre, que elige. A m\u00ed ninguna elecci\u00f3n me da miedo. Pretendo que la mayor cantidad de legisladores nos acompa\u00f1e en muchas de las transformaciones que queremos hacer en los pr\u00f3ximos dos a\u00f1os y medio, por ejemplo en hacer la L\u00ednea F de subte. Para eso hace falta tomar cr\u00e9dito o que nos financien los proveedores, eso va a la Legislatura y necesito que lo aprueben. Yo puedo querer hacer la L\u00ednea F o el TramBUS, pero si no logro en la Legislatura el n\u00famero no lo puedo hacer\u201d, desliz\u00f3.<\/p>\n<\/div>\n<div id=\"element-body-10\">\n<p>Adem\u00e1s, Macri volvi\u00f3 a reclamar por la deuda que Naci\u00f3n tiene con Ciudad desde la presidencia de Alberto Fern\u00e1ndez, dijo que \u201chay que discutir esos 6.000 millones de d\u00f3lares&#8221; que sirven &#8220;para hacer tres l\u00edneas y media de subte&#8221;. <\/p>\n<\/div>\n<div id=\"element-body-11\">\n<p>&#8220;Nos lo debe Naci\u00f3n. Yo quiero saber de los legisladores de La Libertad Avanza, del kirchnerismo, si creen que esa plata se la tienen que devolver a los porte\u00f1os o no. Porque ahora est\u00e1n pidiendo 8.000 millones de d\u00f3lares al Fondo Monetario Internacional, que parece que es un monto descomunal que arregla todos los problemas\u201d, desafi\u00f3.<\/p>\n<\/div>\n<div id=\"element-body-12\">\n<p> Por \u00faltimo, Macri se refiri\u00f3 a la salida de <strong>Horacio Rodr\u00edguez Larreta<\/strong> del PRO ahora que se confirm\u00f3 que ir\u00e1 con una lista propia para ser legislador en la Ciudad, compitiendo ante el partido que fund\u00f3 y con el que gobern\u00f3 durante dos per\u00edodos.<\/p>\n<\/div>\n<div id=\"element-body-13\">\n<p>\u201cLamento que Horacio Rodr\u00edguez Larreta haya abandonado una fuerza pol\u00edtica que le permiti\u00f3 llegar a ser Jefe de Gobierno, a ser precandidato a presidente. Yo nunca me fui del PRO, yo tengo esa coherencia. Y he tenido momentos muy tensos, pero yo siempre vi las discusiones adentro. Tengo el mismo celular de siempre, vivo en el lugar que \u00e9l ha visitado varias veces, tengo mi oficina donde \u00e9l la tuvo antes. <strong>Si \u00e9l cree que hab\u00eda cosas que pod\u00edamos hacer mejor, me las podr\u00eda haber dicho.<\/strong> Para m\u00ed ese es el camino natural del PRO. Pero bueno, es su decisi\u00f3n, tiene derecho a hacerlo. Para m\u00ed est\u00e1 equivocado, pero es una pena\u201d, cerr\u00f3.<\/p>\n<\/div>\n<p><br \/>\n<br \/><a href=\"https:\/\/www.clarin.com\/politica\/jorge-macri-cuestiono-plan-motosierra-manuel-adorni-impulsa-ciudad-podes-llevar-puesto-same-educacion-publica_0_DyRsS8s04c.html\">Fuente Clarin.com <\/a><\/p>\n","protected":false},"excerpt":{"rendered":"<p>Jorge Macri respondi\u00f3 este mi\u00e9rcoles, en la previa del acto de conmemoraci\u00f3n del inicio de la Guerra de Malvinas, al pedido de &#8220;motosierra&#8221; que el candidato de La Libertad Avanza, Manuel Adorni, hizo para la Ciudad de Buenos Aires, en otro round de la pelea entre los libertarios y el PRO. &#8220;Te pod\u00e9s llevar puesto [&hellip;]<\/p>\n","protected":false},"author":1,"featured_media":17299,"comment_status":"open","ping_status":"open","sticky":false,"template":"","format":"standard","meta":{"footnotes":""},"categories":[2],"tags":[4327,4146,557,757,6505],"class_list":["post-17298","post","type-post","status-publish","format-standard","has-post-thumbnail","hentry","category-ultimas-noticias","tag-educacion","tag-llevar","tag-podes","tag-publica","tag-puesto"],"_links":{"self":[{"href":"https:\/\/13.com.ar\/index.php\/wp-json\/wp\/v2\/posts\/17298","targetHints":{"allow":["GET"]}}],"collection":[{"href":"https:\/\/13.com.ar\/index.php\/wp-json\/wp\/v2\/posts"}],"about":[{"href":"https:\/\/13.com.ar\/index.php\/wp-json\/wp\/v2\/types\/post"}],"author":[{"embeddable":true,"href":"https:\/\/13.com.ar\/index.php\/wp-json\/wp\/v2\/users\/1"}],"replies":[{"embeddable":true,"href":"https:\/\/13.com.ar\/index.php\/wp-json\/wp\/v2\/comments?post=17298"}],"version-history":[{"count":0,"href":"https:\/\/13.com.ar\/index.php\/wp-json\/wp\/v2\/posts\/17298\/revisions"}],"wp:featuredmedia":[{"embeddable":true,"href":"https:\/\/13.com.ar\/index.php\/wp-json\/wp\/v2\/media\/17299"}],"wp:attachment":[{"href":"https:\/\/13.com.ar\/index.php\/wp-json\/wp\/v2\/media?parent=17298"}],"wp:term":[{"taxonomy":"category","embeddable":true,"href":"https:\/\/13.com.ar\/index.php\/wp-json\/wp\/v2\/categories?post=17298"},{"taxonomy":"post_tag","embeddable":true,"href":"https:\/\/13.com.ar\/index.php\/wp-json\/wp\/v2\/tags?post=17298"}],"curies":[{"name":"wp","href":"https:\/\/api.w.org\/{rel}","templated":true}]}}