{"id":1721,"date":"2025-02-04T07:28:53","date_gmt":"2025-02-04T10:28:53","guid":{"rendered":"https:\/\/13.com.ar\/index.php\/cual-es-y-los-detalles-que-lo-hacen-tan-especial\/"},"modified":"2025-02-04T07:28:53","modified_gmt":"2025-02-04T10:28:53","slug":"cual-es-y-los-detalles-que-lo-hacen-tan-especial","status":"publish","type":"post","link":"https:\/\/13.com.ar\/index.php\/cual-es-y-los-detalles-que-lo-hacen-tan-especial\/","title":{"rendered":"cu\u00e1l es y los detalles que lo hacen tan especial"},"content":{"rendered":"<p> <br \/>\n<\/p>\n<div id=\"cuerpo\">\n<div class=\"sc-80531b6b-0 chRIGJ container-text text-embed\">\n<p>La cantante <strong>Emilia Mernes<\/strong>, una de las artistas argentinas m\u00e1s destacadas del momento, no solo deslumbra con su talento musical, sino tambi\u00e9n con su estilo y presencia. Recientemente, la int\u00e9rprete de &#8220;Perdonarte, \u00bfpara qu\u00e9?&#8221;, &#8220;La Original&#8221; y &#8220;No se ve&#8221;, entre otros temas, revel\u00f3 en una entrevista cu\u00e1l es su <strong>perfume preferido y<\/strong> <strong>que elige para el d\u00eda a d\u00eda<\/strong>.<\/p>\n<\/div>\n<div class=\"sc-80531b6b-0 chRIGJ container-text text-embed\">\n<p>Fue durante una nota al medio Glamour Espa\u00f1a cuando la cantante comparti\u00f3 detalles sobre c\u00f3mo es su fragancia preferida. Reconoci\u00f3 que tiene dos, pero una es un misterio. &#8220;Uno de mis <strong>perfumes<\/strong> es \u00e9l (<strong>This is Her!<\/strong>) de <strong>Zadig &amp; Voltaire.<\/strong> Es muy rico, me encanta, me gusta mucho mucho, lo uso m\u00e1s como diario. Despu\u00e9s tengo otro, pero no les voy a contar porque es mi gran secreto&#8221;, dijo la artista.<\/p>\n<\/div>\n<p><h2>C\u00f3mo es el perfume favorito de Emilia Mernes<\/h2>\n<\/p>\n<div class=\"sc-80531b6b-0 chRIGJ container-text text-embed\">\n<p>La fragancia es <strong>amaderada, avainillada y dulce<\/strong>. Adem\u00e1s, es caracterizada como &#8220;atalcada, lact\u00f3nica, c\u00e1lida especiada y bals\u00e1mica&#8221;. Fue lanzada en 2016, creada por los perfumistas <strong>Sidonie Lancesseur y Michel Almairac<\/strong>.<\/p>\n<\/div>\n<div class=\"sc-80531b6b-0 chRIGJ container-text text-embed\">\n<p>Seg\u00fan la descripci\u00f3n del fabricante, &#8220;las notas de salida son pimienta rosa, flor del \u00e1rbol de la seda y jazm\u00edn sambac&#8221;; &#8220;las notas de coraz\u00f3n son crema batida, vainilla y casta\u00f1a&#8221;; y &#8220;las notas de fondo son s\u00e1ndalo y madera de cachemira&#8221;.<\/p>\n<\/div>\n<div class=\"sc-80531b6b-0 chRIGJ container-text text-embed\">\n<p>Este <strong>perfume <\/strong>es ideal para quienes buscan una fragancia sofisticada y con un toque distintivo. Su combinaci\u00f3n de notas dulces y amaderadas lo convierte en una opci\u00f3n vers\u00e1til, perfecta tanto para el d\u00eda como para la noche. Adem\u00e1s, se presenta en un envase minimalista y elegante que lo hace a\u00fan m\u00e1s atractivo y femenino.<\/p>\n<\/div>\n<p><h2>D\u00f3nde se consigue y cu\u00e1nto cuesta<\/h2>\n<\/p>\n<div class=\"sc-80531b6b-0 chRIGJ container-text text-embed\">\n<p>Actualmente, el <strong>perfume<\/strong> preferido de<strong> Emilia Mernes <\/strong>se puede adquirir tanto en el exterior como en Argentina. Su precio en el extranjero es de 125 d\u00f3lares y en el pa\u00eds ronda los 300 mil pesos. Dependiendo del punto de venta, puede haber variaciones en el costo.<\/p>\n<\/div>\n<div class=\"sc-198be8ec-0 cynXbu image-embed  image-embed \"><picture class=\"sc-198be8ec-1 kOjRiQ\"><source media=\"(min-width: 975px)\" width=\"720\" height=\"480\" \/><img alt=\"La cantante marca tendencia entre sus seguidores con sus tips de belleza. Foto: Archivo Clar\u00edn.\" loading=\"lazy\" width=\"720\" height=\"480\" decoding=\"async\" data-nimg=\"1\" style=\"color:transparent\" src=\"https:\/\/13.com.ar\/wp-content\/uploads\/2025\/02\/cual-es-y-los-detalles-que-lo-hacen-tan-especial.jpg\"\/><span class=\"epigraphe\">La cantante marca tendencia entre sus seguidores con sus tips de belleza. Foto: Archivo Clar\u00edn.<\/span><span class=\"bkg\"\/><span class=\"picture-open\"><button class=\"open-image\" aria-label=\"Open Image\"\/><\/span><\/picture><\/div>\n<div class=\"sc-80531b6b-0 chRIGJ container-text text-embed\">\n<p>En tiendas especializadas y perfumer\u00edas online, es posible encontrarlo con promociones o descuentos ocasionales. Adem\u00e1s, muchas seguidoras de la cantante buscan esta fragancia para replicar su estilo, lo que impuls\u00f3 su popularidad en redes sociales.<\/p>\n<\/div>\n<div class=\"sc-198be8ec-0 cynXbu image-embed  image-embed \"><picture class=\"sc-198be8ec-1 kOjRiQ\"><source media=\"(min-width: 975px)\" width=\"720\" height=\"480\" \/><img alt=\"El perfume de Emilia Mernes puede encontrarse en tiendas especializadas y perfumer\u00edas. Foto: Prensa\" loading=\"lazy\" width=\"720\" height=\"480\" decoding=\"async\" data-nimg=\"1\" style=\"color:transparent\" src=\"https:\/\/13.com.ar\/wp-content\/uploads\/2025\/02\/1738664933_284_cual-es-y-los-detalles-que-lo-hacen-tan-especial.jpg\"\/><span class=\"epigraphe\">El perfume de Emilia Mernes puede encontrarse en tiendas especializadas y perfumer\u00edas. Foto: Prensa<\/span><span class=\"bkg\"\/><span class=\"picture-open\"><button class=\"open-image\" aria-label=\"Open Image\"\/><\/span><\/picture><\/div>\n<div class=\"sc-80531b6b-0 chRIGJ container-text text-embed\">\n<p>Con el boom de las recomendaciones de productos de belleza por parte de celebridades, el perfume de <strong>Emilia<\/strong> llam\u00f3 la atenci\u00f3n de sus fan\u00e1ticos. Muchas personas expresaron en redes sociales su deseo de probarlo y la curiosidad que les genera el aroma que acompa\u00f1a a la artista en su d\u00eda a d\u00eda.<\/p>\n<\/div>\n<div class=\"sc-4306f4f9-0 bAPCpp\">\n<div class=\"inner-card-m\">\n<div class=\"related-content\">\n<p><span class=\"body-title\">Mir\u00e1 tambi\u00e9n<\/span><\/p>\n<h3>Cu\u00e1l es el trabajo para el que est\u00e1s destinado seg\u00fan tu signo del zodiaco<\/h3>\n<source media=\"(min-width: 975px)\" width=\"340\" height=\"340\" \/><img alt=\"Cu\u00e1l es el trabajo para el que est\u00e1s destinado seg\u00fan tu signo del zodiaco\" loading=\"lazy\" width=\"340\" height=\"340\" decoding=\"async\" data-nimg=\"1\" style=\"color:transparent\" src=\"https:\/\/13.com.ar\/wp-content\/uploads\/2025\/02\/1738664933_416_cual-es-y-los-detalles-que-lo-hacen-tan-especial.jpg\"\/><\/div>\n<\/div>\n<\/div>\n<div class=\"sc-4306f4f9-0 bAPCpp\">\n<div class=\"inner-card-m\">\n<div class=\"related-content\">\n<p><span class=\"body-title\">Mir\u00e1 tambi\u00e9n<\/span><\/p>\n<h3>En Mar Chiquita, la antigua pulper\u00eda que data de 1817 y conserva su mostrador y enrejado intactos<\/h3>\n<source media=\"(min-width: 975px)\" width=\"340\" height=\"340\" \/><img alt=\"En Mar Chiquita, la antigua pulper\u00eda que data de 1817 y conserva su mostrador y enrejado intactos\" loading=\"lazy\" width=\"340\" height=\"340\" decoding=\"async\" data-nimg=\"1\" style=\"color:transparent\" src=\"https:\/\/13.com.ar\/wp-content\/uploads\/2025\/02\/1738664933_83_cual-es-y-los-detalles-que-lo-hacen-tan-especial.jpg\"\/><\/div>\n<\/div>\n<\/div>\n<\/div>\n<p><br \/>\n<br \/><a href=\"https:\/\/www.clarin.com\/informacion-general\/perfume-preferido-emilia-mernes-detalles-hacen-especial_0_qm0n9lPBv4.html\">Fuente Clarin.com <\/a><\/p>\n","protected":false},"excerpt":{"rendered":"<p>La cantante Emilia Mernes, una de las artistas argentinas m\u00e1s destacadas del momento, no solo deslumbra con su talento musical, sino tambi\u00e9n con su estilo y presencia. Recientemente, la int\u00e9rprete de &#8220;Perdonarte, \u00bfpara qu\u00e9?&#8221;, &#8220;La Original&#8221; y &#8220;No se ve&#8221;, entre otros temas, revel\u00f3 en una entrevista cu\u00e1l es su perfume preferido y que elige [&hellip;]<\/p>\n","protected":false},"author":1,"featured_media":1722,"comment_status":"open","ping_status":"open","sticky":false,"template":"","format":"standard","meta":{"footnotes":""},"categories":[2],"tags":[373,924,3442,913,28,1809],"class_list":["post-1721","post","type-post","status-publish","format-standard","has-post-thumbnail","hentry","category-ultimas-noticias","tag-cual","tag-detalles","tag-especial","tag-hacen","tag-los","tag-tan"],"_links":{"self":[{"href":"https:\/\/13.com.ar\/index.php\/wp-json\/wp\/v2\/posts\/1721","targetHints":{"allow":["GET"]}}],"collection":[{"href":"https:\/\/13.com.ar\/index.php\/wp-json\/wp\/v2\/posts"}],"about":[{"href":"https:\/\/13.com.ar\/index.php\/wp-json\/wp\/v2\/types\/post"}],"author":[{"embeddable":true,"href":"https:\/\/13.com.ar\/index.php\/wp-json\/wp\/v2\/users\/1"}],"replies":[{"embeddable":true,"href":"https:\/\/13.com.ar\/index.php\/wp-json\/wp\/v2\/comments?post=1721"}],"version-history":[{"count":0,"href":"https:\/\/13.com.ar\/index.php\/wp-json\/wp\/v2\/posts\/1721\/revisions"}],"wp:featuredmedia":[{"embeddable":true,"href":"https:\/\/13.com.ar\/index.php\/wp-json\/wp\/v2\/media\/1722"}],"wp:attachment":[{"href":"https:\/\/13.com.ar\/index.php\/wp-json\/wp\/v2\/media?parent=1721"}],"wp:term":[{"taxonomy":"category","embeddable":true,"href":"https:\/\/13.com.ar\/index.php\/wp-json\/wp\/v2\/categories?post=1721"},{"taxonomy":"post_tag","embeddable":true,"href":"https:\/\/13.com.ar\/index.php\/wp-json\/wp\/v2\/tags?post=1721"}],"curies":[{"name":"wp","href":"https:\/\/api.w.org\/{rel}","templated":true}]}}