{"id":17143,"date":"2025-04-01T19:50:28","date_gmt":"2025-04-01T22:50:28","guid":{"rendered":"https:\/\/13.com.ar\/index.php\/a-contrario-sensu-de-la-causa-malvinas\/"},"modified":"2025-04-01T19:50:28","modified_gmt":"2025-04-01T22:50:28","slug":"a-contrario-sensu-de-la-causa-malvinas","status":"publish","type":"post","link":"https:\/\/13.com.ar\/index.php\/a-contrario-sensu-de-la-causa-malvinas\/","title":{"rendered":"A contrario sensu de la Causa Malvinas"},"content":{"rendered":"<p> <br \/>\n<br \/><img decoding=\"async\" src=\"https:\/\/13.com.ar\/wp-content\/uploads\/2025\/03\/voto-contra-una-resolucion-por-la-paz-en-la-ONU.jpg\" \/><\/p>\n<div id=\"element-body-0\">\n<p>Si nos preguntaran como argentinos si en 2025 apoyar\u00edamos una resoluci\u00f3n en la Asamblea General de la ONU que dijera textualmente: <em>\u201cReafirmando su compromiso con la soberan\u00eda, la independencia, la unidad y la integridad territorial\u201d,<\/em> y m\u00e1s abajo sostuviera: <em>\u201cReafirmando que no se reconocer\u00e1 como legal ninguna adquisici\u00f3n territorial derivada de la amenaza o el uso de la fuerza\u201d<\/em> y si a esto le sumamos que los pa\u00edses de la Uni\u00f3n Europea buscar\u00edan agregar a la misma una enmienda que reafirmara <em>\u201cel compromiso con la soberan\u00eda, la independencia, la unidad y la\u00a0integridad territorial\u2026<\/em>\u201d , dir\u00edamos que todo el combo no puede aplicar m\u00e1s acabadamente sobre el diferendo austral que tenemos con el Reino Unido.<\/p>\n<\/div>\n<div id=\"element-body-1\">\n<p>Y que nuestro pa\u00eds no podr\u00eda estar m\u00e1s agradecido a la comunidad internacional por volver a sostener esos principios y normas del derecho internacional y, en consecuencia, deber\u00edamos aprobarla inmediatamente y trabajar diplom\u00e1ticamente para que la mayor cantidad de miembros de la organizaci\u00f3n la acompa\u00f1en. Es que tales fundamentos del derecho internacional son los que nuestro pa\u00eds promueve para defender los derechos argentinos sobre la Cuesti\u00f3n Malvinas: casi 2.000.000 km2 alrededor de las islas Malvinas, Georgias del Sur y Sandwich del Sur.<\/p>\n<\/div>\n<div id=\"element-body-2\">\n<p>Sin embargo y sorpresivamente, hace unas semanas, en el marco de una votaci\u00f3n en una sesi\u00f3n especial de emergencia de la ONU por los tres a\u00f1os de la guerra entre Ucrania y Rusia nuestro pa\u00eds tuvo una actitud contraria sensu a los derechos que promueve en el archipi\u00e9lago usurpado en 1833.<\/p>\n<\/div>\n<div id=\"element-body-3\">\n<p>En primer lugar y previo a la aprobaci\u00f3n de la resoluci\u00f3n A\/ES-11\/L.10 vot\u00f3 en contra de una enmienda que defend\u00eda el principio de la unidad y la integridad territorial. Esa actitud caus\u00f3 mucha extra\u00f1eza y llam\u00f3 la atenci\u00f3n entre aquellos socios de Argentina a los que nuestro pa\u00eds pide apoyo en el tema Malvinas en diversos c\u00edrculos internacionales parad\u00f3jicamente invocando los principios que ahora rechaza. Adem\u00e1s, y en este mismo sentido, varios de los fundamentos jur\u00eddicos internacionales se\u00f1alados a lo largo de esta columna y votados en la Asamblea General en el \u00faltimo febrero, son los argumentos que sostienen los diversos cancilleres argentinos en sus discursos en el Comit\u00e9 de Descolonizaci\u00f3n. Finalmente, Argentina se abstuvo en la votaci\u00f3n de la resoluci\u00f3n que consagra nuestra posici\u00f3n hist\u00f3rica austral, pero en este caso aplicado al caso ucraniano.<\/p>\n<\/div>\n<div id=\"element-body-4\">\n<p>Para un pa\u00eds mediano y perif\u00e9rico vis a vis el Reino Unido es justamente la Asamblea General de la ONU el \u00e1mbito m\u00e1s representativo a nivel mundial y en donde las fuerzas se equilibran a trav\u00e9s del hecho que todos los pa\u00edses miembros tienen un voto. Es por esta raz\u00f3n que nuestro pa\u00eds llev\u00f3 a ese recinto en 1965 la votaci\u00f3n de la resoluci\u00f3n 2065 y trabaj\u00f3 arduamente para reunir la mayor cantidad de respaldos posibles para darle una fortaleza y respaldo superior. La disposici\u00f3n sali\u00f3 aprobada por\u00a097 votos a favor y 14 abstenciones. Ni siquiera el Reino Unido la vot\u00f3 en contra. La misma se transform\u00f3 en la piedra angular del reclamo argentino.<\/p>\n<\/div>\n<div id=\"element-body-5\">\n<p>Despu\u00e9s de la postura que nuestro pa\u00eds asumi\u00f3 en la ONU en el tema Ucrania tendr\u00e1 una prueba de fuego en la pr\u00f3xima reuni\u00f3n del Comit\u00e9 de los 24 donde sus miembros podr\u00edan preguntarse sobre el valor de mantener la solidaridad expresada apoyando el reclamo argentino sobre Malvinas y continuar pagando los costos que esto trae aparejado en su relaci\u00f3n con Londres si el propio pa\u00eds duda en sostener los principios internacionales que dice impulsar. <\/p>\n<\/div>\n<div id=\"element-body-6\">\n<p><em>Agust\u00edn Romero es Doctor en Ciencia Pol\u00edtica y director del posgrado en Asuntos Argentinos facultad de Derecho de la UBA<\/em><\/p>\n<\/div>\n<p><br \/>\n<br \/><a href=\"https:\/\/www.clarin.com\/opinion\/contrario-sensu-causa-malvinas_0_nei36E2vt7.html\">Fuente Clarin.com <\/a><\/p>\n","protected":false},"excerpt":{"rendered":"<p>Si nos preguntaran como argentinos si en 2025 apoyar\u00edamos una resoluci\u00f3n en la Asamblea General de la ONU que dijera textualmente: \u201cReafirmando su compromiso con la soberan\u00eda, la independencia, la unidad y la integridad territorial\u201d, y m\u00e1s abajo sostuviera: \u201cReafirmando que no se reconocer\u00e1 como legal ninguna adquisici\u00f3n territorial derivada de la amenaza o el [&hellip;]<\/p>\n","protected":false},"author":1,"featured_media":10338,"comment_status":"open","ping_status":"open","sticky":false,"template":"","format":"standard","meta":{"footnotes":""},"categories":[2],"tags":[1663,8010,62,14727],"class_list":["post-17143","post","type-post","status-publish","format-standard","has-post-thumbnail","hentry","category-ultimas-noticias","tag-causa","tag-contrario","tag-malvinas","tag-sensu"],"_links":{"self":[{"href":"https:\/\/13.com.ar\/index.php\/wp-json\/wp\/v2\/posts\/17143","targetHints":{"allow":["GET"]}}],"collection":[{"href":"https:\/\/13.com.ar\/index.php\/wp-json\/wp\/v2\/posts"}],"about":[{"href":"https:\/\/13.com.ar\/index.php\/wp-json\/wp\/v2\/types\/post"}],"author":[{"embeddable":true,"href":"https:\/\/13.com.ar\/index.php\/wp-json\/wp\/v2\/users\/1"}],"replies":[{"embeddable":true,"href":"https:\/\/13.com.ar\/index.php\/wp-json\/wp\/v2\/comments?post=17143"}],"version-history":[{"count":0,"href":"https:\/\/13.com.ar\/index.php\/wp-json\/wp\/v2\/posts\/17143\/revisions"}],"wp:featuredmedia":[{"embeddable":true,"href":"https:\/\/13.com.ar\/index.php\/wp-json\/wp\/v2\/media\/10338"}],"wp:attachment":[{"href":"https:\/\/13.com.ar\/index.php\/wp-json\/wp\/v2\/media?parent=17143"}],"wp:term":[{"taxonomy":"category","embeddable":true,"href":"https:\/\/13.com.ar\/index.php\/wp-json\/wp\/v2\/categories?post=17143"},{"taxonomy":"post_tag","embeddable":true,"href":"https:\/\/13.com.ar\/index.php\/wp-json\/wp\/v2\/tags?post=17143"}],"curies":[{"name":"wp","href":"https:\/\/api.w.org\/{rel}","templated":true}]}}