{"id":17141,"date":"2025-04-01T19:47:31","date_gmt":"2025-04-01T22:47:31","guid":{"rendered":"https:\/\/13.com.ar\/index.php\/venta-y-preventa-de-entradas-para-dua-lipa-en-buenos-aires-fechas-y-como-comprar\/"},"modified":"2025-04-01T19:47:31","modified_gmt":"2025-04-01T22:47:31","slug":"venta-y-preventa-de-entradas-para-dua-lipa-en-buenos-aires-fechas-y-como-comprar","status":"publish","type":"post","link":"https:\/\/13.com.ar\/index.php\/venta-y-preventa-de-entradas-para-dua-lipa-en-buenos-aires-fechas-y-como-comprar\/","title":{"rendered":"Venta y preventa de entradas para Dua Lipa en Buenos Aires: fechas y c\u00f3mo comprar"},"content":{"rendered":"<p> <br \/>\n<br \/><img decoding=\"async\" src=\"https:\/\/13.com.ar\/wp-content\/uploads\/2025\/04\/Venta-y-preventa-de-entradas-para-Dua-Lipa-en-Buenos.jpg\" \/><\/p>\n<div id=\"element-body-0\">\n<p>La<strong> cantante<\/strong> de pop <strong>Dua Lipa<\/strong> <strong>retornar\u00e1 a Argentina pa\u00eds por segunda vez<\/strong> desde su <em>Future Nostalgia Tour<\/em> en <strong>2022<\/strong>, donde se present\u00f3 en el Campo Argentino de Polo.<\/p>\n<\/div>\n<div id=\"element-body-1\">\n<p>Esta vez vendr\u00e1 a presentar su <strong>tercer \u00e1lbum<\/strong> de estudio, <strong><em>Radical Optimism<\/em><\/strong>, en el <strong>Estadio River Plate<\/strong>, que cuenta con una capacidad de m\u00e1s de <strong>80.000 espectadores<\/strong>.<\/p>\n<\/div>\n<div id=\"element-body-2\">\n<p>&#8220;<strong>Terminar\u00e9 el a\u00f1o con el tour en Latinoam\u00e9rica y estoy tan emocionada por verlos<\/strong>&#8220;, anunci\u00f3 la artista a trav\u00e9s de Instagram y X este martes.<\/p>\n<\/div>\n<div id=\"element-body-4\">\n<p>La estrella detr\u00e1s de hits como &#8220;<strong>Training Season<\/strong>&#8221; y &#8220;<strong>Houdini&#8221;<\/strong> tocar\u00e1 en el <strong>Mas Monumental el 7 de noviembre<\/strong>, y el resto del mes completar\u00e1 su gira por el continente en las ciudades de Santiago, S\u00e3o Paulo, R\u00edo de Janeiro, Lima, Bogot\u00e1 y Ciudad de M\u00e9xico.<\/p>\n<\/div>\n<div id=\"element-body-6\">\n<p>Las<strong> entradas<\/strong> para el <strong><em>Radical Optimism Tour<\/em> <\/strong>estar\u00e1n disponibles para la venta a trav\u00e9s de la plataforma de All Access.<\/p>\n<\/div>\n<div id=\"element-body-7\">\n<blockquote class=\"twitter-tweet\">\n<p lang=\"en\" dir=\"ltr\">good things come to those who wait&#8230;. NEW TOUR DATES ADDED \u203c\ufe0f Finishing the year with the Radical Optimism tour in Latin America and I\u2019m so so excited to see you \u2764\ufe0f\u200d\ud83d\udd25 sign up for the pre-sale and more info  <a rel=\"nofollow\" target=\"_blank\" href=\"https:\/\/t.co\/nnjIpzxVL6\">pic.twitter.com\/nnjIpzxVL6<\/a><\/p>\n<p>\u2014 DUA LIPA (@DUALIPA) <a rel=\"nofollow\" target=\"_blank\" href=\"https:\/\/twitter.com\/DUALIPA\/status\/1907105360781148162?ref_src=twsrc%5Etfw\">April 1, 2025<\/a><\/p><\/blockquote>\n<\/div>\n<div id=\"element-body-9\">\n<p>El <strong>martes 8 de abril a las 10:00 <\/strong>abrir\u00e1 la <strong>preventa<\/strong> exclusiva para clientes de <strong>VISA Santander<\/strong>, y se extender\u00e1 por<strong> 48 horas<\/strong> o hasta que se agote el stock.<\/p>\n<\/div>\n<div id=\"element-body-11\">\n<p>A partir del <strong>jueves 10 a las 10:00<\/strong> se abrir\u00e1 la venta de entradas para el <strong>p\u00fablico genera<\/strong>l.<\/p>\n<\/div>\n<div id=\"element-body-13\">\n<p>La cantante se present\u00f3 por <strong>primera vez<\/strong> en el pa\u00eds el <strong>13 y 14 de septiembre de 2022<\/strong>, y en ese entonces <strong>agot\u00f3 <\/strong>las entradas para la primera fecha en<strong> menos de 24 horas<\/strong>. Se estima que alrededor de <strong>120.000 personas<\/strong> la vieron en vivo  entre ambas noches.<\/p>\n<\/div>\n<div id=\"element-body-15\">\n<p>En un <strong>podcast <\/strong>realizado<strong> <\/strong>en 2023 en colaboraci\u00f3n con la BBC, <em>Dua Lipa: At Your Service<\/em>, convers\u00f3 con su colega <strong>Billie Eilish<\/strong> sobre su <strong>experiencia<\/strong> con el <strong>p\u00fablico argentino<\/strong><\/p>\n<\/div>\n<div id=\"element-body-16\">\n<p>&#8220;La energ\u00eda es absolutamente incre\u00edble. <strong>Es uno de mis lugares favoritos para ir a tocar<\/strong>&#8220;.<\/p>\n<\/div>\n<div id=\"element-body-17\">\n<p><strong><em>Radical Optimism<\/em><\/strong>, el disco que <strong>encabeza su gira <\/strong>iniciada hace 5 meses, se lanz\u00f3 en <strong>mayo de 2024<\/strong> y alcanz\u00f3 el <strong>puesto n\u00famero 2 <\/strong>en en la lista <strong>Billboard 200<\/strong>, con aproximadamente 83.000 copias vendidas en su primera semana s\u00f3lo en Estados Unidos.<\/p>\n<\/div>\n<p><script async src=\"\/\/platform.twitter.com\/widgets.js\" charset=\"utf-8\"><\/script><br \/>\n<br \/><br \/>\n<br \/><a href=\"https:\/\/www.clarin.com\/informacion-general\/venta-preventa-entradas-dua-lipa-buenos-aires-fechas-comprar_0_pOhw4rcUij.html\">Fuente Clarin.com <\/a><\/p>\n","protected":false},"excerpt":{"rendered":"<p>La cantante de pop Dua Lipa retornar\u00e1 a Argentina pa\u00eds por segunda vez desde su Future Nostalgia Tour en 2022, donde se present\u00f3 en el Campo Argentino de Polo. Esta vez vendr\u00e1 a presentar su tercer \u00e1lbum de estudio, Radical Optimism, en el Estadio River Plate, que cuenta con una capacidad de m\u00e1s de 80.000 [&hellip;]<\/p>\n","protected":false},"author":1,"featured_media":17142,"comment_status":"open","ping_status":"open","sticky":false,"template":"","format":"standard","meta":{"footnotes":""},"categories":[2],"tags":[328,327,66,744,14725,745,2014,14726,16,14724,6085],"class_list":["post-17141","post","type-post","status-publish","format-standard","has-post-thumbnail","hentry","category-ultimas-noticias","tag-aires","tag-buenos","tag-como","tag-comprar","tag-dua","tag-entradas","tag-fechas","tag-lipa","tag-para","tag-preventa","tag-venta"],"_links":{"self":[{"href":"https:\/\/13.com.ar\/index.php\/wp-json\/wp\/v2\/posts\/17141","targetHints":{"allow":["GET"]}}],"collection":[{"href":"https:\/\/13.com.ar\/index.php\/wp-json\/wp\/v2\/posts"}],"about":[{"href":"https:\/\/13.com.ar\/index.php\/wp-json\/wp\/v2\/types\/post"}],"author":[{"embeddable":true,"href":"https:\/\/13.com.ar\/index.php\/wp-json\/wp\/v2\/users\/1"}],"replies":[{"embeddable":true,"href":"https:\/\/13.com.ar\/index.php\/wp-json\/wp\/v2\/comments?post=17141"}],"version-history":[{"count":0,"href":"https:\/\/13.com.ar\/index.php\/wp-json\/wp\/v2\/posts\/17141\/revisions"}],"wp:featuredmedia":[{"embeddable":true,"href":"https:\/\/13.com.ar\/index.php\/wp-json\/wp\/v2\/media\/17142"}],"wp:attachment":[{"href":"https:\/\/13.com.ar\/index.php\/wp-json\/wp\/v2\/media?parent=17141"}],"wp:term":[{"taxonomy":"category","embeddable":true,"href":"https:\/\/13.com.ar\/index.php\/wp-json\/wp\/v2\/categories?post=17141"},{"taxonomy":"post_tag","embeddable":true,"href":"https:\/\/13.com.ar\/index.php\/wp-json\/wp\/v2\/tags?post=17141"}],"curies":[{"name":"wp","href":"https:\/\/api.w.org\/{rel}","templated":true}]}}