{"id":17137,"date":"2025-04-01T19:41:29","date_gmt":"2025-04-01T22:41:29","guid":{"rendered":"https:\/\/13.com.ar\/index.php\/que-hay-detras-de-las-amenazas-de-atentados-que-sacuden-la-calma-de-uruguay\/"},"modified":"2025-04-01T19:41:29","modified_gmt":"2025-04-01T22:41:29","slug":"que-hay-detras-de-las-amenazas-de-atentados-que-sacuden-la-calma-de-uruguay","status":"publish","type":"post","link":"https:\/\/13.com.ar\/index.php\/que-hay-detras-de-las-amenazas-de-atentados-que-sacuden-la-calma-de-uruguay\/","title":{"rendered":"\u00bfQu\u00e9 hay detr\u00e1s de las amenazas de atentados que sacuden la calma de Uruguay?"},"content":{"rendered":"<p> <br \/>\n<br \/><img decoding=\"async\" src=\"https:\/\/13.com.ar\/wp-content\/uploads\/2025\/04\/\u00bfQue-hay-detras-de-las-amenazas-de-atentados-que-sacuden.jpg\" \/><\/p>\n<div id=\"element-body-0\">\n<p><strong>Una ola de amenazas de atentado<\/strong>s a sitios de aglomeraci\u00f3n p\u00fablica mantiene en vilo a Uruguay, donde desde hace m\u00e1s de una semana m\u00faltiples advertencias provocaron una seguidilla de evacuaciones en la capital y otras ciudades.<\/p>\n<\/div>\n<div id=\"element-body-1\">\n<p>Los casos, que siguen bajo investigaci\u00f3n y por los que<strong> hay ya tres personas judicializadas, <\/strong>resultaron ser falsas alarmas, pero han generado inquietud en este pa\u00eds de 3,5 millones de habitantes, considerado uno de los m\u00e1s pac\u00edficos de Latinoam\u00e9rica.<\/p>\n<\/div>\n<div id=\"element-body-2\">\n<p>Nicol\u00e1s Corbo dijo que no tiene ganas de volver al Mercado Agr\u00edcola de Montevideo despu\u00e9s de ser desalojado el domingo al mediod\u00eda.<\/p>\n<\/div>\n<div id=\"element-body-3\">\n<p><strong>&#8220;Est\u00e1s tranquilo haciendo las compras y ten\u00e9s que salir corriendo<\/strong>, no sab\u00e9s qu\u00e9 va a pasar, suenan pitidos de alerta, es una situaci\u00f3n fea&#8221;, coment\u00f3 este m\u00e9dico de 28 a\u00f1os, que abandon\u00f3 el lugar junto con muchos turistas perplejos tras el aviso de una supuesta bomba.<\/p>\n<\/div>\n<div id=\"element-body-4\">\n<p>La polic\u00eda inform\u00f3 que <strong>unas 20 llamadas telef\u00f3nicas y al menos cinco correos electr\u00f3nicos amenazantes<\/strong> dirigidos contra m\u00e1s de una docena de instituciones p\u00fablicas y privadas est\u00e1n bajo estudio desde el 22 de marzo.<\/p>\n<\/div>\n<div id=\"element-body-5\">\n<p><strong>Dos personas fueron imputadas<\/strong> por simulaci\u00f3n de delito y violencia privada: una mujer de 28 a\u00f1os por amenazas a un centro comercial, y un joven de 20 por amenazas a centros educativos.<\/p>\n<\/div>\n<div id=\"element-body-6\">\n<p>Ambos cumplen prisi\u00f3n domiciliaria con tobillera electr\u00f3nica, ella por 45 d\u00edas y \u00e9l por 120, como medida cautelar mientras avanzan las pesquisas.<\/p>\n<\/div>\n<div id=\"element-body-8\">\n<p>Aparte, un hombre de 32 a\u00f1os que se desempe\u00f1aba como guardia de seguridad en el Montevideo Shopping Center fue condenado a seis meses de prisi\u00f3n por las amenazas a ese complejo y a dos hospitales. Cumplir\u00e1 su pena en r\u00e9gimen de libertad a prueba y trabajo comunitario.<\/p>\n<\/div>\n<div id=\"element-body-9\">\n<p>Ins\u00f3litamente, hab\u00eda dado una entrevista por los desalojos al centro comercial.<strong> &#8220;Dijeron que hab\u00eda una amenaza y evacuamos<\/strong>&#8220;, declar\u00f3 a Canal 12 el 23 de marzo.<\/p>\n<\/div>\n<div id=\"element-body-10\">\n<p>Los tres detenidos no son las \u00fanicas personas involucradas, advirti\u00f3 el ministro del Interior, Carlos Negro, quien prometi\u00f3 llevar &#8220;a todas y cada una&#8221; a la justicia y cobrarles las multas estipuladas por la ley, que pueden alcanzar los 182.000 pesos (unos 4.300 d\u00f3lares).<\/p>\n<\/div>\n<div id=\"element-body-11\">\n<p><strong>La polic\u00eda tambi\u00e9n investiga la amenaza de una &#8220;masacre&#8221;<\/strong> que recibi\u00f3 la estatal Universidad de la Rep\u00fablica (Udelar) el mi\u00e9rcoles pasado, cuyo autor dijo pertenecer al grupo 764, una red online vinculada a amenazas violentas en Estados Unidos y Espa\u00f1a.<\/p>\n<\/div>\n<div id=\"element-body-12\">\n<p>Un correo electr\u00f3nico &#8220;similar&#8221; al dirigido a la Udelar lleg\u00f3 el lunes a la Universidad Cat\u00f3lica del Uruguay (UCU).<\/p>\n<\/div>\n<div id=\"element-body-13\">\n<p>La UCU se limit\u00f3 a comunicar que<strong> &#8220;un mensaje con una amenaza&#8221;<\/strong> hab\u00eda provocado el desalojo y la suspensi\u00f3n de las clases en sus campus en Montevideo, Salto y Punta del Este. M\u00e1s tarde indic\u00f3 que la actividad se hab\u00eda reiniciado &#8220;con normalidad&#8221; en la tarde.<\/p>\n<\/div>\n<div id=\"element-body-14\">\n<p>&#8220;Lo tom\u00e1s con risas hasta que empieza a sonar la alarma y te empez\u00e1s a asustar un poco&#8221;, dijo Francisco Ameigenda, uno de los evacuados.<\/p>\n<\/div>\n<div id=\"element-body-15\">\n<p>&#8220;Uno termina dudando hasta qu\u00e9 punto termina siendo verdad o mentira, si est\u00e1n probando qu\u00e9 tan bien act\u00faa la polic\u00eda <strong>o es gente que se quiere sacar de encima los ex\u00e1menes<\/strong>&#8220;, a\u00f1adi\u00f3 este estudiante de 23 a\u00f1os.<\/p>\n<\/div>\n<div id=\"element-body-16\">\n<p><strong>Un centenar de llamados por artefactos explosivo<\/strong>s, casi todos correspondientes a centros educativos, fueron registrados en 2024 en Uruguay, de los cuales la enorme mayor\u00eda fueron falsa alarma, seg\u00fan datos oficiales.<\/p>\n<\/div>\n<div id=\"element-body-17\">\n<p>Quiz\u00e1s por eso Lorena Gar\u00edn, una psiquiatra de 43 a\u00f1os, no percibi\u00f3 nerviosismo en el Montevideo Shopping Center el 22 de marzo, cuando estaba en un probador con su hija de 13 a\u00f1os y llamaron a evacuar.<\/p>\n<\/div>\n<div id=\"element-body-18\">\n<p><strong>&#8220;Me pareci\u00f3 que era una broma&#8221;,<\/strong> cont\u00f3. &#8220;Despu\u00e9s tom\u00e9 conciencia, pero en el momento estaba muy tranquila&#8221;.<\/p>\n<\/div>\n<p><br \/>\n<br \/><a href=\"https:\/\/www.clarin.com\/mundo\/detras-amenazas-atentados-sacuden-calma-uruguay_0_mrzjHL1aPA.html\">Fuente Clarin.com <\/a><\/p>\n","protected":false},"excerpt":{"rendered":"<p>Una ola de amenazas de atentados a sitios de aglomeraci\u00f3n p\u00fablica mantiene en vilo a Uruguay, donde desde hace m\u00e1s de una semana m\u00faltiples advertencias provocaron una seguidilla de evacuaciones en la capital y otras ciudades. Los casos, que siguen bajo investigaci\u00f3n y por los que hay ya tres personas judicializadas, resultaron ser falsas alarmas, [&hellip;]<\/p>\n","protected":false},"author":1,"featured_media":17138,"comment_status":"open","ping_status":"open","sticky":false,"template":"","format":"standard","meta":{"footnotes":""},"categories":[2],"tags":[387,14723,4221,269,942,48,286,10829,2436],"class_list":["post-17137","post","type-post","status-publish","format-standard","has-post-thumbnail","hentry","category-ultimas-noticias","tag-amenazas","tag-atentados","tag-calma","tag-detras","tag-hay","tag-las","tag-que","tag-sacuden","tag-uruguay"],"_links":{"self":[{"href":"https:\/\/13.com.ar\/index.php\/wp-json\/wp\/v2\/posts\/17137","targetHints":{"allow":["GET"]}}],"collection":[{"href":"https:\/\/13.com.ar\/index.php\/wp-json\/wp\/v2\/posts"}],"about":[{"href":"https:\/\/13.com.ar\/index.php\/wp-json\/wp\/v2\/types\/post"}],"author":[{"embeddable":true,"href":"https:\/\/13.com.ar\/index.php\/wp-json\/wp\/v2\/users\/1"}],"replies":[{"embeddable":true,"href":"https:\/\/13.com.ar\/index.php\/wp-json\/wp\/v2\/comments?post=17137"}],"version-history":[{"count":0,"href":"https:\/\/13.com.ar\/index.php\/wp-json\/wp\/v2\/posts\/17137\/revisions"}],"wp:featuredmedia":[{"embeddable":true,"href":"https:\/\/13.com.ar\/index.php\/wp-json\/wp\/v2\/media\/17138"}],"wp:attachment":[{"href":"https:\/\/13.com.ar\/index.php\/wp-json\/wp\/v2\/media?parent=17137"}],"wp:term":[{"taxonomy":"category","embeddable":true,"href":"https:\/\/13.com.ar\/index.php\/wp-json\/wp\/v2\/categories?post=17137"},{"taxonomy":"post_tag","embeddable":true,"href":"https:\/\/13.com.ar\/index.php\/wp-json\/wp\/v2\/tags?post=17137"}],"curies":[{"name":"wp","href":"https:\/\/api.w.org\/{rel}","templated":true}]}}