{"id":17131,"date":"2025-04-01T19:32:30","date_gmt":"2025-04-01T22:32:30","guid":{"rendered":"https:\/\/13.com.ar\/index.php\/la-revancha-de-locos-contra-real-sociedad-dejo-una-polemica-mundial\/"},"modified":"2025-04-01T19:32:30","modified_gmt":"2025-04-01T22:32:30","slug":"la-revancha-de-locos-contra-real-sociedad-dejo-una-polemica-mundial","status":"publish","type":"post","link":"https:\/\/13.com.ar\/index.php\/la-revancha-de-locos-contra-real-sociedad-dejo-una-polemica-mundial\/","title":{"rendered":"la revancha de locos contra Real Sociedad dej\u00f3 una pol\u00e9mica mundial"},"content":{"rendered":"<p> <br \/>\n<br \/><img decoding=\"async\" src=\"https:\/\/13.com.ar\/wp-content\/uploads\/2025\/04\/la-revancha-de-locos-contra-Real-Sociedad-dejo-una-polemica.jpg\" \/><\/p>\n<div id=\"element-body-0\">\n<p>Con <strong>Rafael Nadal <\/strong>en uno de los palcos, <strong>Real Madrid <\/strong>empat\u00f3 4-4 con <strong>Real Sociedad <\/strong>y jugar\u00e1 <strong>la final de la Copa del Rey<\/strong> gracias a la victoria 1-0 en la ida. Fue un partidazo el disputado en el Santiago Bernab\u00e9u y, como casi siempre, <strong>hubo pol\u00e9mica por una clara posici\u00f3n adelantada de Kylian Mbapp\u00e9 <\/strong>que culmin\u00f3 en uno de los goles del local. Ahora, los comandados por Carlo Ancelotti chocar\u00e1n contra <strong>Barcelona <\/strong>o <strong>Atl\u00e9tico de Madrid<\/strong>, que juegan este mi\u00e9rcoles, el s\u00e1bado 26 de abril en el estadio La Cartuja de Sevilla.<\/p>\n<\/div>\n<div id=\"element-body-2\">\n<p>La revancha de la semifinal entre <strong>Real Madrid<\/strong> y <strong>Real Sociedad<\/strong> por la<strong> Copa del Rey<\/strong> lo tuvo todo y tranquilamente puede ser candidato a partido del a\u00f1o. Como la ida hab\u00eda sido 1-0 a favor de los merengues, la vuelta en el<strong> Santiago Bernab\u00e9u<\/strong> se pensaban un tr\u00e1mite. Pero los vascos tuvieron un rendimiento espectacular y regalaron un duelo repleto de emociones y pol\u00e9micas, con un empate parcial del local que lleg\u00f3 luego de una escandalosa posici\u00f3n adelantada de <strong>Kylian Mbapp\u00e9<\/strong>.<\/p>\n<\/div>\n<div id=\"element-body-3\">\n<blockquote class=\"twitter-tweet\">\n<p lang=\"es\" dir=\"ltr\">Fijaos en Mbappe, estaba en fuera de juego, el \u00e1rbitro no lo pit\u00f3 y dio c\u00f3rner.<\/p>\n<p>El Madrid marc\u00f3 de ese c\u00f3rner, han vuelto a robar, es surrealista.<\/p>\n<p><a rel=\"nofollow\" target=\"_blank\" href=\"https:\/\/t.co\/8vHvihmJUq\">pic.twitter.com\/8vHvihmJUq<\/a><\/p>\n<p>\u2014 nenn (fan) (@FCB_nenn) <a rel=\"nofollow\" target=\"_blank\" href=\"https:\/\/twitter.com\/FCB_nenn\/status\/1907181295333216405?ref_src=twsrc%5Etfw\">April 1, 2025<\/a><\/p><\/blockquote>\n<\/div>\n<div id=\"element-body-4\">\n<p>Ander Barrenetxea adelant\u00f3 la visita y el brasile\u00f1o Endrick empat\u00f3. Con ese resultado se fueron al descanso. El segundo tiempo fue apasionante. David Alaba en contra y Mikel Oyarzabal dieron vuelta el duelo para los San Sebasti\u00e1n. Con el 3-1 pasaban a la final. Pero, en la acci\u00f3n siguiente, Vinicius apil\u00f3 a todos por la izquierda y le sirvi\u00f3 el gol a Jude Bellingham. 3-2 e igualdad.<\/p>\n<\/div>\n<div id=\"element-body-5\">\n<p>Suceder\u00eda segundos despu\u00e9s la acci\u00f3n m\u00e1s pol\u00e9mica de la noche en Espa\u00f1a. Modric habilit\u00f3 a Vinicius y Mbapp\u00e9, 5 metros adelantado, amag\u00f3 a agarrar la pelota y la dej\u00f3 pasar para la carrera del extremo de Brasil. El bal\u00f3n se fue al c\u00f3rner y del env\u00edo lleg\u00f3 el empate 3-3 de Aurelien Tchouameni. El fuera de juego posicional del franc\u00e9s fue escandaloso porque particip\u00f3 e hizo dudar al defensor rival que cerraba. Los visitantes protestaron, pero el VAR no pudo actuar porque el gol provino de una segunda jugada. Ah\u00ed, el error de interpretaci\u00f3n del \u00e1rbitro y del juez de l\u00ednea fue descomunal.<\/p>\n<\/div>\n<div id=\"element-body-6\">\n<p>La justicia lleg\u00f3 sobre el final cuando Oyarzabal se aprovech\u00f3 de una mala salida de Lunin y de cabeza puso el 4-3 para mandar el juego al tiempo suplementario.<\/p>\n<\/div>\n<div id=\"element-body-7\">\n<p>Bajaron el ritmo ambos en los tiempos suplementarios y lo inevitable parec\u00edan los penales. Pero a nada del final el alem\u00e1n Rudiger puso la cabeza para el 4-4 definitivo (primer empate con este marcador en la historia del Bernab\u00e9u) y para el delirio de todos los hinchas de Real Madrid. <\/p>\n<\/div>\n<p><script async src=\"\/\/platform.twitter.com\/widgets.js\" charset=\"utf-8\"><\/script><br \/>\n<br \/><br \/>\n<br \/><a href=\"https:\/\/www.clarin.com\/deportes\/real-madrid-final-copa-rey-offside-escandaloso-revancha-locos-real-sociedad-dejo-polemica-mundial_0_2V6z7RujRc.html\">Fuente Clarin.com <\/a><\/p>\n","protected":false},"excerpt":{"rendered":"<p>Con Rafael Nadal en uno de los palcos, Real Madrid empat\u00f3 4-4 con Real Sociedad y jugar\u00e1 la final de la Copa del Rey gracias a la victoria 1-0 en la ida. Fue un partidazo el disputado en el Santiago Bernab\u00e9u y, como casi siempre, hubo pol\u00e9mica por una clara posici\u00f3n adelantada de Kylian Mbapp\u00e9 [&hellip;]<\/p>\n","protected":false},"author":1,"featured_media":17132,"comment_status":"open","ping_status":"open","sticky":false,"template":"","format":"standard","meta":{"footnotes":""},"categories":[2],"tags":[835,647,4067,1612,814,101,5447,2032,73],"class_list":["post-17131","post","type-post","status-publish","format-standard","has-post-thumbnail","hentry","category-ultimas-noticias","tag-contra","tag-dejo","tag-locos","tag-mundial","tag-polemica","tag-real","tag-revancha","tag-sociedad","tag-una"],"_links":{"self":[{"href":"https:\/\/13.com.ar\/index.php\/wp-json\/wp\/v2\/posts\/17131","targetHints":{"allow":["GET"]}}],"collection":[{"href":"https:\/\/13.com.ar\/index.php\/wp-json\/wp\/v2\/posts"}],"about":[{"href":"https:\/\/13.com.ar\/index.php\/wp-json\/wp\/v2\/types\/post"}],"author":[{"embeddable":true,"href":"https:\/\/13.com.ar\/index.php\/wp-json\/wp\/v2\/users\/1"}],"replies":[{"embeddable":true,"href":"https:\/\/13.com.ar\/index.php\/wp-json\/wp\/v2\/comments?post=17131"}],"version-history":[{"count":0,"href":"https:\/\/13.com.ar\/index.php\/wp-json\/wp\/v2\/posts\/17131\/revisions"}],"wp:featuredmedia":[{"embeddable":true,"href":"https:\/\/13.com.ar\/index.php\/wp-json\/wp\/v2\/media\/17132"}],"wp:attachment":[{"href":"https:\/\/13.com.ar\/index.php\/wp-json\/wp\/v2\/media?parent=17131"}],"wp:term":[{"taxonomy":"category","embeddable":true,"href":"https:\/\/13.com.ar\/index.php\/wp-json\/wp\/v2\/categories?post=17131"},{"taxonomy":"post_tag","embeddable":true,"href":"https:\/\/13.com.ar\/index.php\/wp-json\/wp\/v2\/tags?post=17131"}],"curies":[{"name":"wp","href":"https:\/\/api.w.org\/{rel}","templated":true}]}}