{"id":17129,"date":"2025-04-01T19:26:30","date_gmt":"2025-04-01T22:26:30","guid":{"rendered":"https:\/\/13.com.ar\/index.php\/hubo-dos-casos-de-ataques-con-cuchillos-en-martinez-y-en-ensenada\/"},"modified":"2025-04-01T19:26:30","modified_gmt":"2025-04-01T22:26:30","slug":"hubo-dos-casos-de-ataques-con-cuchillos-en-martinez-y-en-ensenada","status":"publish","type":"post","link":"https:\/\/13.com.ar\/index.php\/hubo-dos-casos-de-ataques-con-cuchillos-en-martinez-y-en-ensenada\/","title":{"rendered":"hubo dos casos de ataques con cuchillos en Mart\u00ednez y en Ensenada"},"content":{"rendered":"<p> <br \/>\n<br \/><img decoding=\"async\" src=\"https:\/\/13.com.ar\/wp-content\/uploads\/2025\/04\/hubo-dos-casos-de-ataques-con-cuchillos-en-Martinez-y.jpg\" \/><\/p>\n<div id=\"element-body-0\">\n<p>Otros dos episodios de <strong>agresiones de adolescentes que se pelean en el entorno escolar <\/strong>generaron conmoci\u00f3n en Ensenada, cerca de La Plata y en Mart\u00ednez, partido de San Isidro.<\/p>\n<\/div>\n<div id=\"element-body-1\">\n<p>El m\u00e1s grave se registr\u00f3 en la ciudad vecina a la capital bonaerense, cuando <strong>un adolescente de 17 a\u00f1os apu\u00f1al\u00f3 a dos chicos<\/strong> en pleno horario escolar. Ocurri\u00f3 este martes en el turno la ma\u00f1ana en la Escuela Secundaria N\u00b0 4, de El Dique, y por el hecho el agresor qued\u00f3 detenido y los nenes fueron hospitalizados por los cortes que recibieron en zonas de la cara y el cuerpo.<\/p>\n<\/div>\n<div id=\"element-body-2\">\n<p>De acuerdo con los testimonios que obtuvo la polic\u00eda que intervino, hubo una <strong>pelea en el recreo <\/strong>del establecimiento ubicado en 126 y 47 y el chico de 17 a\u00f1os sac\u00f3 una navaja y lastim\u00f3, primero a una joven de 16 a\u00f1os y luego a su primo de 12. <\/p>\n<\/div>\n<div id=\"element-body-3\">\n<p>Las heridas fueron en el p\u00f3mulo y al nene con uno en el p\u00e1rpado. Interviene el Fuero de Responsabilidad Penal Juvenil. Como se trata de un imputado que tiene m\u00e1s de 16 (aunque menos de 18) corresponde que intervenga esa fiscal\u00eda. Y evaluaban imputarlo por <strong>&#8220;tentativa de homicidio&#8221;.<\/strong><\/p>\n<\/div>\n<div id=\"element-body-4\">\n<p>El episodio perturb\u00f3 toda la actividad del centro de ense\u00f1anza. Es que luego del ataque, los dos chicos fueron hallados conscientes en el interior de la escuela y trasladados por una ambulancia del Servicio de Atenci\u00f3n M\u00e9dica de Emergencias (SAME) al Hospital Cestino, donde recibieron atenci\u00f3n m\u00e9dica y se confirm\u00f3 que sus lesiones eran de car\u00e1cter leve.<\/p>\n<\/div>\n<div id=\"element-body-5\">\n<p>El joven de 17 a\u00f1os fue <strong>detenido por la Polic\u00eda Bonaerense en el establecimiento<\/strong> y lo mantuvieron hasta la llegada de las autoridades judiciales. Minutos despu\u00e9s fue trasladado a la comisar\u00eda e imputado, inicialmente, con la car\u00e1tula de \u201clesiones leves\u201d, pero a partir de otros elementos de prueba la fiscal\u00eda habr\u00eda decidido agravar el cuadro procesal.<\/p>\n<\/div>\n<div id=\"element-body-7\">\n<p>A casi 60 kil\u00f3metros de este lugar, pero cerca de otra escuela p\u00fablica provincial hubo otro ataque de escolares. Ocurri\u00f3 en el cruce de las calles Ezpeleta y Fleming de Mart\u00ednez, muy cerca de la Escuela Media N\u00b0 8, Bartolom\u00e9 Mitre.<\/p>\n<\/div>\n<div id=\"element-body-9\">\n<p>De acuerdo con los informes policiales, un adolescente de 15 fue herido tambi\u00e9n con un <strong>cuchillo tipo tramontina en la espalda por otro alumn<\/strong>o. Lo encontraron en la vereda, sentado con cortes en la espalda y llamaron a la polic\u00eda. Intervino la seccional 2\u00b0 de San Isidro y la fiscal\u00eda de Responsabilidad Juvenil. El nene atacado est\u00e1 fuera de peligro, luego de ser asistido en un hospital p\u00fablico de esa ciudad.<\/p>\n<\/div>\n<div id=\"element-body-10\">\n<p>Seg\u00fan dijeron a <strong>Clar\u00edn <\/strong>en la Direcci\u00f3n General de Escuelas, los gabinetes de apoyo de las instituciones donde asisten los alumnos v\u00edctimas y los agresores iniciaron los protocolos de intevenci\u00f3n en situaciones de violencia. Convocar\u00e1n a los padres de los estudiantes y definir\u00e1n como seguir con el funcionamiento acad\u00e9mico en esos establecimientos conmocionados por los casos violentos.<\/p>\n<\/div>\n<div id=\"element-body-12\">\n<p>Hace 10 d\u00edas, un grupo de alumnos se pele\u00f3 a la salida de la escuela en San Mart\u00edn. La discusi\u00f3n se viraliz\u00f3 luego de que uno de los adolescentes fue filmado en el momento en que sac\u00f3 un arma y amenaz\u00f3 a sus compa\u00f1eros. Ocurri\u00f3 el mi\u00e9rcoles 21 de marzo en la peatonal Belgrano, a pocos metros de la municipalidad.<\/p>\n<\/div>\n<div id=\"element-body-13\">\n<div class=\"sc-c2c2a3c6-1 kQhBlc videoText videoText\">\n<h2>Video<\/h2>\n<p>Un alumno amenaz\u00f3 con un arma fuera de una escuela de San Mart\u00edn<\/p>\n<\/div>\n<\/div>\n<div id=\"element-body-14\">\n<p>Luego de la pelea, la Polic\u00eda despleg\u00f3 un operativo en la Escuela Secundaria N\u00b0 12 \u201cEduardo Wilde\u201d, en Agust\u00edn Rogelio Vidal al 3600, y encontr\u00f3 dos pistolas en las mochilas de los estudiantes. Esas escenas, de polic\u00edas dentro del aula tambi\u00e9n se hicieron virales.<\/p>\n<\/div>\n<div id=\"element-body-15\">\n<p>Parecen extra\u00eddas de la multipromocionada serie de <em>Netflix <\/em>\u201cAdolescencia\u201d, pero eran en el conurbano bonaerense y no ten\u00edan nada de ficci\u00f3n.<\/p>\n<\/div>\n<div id=\"element-body-16\">\n<p>Primero, en la calle se ve c\u00f3mo un chico vestido de negro sac\u00f3 un arma y apunt\u00f3 al menos dos veces contra otro joven. Ninguna bala sali\u00f3, pero la agresi\u00f3n continu\u00f3: dos adolescentes atacaron a su compa\u00f1ero y a perseguirlo por la calle. \u201cDale corr\u00e9\u201d, se escucha decir a uno de ellos.<\/p>\n<\/div>\n<div id=\"element-body-17\">\n<p>Tmbi\u00e9n cuando una chica increp\u00f3 a uno de los involucrados en el enfrentamiento. \u201c\u00bfQu\u00e9 te pasa con mi hermano? Camin\u00e1 al fondo, tomate el palo. \u00bfQui\u00e9n te pens\u00e1s que sos por tener un fierro, tarado?\u201d, le grit\u00f3 mientras el agresor se alejaba.<\/p>\n<\/div>\n<div id=\"element-body-18\">\n<p>La secuencia sigui\u00f3 por unos segundos m\u00e1s entre varios alumnos que empezaron a gritarse y a empujarse en medio de la calle. Y termina la serie de videos con polic\u00edas uniformados revisando mochilas en medio de las aulas.<\/p>\n<\/div>\n<div id=\"element-body-19\">\n<p><strong>La Plata. Corresponsal\u00eda<\/strong><\/p>\n<\/div>\n<p><br \/>\n<br \/><a href=\"https:\/\/www.clarin.com\/sociedad\/violencia-escuelas-bonaerenses-casos-ataques-cuchillos-martinez-ensenada_0_xcCytBZVpM.html\">Fuente Clarin.com <\/a><\/p>\n","protected":false},"excerpt":{"rendered":"<p>Otros dos episodios de agresiones de adolescentes que se pelean en el entorno escolar generaron conmoci\u00f3n en Ensenada, cerca de La Plata y en Mart\u00ednez, partido de San Isidro. El m\u00e1s grave se registr\u00f3 en la ciudad vecina a la capital bonaerense, cuando un adolescente de 17 a\u00f1os apu\u00f1al\u00f3 a dos chicos en pleno horario [&hellip;]<\/p>\n","protected":false},"author":1,"featured_media":17130,"comment_status":"open","ping_status":"open","sticky":false,"template":"","format":"standard","meta":{"footnotes":""},"categories":[2],"tags":[2442,3999,18,14719,59,13942,1633,1288],"class_list":["post-17129","post","type-post","status-publish","format-standard","has-post-thumbnail","hentry","category-ultimas-noticias","tag-ataques","tag-casos","tag-con","tag-cuchillos","tag-dos","tag-ensenada","tag-hubo","tag-martinez"],"_links":{"self":[{"href":"https:\/\/13.com.ar\/index.php\/wp-json\/wp\/v2\/posts\/17129","targetHints":{"allow":["GET"]}}],"collection":[{"href":"https:\/\/13.com.ar\/index.php\/wp-json\/wp\/v2\/posts"}],"about":[{"href":"https:\/\/13.com.ar\/index.php\/wp-json\/wp\/v2\/types\/post"}],"author":[{"embeddable":true,"href":"https:\/\/13.com.ar\/index.php\/wp-json\/wp\/v2\/users\/1"}],"replies":[{"embeddable":true,"href":"https:\/\/13.com.ar\/index.php\/wp-json\/wp\/v2\/comments?post=17129"}],"version-history":[{"count":0,"href":"https:\/\/13.com.ar\/index.php\/wp-json\/wp\/v2\/posts\/17129\/revisions"}],"wp:featuredmedia":[{"embeddable":true,"href":"https:\/\/13.com.ar\/index.php\/wp-json\/wp\/v2\/media\/17130"}],"wp:attachment":[{"href":"https:\/\/13.com.ar\/index.php\/wp-json\/wp\/v2\/media?parent=17129"}],"wp:term":[{"taxonomy":"category","embeddable":true,"href":"https:\/\/13.com.ar\/index.php\/wp-json\/wp\/v2\/categories?post=17129"},{"taxonomy":"post_tag","embeddable":true,"href":"https:\/\/13.com.ar\/index.php\/wp-json\/wp\/v2\/tags?post=17129"}],"curies":[{"name":"wp","href":"https:\/\/api.w.org\/{rel}","templated":true}]}}