{"id":17128,"date":"2025-04-01T19:23:30","date_gmt":"2025-04-01T22:23:30","guid":{"rendered":"https:\/\/13.com.ar\/index.php\/en-marzo-la-recaudacion-subio-7-en-terminos-reales-por-encima-de-la-inflacion\/"},"modified":"2025-04-01T19:23:30","modified_gmt":"2025-04-01T22:23:30","slug":"en-marzo-la-recaudacion-subio-7-en-terminos-reales-por-encima-de-la-inflacion","status":"publish","type":"post","link":"https:\/\/13.com.ar\/index.php\/en-marzo-la-recaudacion-subio-7-en-terminos-reales-por-encima-de-la-inflacion\/","title":{"rendered":"En marzo, la recaudaci\u00f3n subi\u00f3 7% en t\u00e9rminos reales, por encima de la inflaci\u00f3n"},"content":{"rendered":"<p> <br \/>\n<br \/><img decoding=\"async\" src=\"https:\/\/13.com.ar\/wp-content\/uploads\/2025\/03\/Desde-el-1\u00b0-de-abril-todas-las-facturas-deberan-tener.jpg\" \/><\/p>\n<div id=\"element-body-0\">\n<p>Desde ARCA, la ex AFIP, se inform\u00f3 que en marzo la recaudaci\u00f3n de Recursos Tributarios alcanz\u00f3 los<strong> $ 12.733.317 millones<\/strong>, con una variaci\u00f3n interanual de 64,8%. En t\u00e9rminos reales, es decir descontando la inflaci\u00f3n, el alza habr\u00eda sido del 7%.<\/p>\n<\/div>\n<div id=\"element-body-1\">\n<p>El comunicado oficial detalla que durante este mes la recaudaci\u00f3n se vio afectada por la eliminaci\u00f3n del Impuesto Solidario PAIS, el a\u00f1o pasado se hab\u00edan recaudado<strong> $ 694.903 millones.<\/strong><\/p>\n<\/div>\n<div id=\"element-body-2\">\n<p>Adem\u00e1s, en los ingresos tributarios del mes influy\u00f3 la disminuci\u00f3n de los aranceles a los Derechos de Exportaci\u00f3n.<\/p>\n<\/div>\n<div id=\"element-body-3\">\n<p>Otro \u00edtem que impact\u00f3 en los ingresos p\u00fablicos fueron los vencimientos y pagos en marzo 2024 de los impuestos prorrogados en el marco de las Medidas de Alivio Fiscal implementadas en el a\u00f1o 2023. En especial IVA y Contribuciones de la Seguridad Social<\/p>\n<\/div>\n<div id=\"element-body-4\">\n<p>Seg\u00fan el economista Nadin Arga\u00f1araz, director del IARAF, <strong>la recaudaci\u00f3n de marzo habr\u00eda subido 7% contra el mismo mes del 2024 en t\u00e9rminos reales. <\/strong>&#8220;Dada la eliminaci\u00f3n del impuesto PAIS y el resto de cambios instrumentados, los primeros meses del a\u00f1o contin\u00faan con suba real interanual de la recaudaci\u00f3n tributaria nacional&#8221;.<\/p>\n<\/div>\n<div id=\"element-body-5\">\n<p>Al excluir la recaudaci\u00f3n de tributos vinculados al comercio exterior, la variaci\u00f3n real interanual ser\u00eda positiva por 17%.<\/p>\n<\/div>\n<div id=\"element-body-6\">\n<p>Los tributos de mayor aumento real interanual ser\u00edan combustibles l\u00edquidos con 134%, seguido por Ganancias con 37% y Seguridad Social con 29%. Adem\u00e1s,<strong> con reducci\u00f3n temporal de al\u00edcuotas, las mayores liquidaciones habr\u00edan hecho que los derechos de exportaci\u00f3n crezcan un 23,4%<\/strong> real en t\u00e9rminos interanuales.<\/p>\n<\/div>\n<div id=\"element-body-7\">\n<p>El principal impuesto desde el punto de vista recaudatorio, el IVA, habr\u00eda crecido un <strong>1% real interanual <\/strong>durante el mes de marzo de 2025.<\/p>\n<\/div>\n<div id=\"element-body-8\">\n<p>&#8220;La evoluci\u00f3n de la recaudaci\u00f3n est\u00e1 explicada por una combinaci\u00f3n de cambios impositivos (cambios de ganancias a personas humanas, eliminaci\u00f3n de impuesto PAIS, baja temporal de derechos de exportaci\u00f3n, suba real del impuesto a los combustibles, entre los principales) y por subas reales de actividad y de ingresos. <strong>El primer trimestre de 2024 fue el periodo en el que se registraron los mayores descensos de actividad y de ingresos reales<\/strong>&#8220;, se\u00f1ala Arga\u00f1araz.<\/p>\n<\/div>\n<div id=\"element-body-9\">\n<p>La recaudaci\u00f3n tributaria nacional del primer trimestre de 2025 habr\u00eda aumentado un 8% real interanual.<\/p>\n<\/div>\n<p><br \/>\n<br \/><a href=\"https:\/\/www.clarin.com\/economia\/marzo-recaudacion-subio-7-terminos-reales-encima-inflacion_0_XvRzljIv2S.html\">Fuente Clarin.com <\/a><\/p>\n","protected":false},"excerpt":{"rendered":"<p>Desde ARCA, la ex AFIP, se inform\u00f3 que en marzo la recaudaci\u00f3n de Recursos Tributarios alcanz\u00f3 los $ 12.733.317 millones, con una variaci\u00f3n interanual de 64,8%. En t\u00e9rminos reales, es decir descontando la inflaci\u00f3n, el alza habr\u00eda sido del 7%. El comunicado oficial detalla que durante este mes la recaudaci\u00f3n se vio afectada por la [&hellip;]<\/p>\n","protected":false},"author":1,"featured_media":15654,"comment_status":"open","ping_status":"open","sticky":false,"template":"","format":"standard","meta":{"footnotes":""},"categories":[2],"tags":[5660,1544,3073,142,8274,14717,2701,14718],"class_list":["post-17128","post","type-post","status-publish","format-standard","has-post-thumbnail","hentry","category-ultimas-noticias","tag-encima","tag-inflacion","tag-marzo","tag-por","tag-reales","tag-recaudacion","tag-subio","tag-terminos"],"_links":{"self":[{"href":"https:\/\/13.com.ar\/index.php\/wp-json\/wp\/v2\/posts\/17128","targetHints":{"allow":["GET"]}}],"collection":[{"href":"https:\/\/13.com.ar\/index.php\/wp-json\/wp\/v2\/posts"}],"about":[{"href":"https:\/\/13.com.ar\/index.php\/wp-json\/wp\/v2\/types\/post"}],"author":[{"embeddable":true,"href":"https:\/\/13.com.ar\/index.php\/wp-json\/wp\/v2\/users\/1"}],"replies":[{"embeddable":true,"href":"https:\/\/13.com.ar\/index.php\/wp-json\/wp\/v2\/comments?post=17128"}],"version-history":[{"count":0,"href":"https:\/\/13.com.ar\/index.php\/wp-json\/wp\/v2\/posts\/17128\/revisions"}],"wp:featuredmedia":[{"embeddable":true,"href":"https:\/\/13.com.ar\/index.php\/wp-json\/wp\/v2\/media\/15654"}],"wp:attachment":[{"href":"https:\/\/13.com.ar\/index.php\/wp-json\/wp\/v2\/media?parent=17128"}],"wp:term":[{"taxonomy":"category","embeddable":true,"href":"https:\/\/13.com.ar\/index.php\/wp-json\/wp\/v2\/categories?post=17128"},{"taxonomy":"post_tag","embeddable":true,"href":"https:\/\/13.com.ar\/index.php\/wp-json\/wp\/v2\/tags?post=17128"}],"curies":[{"name":"wp","href":"https:\/\/api.w.org\/{rel}","templated":true}]}}