{"id":17122,"date":"2025-04-01T19:14:28","date_gmt":"2025-04-01T22:14:28","guid":{"rendered":"https:\/\/13.com.ar\/index.php\/el-festejo-con-sus-hijos-la-visita-que-lo-sorprendio-y-la-dedicatoria-de-milett-figueroa\/"},"modified":"2025-04-01T19:14:28","modified_gmt":"2025-04-01T22:14:28","slug":"el-festejo-con-sus-hijos-la-visita-que-lo-sorprendio-y-la-dedicatoria-de-milett-figueroa","status":"publish","type":"post","link":"https:\/\/13.com.ar\/index.php\/el-festejo-con-sus-hijos-la-visita-que-lo-sorprendio-y-la-dedicatoria-de-milett-figueroa\/","title":{"rendered":"el festejo con sus hijos, la visita que lo sorprendi\u00f3 y la dedicatoria de Milett Figueroa"},"content":{"rendered":"<p> <br \/>\n<br \/><img decoding=\"async\" src=\"https:\/\/13.com.ar\/wp-content\/uploads\/2025\/04\/el-festejo-con-sus-hijos-la-visita-que-lo-sorprendio.jpg\" \/><\/p>\n<div id=\"element-body-0\">\n<p>Este martes 1 de abril, <strong>Marcelo Tinelli celebr\u00f3 sus 65 a\u00f1os<\/strong> y, como era de esperarse, <strong>organiz\u00f3 un festejo \u00edntimo rodeado de sus cinco hijos y algunos de sus familiares m\u00e1s cercanos<\/strong>. <\/p>\n<\/div>\n<div id=\"element-body-1\">\n<p>Adem\u00e1s, el conductor recibi\u00f3 un <strong>emotivo y<\/strong> <strong>rom\u00e1ntico mensaje de su actual pareja, Milett Figueroa<\/strong>, a trav\u00e9s de redes sociales.<\/p>\n<\/div>\n<div id=\"element-body-2\">\n<p>La cena incluy\u00f3 uno de sus platos preferidos: sushi. <\/p>\n<\/div>\n<div id=\"element-body-3\">\n<p>Y tuvo como invitados a sus cinco hijos, <strong>Micaela, Candelaria, Francisco, Juana <\/strong>y<strong> Lorenzo<\/strong>, adem\u00e1s de su primo<strong> Luciano &#8220;El Tirri&#8221;<\/strong>. Despu\u00e9s de una amena velada, Marcelo fue sorprendido con una torta de cumplea\u00f1os, adornada con una bengala tradicional y velas para que pudiera soplar.<\/p>\n<\/div>\n<div id=\"element-body-4\">\n<p>Al ritmo de la cl\u00e1sica melod\u00eda de <em>&#8220;Feliz Cumplea\u00f1os<\/em>&#8220;, los j\u00f3venes hicieron su entrada en la sala donde se desarrollaba la celebraci\u00f3n y cuando lleg\u00f3 el momento de soplar las velas, todos se unieron en una ronda alrededor de Tinelli. Mostrando complicidad y abrazado a sus hijos, \u00e9l las apag\u00f3.<\/p>\n<\/div>\n<div id=\"element-body-5\">\n<p><strong>&#8220;Un comienzo de cumple so\u00f1ado con mis amores<\/strong>. Los amo cada d\u00eda m\u00e1s <em>@micatinelli @candelariatinelli @frantinelli1 @juanittinelli1 @lucianotirri <\/em>y Lolo. <strong>Mi familia por siempre&#8221;<\/strong>, escribi\u00f3 Marcelo junto a una postal familiar retratada durante la cena a trav\u00e9s de su cuenta oficial de Instagram (@marcelotinelli), subrayando su felicidad por haber tenido la posibilidad de estar con las personas m\u00e1s importantes de su vida en un d\u00eda tan especial.<\/p>\n<\/div>\n<div id=\"element-body-7\">\n<p>Esta misma postal fue compartida mediante las historias de la red social y all\u00ed no solo etiquet\u00f3 a cada uno de sus hijos sino tambi\u00e9n expres\u00f3: &#8220;<strong>Me hicieron arrancar un cumple de la mejor manera, so\u00f1ado&#8221;. <\/strong><\/p>\n<\/div>\n<div id=\"element-body-8\">\n<p>De esta manera, Tinelli sum\u00f3 algunos de los platos japoneses que formaron parte del men\u00fa. <strong>&#8220;Arrancamos la comida pre cumple con todos mis hijos y el Tirri. Riqu\u00edsimo todo&#8221;<\/strong>, resalt\u00f3 el conductor en una de las postales gastron\u00f3micas que public\u00f3 con sus 14.9 millones de seguidores.<\/p>\n<\/div>\n<div id=\"element-body-10\">\n<p>Antes que las agujas marcaran la media noche, Juanita y Candelaria publicaron una postal donde se lo pudo ver al conductor posando frente a la c\u00e1mara con una botella de champagne. <\/p>\n<\/div>\n<div id=\"element-body-11\">\n<p><strong>&#8220;Opa, se acercan las 12<\/strong>&#8220;, exclam\u00f3 Cande.<strong> <\/strong>Por su parte, Marcelo le respondi\u00f3 con una serie de emojis de corazones rojos: <strong>&#8220;Te amo&#8221;.<\/strong><\/p>\n<\/div>\n<div id=\"element-body-13\">\n<p>Una vez pasada la medianoche, la menor de sus hijas mujeres acudi\u00f3 a su perfil en la red social otra vez para dedicarle unas sentidas palabras al conductor: <strong>&#8220;Feliz cumple, padre de mi vida. Te amo con toda mi alma&#8221;.<\/strong><\/p>\n<\/div>\n<div id=\"element-body-15\">\n<p>Otro de los posteos que sum\u00f3 a las historias fue el c\u00e1lido saludo de \u00c1ngel de Brito. <strong>&#8220;Feliz cumplea\u00f1os Marcelo querido! Que seas muy feliz con todos los que te quieren!&#8221;<\/strong>, le dese\u00f3 el conductor de <em>LAM<\/em> (Am\u00e9rica TV). <\/p>\n<\/div>\n<div id=\"element-body-17\">\n<p>Adem\u00e1s, Marcelo pos\u00f3 junto a algunos de sus familiares con quienes no tuvo la posibilidad de reunirse en el \u00faltimo tiempo. <\/p>\n<\/div>\n<div id=\"element-body-19\">\n<p>&#8220;En el d\u00eda de mi cumple muy feliz de recibir en casa a mi primo Flavio, el hijo de mi t\u00eda adorada Teresa<strong> despu\u00e9s de casi 6 a\u00f1os sin vernos. Hermoso regalo de cumplea\u00f1os su visita&#8221;<\/strong>, afirm\u00f3 el conductor.<strong> <\/strong><\/p>\n<\/div>\n<p><h2>El rom\u00e1ntico mensaje de Milett Figueroa por el cumplea\u00f1os de Marcelo Tinelli: \u201cMi persona favorita\u201d<\/h2>\n<\/p>\n<div id=\"element-body-21\">\n<p>A pesar de los rumores de separaci\u00f3n, <strong>Milett Figueroa <\/strong>dej\u00f3 claro que su relaci\u00f3n con el conductor sigue tan firme como siempre y si bien no pudo asistir a la cena de cumplea\u00f1os de Marcelo debido a compromisos laborales en Per\u00fa, no dej\u00f3 pasar la ocasi\u00f3n y le dedic\u00f3 unas sentidas palabras en redes.<\/p>\n<\/div>\n<div id=\"element-body-22\">\n<div class=\"sc-c2c2a3c6-1 kQhBlc videoText videoText\">\n<h2>Video<\/h2>\n<p>El rom\u00e1ntico gesto de Milett Figueroa con Marcelo Tinelli por sus 65 a\u00f1os: \u201cMi persona favorita\u201d<\/p>\n<\/div>\n<\/div>\n<div id=\"element-body-23\">\n<p><strong>\u201cFeliz vida amor m\u00edo. Gracias por ser mi persona favorita todos los d\u00edas. Te amo hoy y siempre\u201d<\/strong>, le hizo saber la modelo al conductor junto a un video que cont\u00f3 con una serie de fotos, las cuales retrataban tanto la infancia de Tinelli hasta algunos recuerdos m\u00e1s actuales con ella en cenas y paseos rom\u00e1nticos.<\/p>\n<\/div>\n<div id=\"element-body-24\">\n<p>Lejos de hacer caso omiso al sentido posteo que comparti\u00f3 Figueroa, Marcelo le respondi\u00f3 con una tierna declaraci\u00f3n: \u201c<strong>\u00a1Ayyy amor m\u00edo! \u00a1Te amo con todo mi ser! \u00a1Qu\u00e9 hermoso este video, y qu\u00e9 hermoso poder seguir viviendo esta vida juntos! Te amo, mi vida hermosa\u201d.<\/strong><\/p>\n<\/div>\n<p><br \/>\n<br \/><a href=\"https:\/\/www.clarin.com\/fama\/cumpleanos-marcelo-tinelli-festejo-hijos-visita-sorprendio-sorpresa-milett-figueroa_0_RkZx8v3tJG.html\">Fuente Clarin.com <\/a><\/p>\n","protected":false},"excerpt":{"rendered":"<p>Este martes 1 de abril, Marcelo Tinelli celebr\u00f3 sus 65 a\u00f1os y, como era de esperarse, organiz\u00f3 un festejo \u00edntimo rodeado de sus cinco hijos y algunos de sus familiares m\u00e1s cercanos. Adem\u00e1s, el conductor recibi\u00f3 un emotivo y rom\u00e1ntico mensaje de su actual pareja, Milett Figueroa, a trav\u00e9s de redes sociales. La cena incluy\u00f3 [&hellip;]<\/p>\n","protected":false},"author":1,"featured_media":17123,"comment_status":"open","ping_status":"open","sticky":false,"template":"","format":"standard","meta":{"footnotes":""},"categories":[2],"tags":[18,5309,478,12977,41,14714,2681,40,1435],"class_list":["post-17122","post","type-post","status-publish","format-standard","has-post-thumbnail","hentry","category-ultimas-noticias","tag-con","tag-dedicatoria","tag-festejo","tag-figueroa","tag-hijos","tag-milett","tag-sorprendio","tag-sus","tag-visita"],"_links":{"self":[{"href":"https:\/\/13.com.ar\/index.php\/wp-json\/wp\/v2\/posts\/17122","targetHints":{"allow":["GET"]}}],"collection":[{"href":"https:\/\/13.com.ar\/index.php\/wp-json\/wp\/v2\/posts"}],"about":[{"href":"https:\/\/13.com.ar\/index.php\/wp-json\/wp\/v2\/types\/post"}],"author":[{"embeddable":true,"href":"https:\/\/13.com.ar\/index.php\/wp-json\/wp\/v2\/users\/1"}],"replies":[{"embeddable":true,"href":"https:\/\/13.com.ar\/index.php\/wp-json\/wp\/v2\/comments?post=17122"}],"version-history":[{"count":0,"href":"https:\/\/13.com.ar\/index.php\/wp-json\/wp\/v2\/posts\/17122\/revisions"}],"wp:featuredmedia":[{"embeddable":true,"href":"https:\/\/13.com.ar\/index.php\/wp-json\/wp\/v2\/media\/17123"}],"wp:attachment":[{"href":"https:\/\/13.com.ar\/index.php\/wp-json\/wp\/v2\/media?parent=17122"}],"wp:term":[{"taxonomy":"category","embeddable":true,"href":"https:\/\/13.com.ar\/index.php\/wp-json\/wp\/v2\/categories?post=17122"},{"taxonomy":"post_tag","embeddable":true,"href":"https:\/\/13.com.ar\/index.php\/wp-json\/wp\/v2\/tags?post=17122"}],"curies":[{"name":"wp","href":"https:\/\/api.w.org\/{rel}","templated":true}]}}