{"id":17120,"date":"2025-04-01T19:08:28","date_gmt":"2025-04-01T22:08:28","guid":{"rendered":"https:\/\/13.com.ar\/index.php\/las-5-claves-de-los-cambios-que-se-veran-en-facturas-y-gondolas-de-comercios\/"},"modified":"2025-04-01T19:08:28","modified_gmt":"2025-04-01T22:08:28","slug":"las-5-claves-de-los-cambios-que-se-veran-en-facturas-y-gondolas-de-comercios","status":"publish","type":"post","link":"https:\/\/13.com.ar\/index.php\/las-5-claves-de-los-cambios-que-se-veran-en-facturas-y-gondolas-de-comercios\/","title":{"rendered":"las 5 claves de los cambios que se ver\u00e1n en facturas y g\u00f3ndolas de comercios"},"content":{"rendered":"<p> <br \/>\n<br \/><img decoding=\"async\" src=\"https:\/\/13.com.ar\/wp-content\/uploads\/2025\/04\/las-5-claves-de-los-cambios-que-se-veran-en.jpg\" \/><\/p>\n<div id=\"element-body-0\">\n<p>Entr\u00f3 en vigencia este martes 1\u00b0 de abril la <strong>segunda etapa del R\u00e9gimen de Transparencia Fiscal <\/strong>para todos los comercios, luego de que la primera fase, desde el 1\u00b0 de enero, se implement\u00f3 solo para grandes cadenas de supermercados, electro y estaciones de servicio, entre otras.<\/p>\n<\/div>\n<div id=\"element-body-1\">\n<p>Todos los establecimientos deber\u00e1n discriminar en sus tickets y comprobantes de venta de productos y servicios finales <strong>el detalle del IVA e impuestos indirectos nacionales<\/strong>, que corresponden solo en algunos casos, como bebidas alcoh\u00f3licas. <\/p>\n<\/div>\n<div id=\"element-body-2\">\n<p>Seg\u00fan ARCA, la ex AFIP, se busca \u201creafirmar el compromiso del Gobierno Nacional con la transparencia fiscal, permitiendo a los consumidores <strong>conocer el impacto de los impuestos<\/strong> en las operaciones y que puedan <strong>contar con informaci\u00f3n<\/strong> para tomar sus decisiones comerciales con plena libertad\u201d.<\/p>\n<\/div>\n<div id=\"element-body-3\">\n<p>Quienes emit\u00edan comprobantes a trav\u00e9s de facturaci\u00f3n electr\u00f3nica con sistemas del organismo, como <strong>Facturador M\u00f3vil<\/strong> o <strong>Comprobantes en L\u00ednea<\/strong>, <strong>ya contaban con la posibilidad<\/strong> de discriminar el IVA en sus tickets de compra.<\/p>\n<\/div>\n<div id=\"element-body-6\">\n<p><strong>1. C\u00f3mo se ver\u00e1:<\/strong> cada ticket o factura llevar\u00e1 la leyenda \u201cR\u00e9gimen de Transparencia Fiscal al Consumidor Ley 27.743\u201d. Los consumidores deber\u00e1n encontrar en sus facturas <strong>un apartado espec\u00edfico con el detalle del monto del IVA<\/strong> incluido en el precio final y, de corresponder, los impuestos nacionales indirectos internos. <\/p>\n<\/div>\n<div id=\"element-body-7\">\n<p><strong>2. El impacto m\u00e1s all\u00e1 del ticket<\/strong>: adem\u00e1s, se suma la obligatoriedad de mostrar <strong>los impuestos en g\u00f3ndolas y etiquetas de precios<\/strong> en locales f\u00edsicos, tiendas digitales, carteles, folletos comerciales y publicidades.<\/p>\n<\/div>\n<div id=\"element-body-8\">\n<p><strong>3. Las provincias, afuera<\/strong>: todav\u00eda <strong>hay nula adhesi\u00f3n<\/strong> por parte de ellas a discriminar impuestos provinciales, como Ingresos Brutos, y municipales, como tasas. Solo cinco gobernadas por mandatarios alineados a<strong> Javier Milei<\/strong> se comprometieron a adherir (la Ciudad de Buenos Aires, Chubut, Entre R\u00edos, Mendoza y Misiones) pero <strong>a\u00fan no enviaron a sus legislaturas los proyectos ni sacaron la iniciativa por decreto<\/strong>. <\/p>\n<\/div>\n<div id=\"element-body-10\">\n<p><strong>4. Las multas<\/strong>: quienes incumplan la normativa vigente, la Resoluci\u00f3n General 5614\/24, podr\u00edan sufrir <strong>clausuras de dos a 10 d\u00edas<\/strong>, acorde a lo dispuesto en la Ley de Procedimientos Fiscales, anticip\u00f3 ARCA.<\/p>\n<\/div>\n<div id=\"element-body-11\">\n<p><strong>5. Los impulsores<\/strong>: la ONG <strong>L\u00f3gica<\/strong> present\u00f3 el proyecto en el Congreso y se sancion\u00f3 como ley a mitad de 2024. Fue respaldado por el presidente <strong>Javier Milei<\/strong> y funcionarios como la ministra de Seguridad, <strong>Patricia Bullrich<\/strong>, con el apoyo de m\u00e1s de <strong>50.000<\/strong> firmas en la plataforma <strong>Change.org<\/strong>. Para el presidente de la entidad, <strong>Mat\u00edas Olivero Vila<\/strong>, \u201ces insostenible que desde hace 50 a\u00f1os tengamos una ley vergonzosa que oculta sistem\u00e1ticamente los impuestos\u201d, en referencia al art\u00edculo 39 de la Ley de IVA, que prohib\u00eda mostrar ese impuesto al consumidor desde 1973.<\/p>\n<\/div>\n<div id=\"element-body-12\">\n<p>Entre los supermercados existen dudas porque el efecto deseado podr\u00eda generar el contrario: una sobreinformaci\u00f3n que confunda al consumidor, ya que se exhibir\u00e1 el precio con impuestos (final\/bruto) y sin ellos (neto). De esa forma, las g\u00f3ndolas mostrar\u00e1n el doble de informaci\u00f3n que la actual, al igual que las etiquetas que se aplican en las balanzas cuando se pesan verduras y frutas.<\/p>\n<\/div>\n<div id=\"element-body-13\">\n<p>Dicen que ser\u00e1 compleja la adaptaci\u00f3n. Con remarcaciones peri\u00f3dicas, las etiquetas se imprimen solo en las sucursales que tienen la infraestructura adecuada o en la casa central. Asimismo, hacen hincapi\u00e9 en que as\u00ed como se busca simplificar la letra chica de las publicidades, la discriminaci\u00f3n de impuestos en piezas promocionales suma un nivel m\u00e1s de informaci\u00f3n que puede confundir.<\/p>\n<\/div>\n<p><br \/>\n<br \/><a href=\"https:\/\/www.clarin.com\/economia\/discriminacion-impuestos-5-claves-cambios-veran-facturas-gondolas-comercios_0_U1ktNKTW5S.html\">Fuente Clarin.com <\/a><\/p>\n","protected":false},"excerpt":{"rendered":"<p>Entr\u00f3 en vigencia este martes 1\u00b0 de abril la segunda etapa del R\u00e9gimen de Transparencia Fiscal para todos los comercios, luego de que la primera fase, desde el 1\u00b0 de enero, se implement\u00f3 solo para grandes cadenas de supermercados, electro y estaciones de servicio, entre otras. Todos los establecimientos deber\u00e1n discriminar en sus tickets y [&hellip;]<\/p>\n","protected":false},"author":1,"featured_media":17121,"comment_status":"open","ping_status":"open","sticky":false,"template":"","format":"standard","meta":{"footnotes":""},"categories":[2],"tags":[1050,975,5392,13985,14713,48,28,12251],"class_list":["post-17120","post","type-post","status-publish","format-standard","has-post-thumbnail","hentry","category-ultimas-noticias","tag-cambios","tag-claves","tag-comercios","tag-facturas","tag-gondolas","tag-las","tag-los","tag-veran"],"_links":{"self":[{"href":"https:\/\/13.com.ar\/index.php\/wp-json\/wp\/v2\/posts\/17120","targetHints":{"allow":["GET"]}}],"collection":[{"href":"https:\/\/13.com.ar\/index.php\/wp-json\/wp\/v2\/posts"}],"about":[{"href":"https:\/\/13.com.ar\/index.php\/wp-json\/wp\/v2\/types\/post"}],"author":[{"embeddable":true,"href":"https:\/\/13.com.ar\/index.php\/wp-json\/wp\/v2\/users\/1"}],"replies":[{"embeddable":true,"href":"https:\/\/13.com.ar\/index.php\/wp-json\/wp\/v2\/comments?post=17120"}],"version-history":[{"count":0,"href":"https:\/\/13.com.ar\/index.php\/wp-json\/wp\/v2\/posts\/17120\/revisions"}],"wp:featuredmedia":[{"embeddable":true,"href":"https:\/\/13.com.ar\/index.php\/wp-json\/wp\/v2\/media\/17121"}],"wp:attachment":[{"href":"https:\/\/13.com.ar\/index.php\/wp-json\/wp\/v2\/media?parent=17120"}],"wp:term":[{"taxonomy":"category","embeddable":true,"href":"https:\/\/13.com.ar\/index.php\/wp-json\/wp\/v2\/categories?post=17120"},{"taxonomy":"post_tag","embeddable":true,"href":"https:\/\/13.com.ar\/index.php\/wp-json\/wp\/v2\/tags?post=17120"}],"curies":[{"name":"wp","href":"https:\/\/api.w.org\/{rel}","templated":true}]}}