{"id":17114,"date":"2025-04-01T18:44:29","date_gmt":"2025-04-01T21:44:29","guid":{"rendered":"https:\/\/13.com.ar\/index.php\/el-reencuentro-de-del-potro-y-gabriela-sabatini-los-maestros-de-los-chicos-que-suenan-con-estar-en-roland-garros-junior\/"},"modified":"2025-04-01T18:44:29","modified_gmt":"2025-04-01T21:44:29","slug":"el-reencuentro-de-del-potro-y-gabriela-sabatini-los-maestros-de-los-chicos-que-suenan-con-estar-en-roland-garros-junior","status":"publish","type":"post","link":"https:\/\/13.com.ar\/index.php\/el-reencuentro-de-del-potro-y-gabriela-sabatini-los-maestros-de-los-chicos-que-suenan-con-estar-en-roland-garros-junior\/","title":{"rendered":"El reencuentro de Del Potro y Gabriela Sabatini, los maestros de los chicos que sue\u00f1an con estar en Roland Garros Junior"},"content":{"rendered":"<p> <br \/>\n<br \/><img decoding=\"async\" src=\"https:\/\/13.com.ar\/wp-content\/uploads\/2025\/04\/El-reencuentro-de-Del-Potro-y-Gabriela-Sabatini-los-maestros.jpg\" \/><\/p>\n<div id=\"element-body-0\">\n<p>Jugar en el polvo de ladrillo parisino de <strong>Roland Garros<\/strong> es el sue\u00f1o de las y los j\u00f3venes tenistas que desde este mi\u00e9rcoles disputar\u00e1n el <strong>Roland Garros Juniors Series<\/strong> en San Pablo y antes de desandar ese camino recibieron la experiencia de <strong>Juan Mart\u00edn Del Potro<\/strong> y <strong>Gabriela Sabatini<\/strong>, embajadores del torneo que entrega dos invitaciones al Grand Slam de Francia.<\/p>\n<\/div>\n<div id=\"element-body-1\">\n<p>Con el compromiso de apoyar el talento en Latinoam\u00e9rica, <em>Delpo <\/em>ocupa ese rol por tercer a\u00f1o consecutivo, ahora acompa\u00f1ado por Sabatini, quien recorri\u00f3 momentos clave de su carrera a trav\u00e9s de la campa\u00f1a \u201cMi Primer Circuito\u201d y \u201cMi primer Circuito profesional\u201d, que busc\u00f3 resaltar lugares emblem\u00e1ticos en los inicios como tenista profesional, incluyendo sus actuaciones consagratorias en el prestigioso torneo Roland Garros.<\/p>\n<\/div>\n<div id=\"element-body-2\">\n<p>El encuentro con dos de los mejores tenistas de la historia argentina se dio despu\u00e9s del sorteo que determin\u00f3 los cuatro grupos de cuatro jugadores cada uno, tanto en hombres como en mujeres, que se jugar\u00e1 hasta el 5 de abril en la Sociedade Harmonia do T\u00eanis y que <strong>reunir\u00e1 a 32 de los mejores jugadores menores de 17 a\u00f1os de Am\u00e9rica Latina<\/strong>.<\/p>\n<\/div>\n<div id=\"element-body-4\">\n<p>La primera fase se disputar\u00e1 entre el 2 y el 4 de abril, cuando los integrantes de cada grupo se enfrentar\u00e1n y los mejores clasificados avanzar\u00e1n a la semifinal del s\u00e1bado. Los ganadores del domingo, en tanto, acceder\u00e1n a los pasaje a Par\u00eds para disputar el gran slam junior parisino.<\/p>\n<\/div>\n<div id=\"element-body-5\">\n<p>Lo que es seguro es que <strong>habr\u00e1 nuevos campeones en la cuarta edici\u00f3n del torneo<\/strong> que promueve el desarrollo de figuras emergentes.<\/p>\n<\/div>\n<div id=\"element-body-6\">\n<p>Entre los hombres, <strong>Pedro Chabalgoity<\/strong>, ya Top 100 del Ranking Mundial ITF Junior, buscar\u00e1 mantener la gloria en tierra local, tras el triunfo de Luiz Miguel en 2024, y comparte un disputado Grupo A con el argentino Benjam\u00edn Chelia, Alejandro Castellanos y Thomas Miranda. \u201cEs un grupo muy dif\u00edcil, con jugadores muy duros, pero estoy con mucha confianza y espero poder llegar a las semifinales\u201d, dijo el brasile\u00f1o.<\/p>\n<\/div>\n<div id=\"element-body-8\">\n<p>El ecuatoriano <strong>Emilio Camacho<\/strong>, otro de los favoritos, lidera el Grupo B, mientras que el colombiano Juan Miguel Bol\u00edvar buscar\u00e1 avanzar en el Grupo C. En tanto, el grupo D tendr\u00e1 al peruano Nicol\u00e1s Baen y a los j\u00f3venes Agust\u00edn Luna y Livas Damazio, ambos invitados y nacidos en 2010.<\/p>\n<\/div>\n<div id=\"element-body-9\">\n<p><strong>Entre las chicas, la m\u00e1xima favorita es la argentina Candela V\u00e1zques<\/strong>, \u00fanica Top100 juvenil entre las participantes y ya con rodaje en el circuito profesional como No. 710 del ranking WTA. La argentina est\u00e1 en el Grupo A junto a la m\u00e9xicana Hanna Estrada, finalista en 2024 y que ir\u00e1 por m\u00e1s en 2025. \u201cTodas las chicas juegan muy bien, espero competir y buscar buen nivel y disfrutar de este gran torneo\u201d, dijo la argentina. \u201cMe tengo mucha confianza\u201d, cerr\u00f3.<\/p>\n<\/div>\n<div id=\"element-body-10\">\n<p>En tanto, la brasile\u00f1a Pietra Rivoli, otra de las candidatas, lidera el Grupo B, mientras que las peruanas Leticia Baz\u00e1n y Yleymi Muelle comparten el Grupo C. Toda la actividad de Roland Garros Junior Series puede seguirse en VIVO por Disney+.<\/p>\n<\/div>\n<div id=\"element-body-11\">\n<p><strong>El nombre m\u00e1s destacado que ha surgido del torneo hasta el momento es Jo\u00e3o Fonseca<\/strong>. Este talentoso brasile\u00f1o gan\u00f3 la primera edici\u00f3n en 2022, lo que supuso un punto de inflexi\u00f3n en su carrera, permiti\u00e9ndole llegar a lo m\u00e1s alto de la categor\u00eda junior del tenis. En 2023, se convirti\u00f3 en el n\u00famero 1 del mundo en el ranking juvenil de la Federaci\u00f3n Internacional de Tenis (ITF), lo que demuestra el papel del torneo en la formaci\u00f3n de futuros campeones.<\/p>\n<\/div>\n<div id=\"element-body-12\">\n<p>Desde entonces, el \u00e9xito de Fonseca no ha hecho m\u00e1s que aumentar: dos a\u00f1os m\u00e1s tarde, gan\u00f3 las Next Gen ATP Finals y consigui\u00f3 su primera victoria de Grand Slam contra un jugador del Top 10, en la edici\u00f3n de 2025 del Abierto de Australia de Tenis. Su primer t\u00edtulo ATP lo obtuvo en febrero en el Argentina Open de Tenis.<\/p>\n<\/div>\n<div id=\"element-body-14\">\n<p>Gracias a estos logros, el brasile\u00f1o se convirti\u00f3 en el tenista sudamericano m\u00e1s joven en ganar un torneo de la Asociaci\u00f3n de Tenistas Profesionales (ATP), lo que provoc\u00f3 que su ranking ascendiera al puesto 78. Este ascenso mete\u00f3rico refuerza el papel del torneo Roland-Garros Junior Series by Renault como trampol\u00edn para la pr\u00f3xima generaci\u00f3n de estrellas del tenis.<\/p>\n<\/div>\n<p><br \/>\n<br \/><a href=\"https:\/\/www.clarin.com\/deportes\/reencuentro-potro-gabriela-sabatini-maestros-chicos-suenan-roland-garros-junior_0_hlcnjVLSXq.html\">Fuente Clarin.com <\/a><\/p>\n","protected":false},"excerpt":{"rendered":"<p>Jugar en el polvo de ladrillo parisino de Roland Garros es el sue\u00f1o de las y los j\u00f3venes tenistas que desde este mi\u00e9rcoles disputar\u00e1n el Roland Garros Juniors Series en San Pablo y antes de desandar ese camino recibieron la experiencia de Juan Mart\u00edn Del Potro y Gabriela Sabatini, embajadores del torneo que entrega dos [&hellip;]<\/p>\n","protected":false},"author":1,"featured_media":17115,"comment_status":"open","ping_status":"open","sticky":false,"template":"","format":"standard","meta":{"footnotes":""},"categories":[2],"tags":[2213,18,100,1022,13882,14710,3564,28,10718,8510,7504,14709,11038,9736],"class_list":["post-17114","post","type-post","status-publish","format-standard","has-post-thumbnail","hentry","category-ultimas-noticias","tag-chicos","tag-con","tag-del","tag-estar","tag-gabriela","tag-garros","tag-junior","tag-los","tag-maestros","tag-potro","tag-reencuentro","tag-roland","tag-sabatini","tag-suenan"],"_links":{"self":[{"href":"https:\/\/13.com.ar\/index.php\/wp-json\/wp\/v2\/posts\/17114","targetHints":{"allow":["GET"]}}],"collection":[{"href":"https:\/\/13.com.ar\/index.php\/wp-json\/wp\/v2\/posts"}],"about":[{"href":"https:\/\/13.com.ar\/index.php\/wp-json\/wp\/v2\/types\/post"}],"author":[{"embeddable":true,"href":"https:\/\/13.com.ar\/index.php\/wp-json\/wp\/v2\/users\/1"}],"replies":[{"embeddable":true,"href":"https:\/\/13.com.ar\/index.php\/wp-json\/wp\/v2\/comments?post=17114"}],"version-history":[{"count":0,"href":"https:\/\/13.com.ar\/index.php\/wp-json\/wp\/v2\/posts\/17114\/revisions"}],"wp:featuredmedia":[{"embeddable":true,"href":"https:\/\/13.com.ar\/index.php\/wp-json\/wp\/v2\/media\/17115"}],"wp:attachment":[{"href":"https:\/\/13.com.ar\/index.php\/wp-json\/wp\/v2\/media?parent=17114"}],"wp:term":[{"taxonomy":"category","embeddable":true,"href":"https:\/\/13.com.ar\/index.php\/wp-json\/wp\/v2\/categories?post=17114"},{"taxonomy":"post_tag","embeddable":true,"href":"https:\/\/13.com.ar\/index.php\/wp-json\/wp\/v2\/tags?post=17114"}],"curies":[{"name":"wp","href":"https:\/\/api.w.org\/{rel}","templated":true}]}}