{"id":1711,"date":"2025-02-04T06:29:17","date_gmt":"2025-02-04T09:29:17","guid":{"rendered":"https:\/\/13.com.ar\/index.php\/mis-papas-estan-muertos-en-vida\/"},"modified":"2025-02-04T06:29:17","modified_gmt":"2025-02-04T09:29:17","slug":"mis-papas-estan-muertos-en-vida","status":"publish","type":"post","link":"https:\/\/13.com.ar\/index.php\/mis-papas-estan-muertos-en-vida\/","title":{"rendered":"Mis pap\u00e1s est\u00e1n muertos en vida"},"content":{"rendered":"<p> <br \/>\n<\/p>\n<div id=\"cuerpo\">\n<div class=\"sc-80531b6b-0 chRIGJ container-text text-embed\">\n<p>A.E.R. teme dar a conocer su identidad por las posibles represalias. Las redes sociales no perdonan. Es la hija de <strong>Francisco Rold\u00e1n (61)<\/strong>, el herrero que est\u00e1 con arresto domiciliario en <strong>Santa Rosa, La Pampa<\/strong>, tras cruzar un sem\u00e1foro en rojo con un <strong>Ford Falcon<\/strong> modelo 1980 y matar a <strong>L\u00eda Falc\u00f3n (22)<\/strong>, una estudiante de psicopedagog\u00eda que iba a lo de una amiga.<\/p>\n<\/div>\n<div class=\"sc-80531b6b-0 chRIGJ container-text text-embed\">\n<p>El lunes pasado hubo una marcha donde la familia de la v\u00edctima reclam\u00f3 justicia y prisi\u00f3n efectiva para el imputado de &#8220;<em>homicidio culposo<\/em>&#8220;, algo que solicit\u00f3 el fiscal Marcos Sacco pero no convalid\u00f3 la jueza Florencia Maza.<\/p>\n<\/div>\n<div class=\"sc-80531b6b-0 chRIGJ container-text text-embed\">\n<p>La mujer pidi\u00f3 aclarar que su mam\u00e1 no iba de acompa\u00f1ante en el veh\u00edculo como asegur\u00f3 <strong>Alejandra Falc\u00f3n (45)<\/strong>, la madre de la joven fallecida. En los mensajes que envi\u00f3 a<strong> Clar\u00edn<\/strong>, remarc\u00f3 antes que nada su <strong>respeto &#8220;por el dolor de la mam\u00e1 de L\u00eda y el resto de su familia&#8221;.<\/strong><\/p>\n<\/div>\n<div class=\"sc-80531b6b-0 chRIGJ container-text text-embed\">\n<p>&#8220;Tengo dos hijas y no hago m\u00e1s que intentar ponerme en el lugar de esa madre&#8221;, sostuvo la mujer. Y a\u00f1adi\u00f3 que sus padres &#8220;est\u00e1n muertos en vida&#8221;.<\/p>\n<\/div>\n<div class=\"sc-80531b6b-0 chRIGJ container-text text-embed\">\n<p>El Falcon atropell\u00f3 a la joven alrededor de las 17 del jueves 16 de enero en la avenida circunvalaci\u00f3n Santiago Marzo -esquina con la calle Cavero-.<\/p>\n<\/div>\n<div class=\"sc-80531b6b-0 chRIGJ container-text text-embed\">\n<p>Seg\u00fan fuentes judiciales, <strong>dos testigos confirmaron que el auto cruz\u00f3 el sem\u00e1foro en rojo<\/strong>. Las pericias preliminares indican que pas\u00f3 por la esquina a una velocidad estimada <strong>entre 90 y 103 kil\u00f3metros por hora,<\/strong> cuando la m\u00e1xima es de 60.<\/p>\n<\/div>\n<div class=\"sc-198be8ec-0 cynXbu image-embed  image-embed \"><picture class=\"sc-198be8ec-1 kOjRiQ\"><source media=\"(min-width: 975px)\" width=\"720\" height=\"480\" \/><img alt=\"El Ford Falcon que atropell\u00f3 a L\u00eda Falc\u00f3n (22) en Santa Rosa, La Pampa, meses antes de la tragedia.\" loading=\"lazy\" width=\"720\" height=\"480\" decoding=\"async\" data-nimg=\"1\" style=\"color:transparent\" src=\"https:\/\/13.com.ar\/wp-content\/uploads\/2025\/02\/Mis-papas-estan-muertos-en-vida.jpg\"\/><span class=\"epigraphe\">El Ford Falcon que atropell\u00f3 a L\u00eda Falc\u00f3n (22) en Santa Rosa, La Pampa, meses antes de la tragedia.<\/span><span class=\"bkg\"\/><span class=\"picture-open\"><button class=\"open-image\" aria-label=\"Open Image\"\/><\/span><\/picture><\/div>\n<div class=\"sc-80531b6b-0 chRIGJ container-text text-embed\">\n<p>&#8220;Mis pap\u00e1s son dos personas que trabajan de toda la vida. Mi pap\u00e1 tiene su herrer\u00eda desde hace 20 a\u00f1os. Mi mam\u00e1 es administradora de consorcios, tambi\u00e9n laburante desde los 17 a\u00f1os. \u00c9l tiene cuatro hijos&#8221;, cont\u00f3 A.E.R.<\/p>\n<\/div>\n<div class=\"sc-80531b6b-0 chRIGJ container-text text-embed\">\n<p>Adem\u00e1s, afirm\u00f3 que \u00e9l &#8220;nunca&#8221; fue a las picadas en Santa Rosa, como se difundi\u00f3, y que &#8220;si le gusta el TC o no le gusta es un detalle totalmente insignificante a la hora de analizar un accidente tan tr\u00e1gico&#8221;.<\/p>\n<\/div>\n<div class=\"sc-80531b6b-0 chRIGJ container-text text-embed\">\n<p>&#8220;Un hombre de 61 a\u00f1os <strong>no va a andar &#8216;haci\u00e9ndose el pistero&#8217; <\/strong>porque sea fan\u00e1tico de Ford. De hecho, el Ford Falcon que conduc\u00eda ese d\u00eda era m\u00edo&#8221;, manifest\u00f3.<\/p>\n<\/div>\n<div class=\"sc-198be8ec-0 cynXbu image-embed  image-embed \"><picture class=\"sc-198be8ec-1 kOjRiQ\"><source media=\"(min-width: 975px)\" width=\"720\" height=\"480\" \/><img alt=\"Los posteos contra el hombre acusado de atropellar y matar a L\u00eda Falc\u00f3n (22) en Santa Rosa, La Pampa.\" loading=\"lazy\" width=\"720\" height=\"480\" decoding=\"async\" data-nimg=\"1\" style=\"color:transparent\" src=\"https:\/\/13.com.ar\/wp-content\/uploads\/2025\/02\/1738661357_490_Mis-papas-estan-muertos-en-vida.jpg\"\/><span class=\"epigraphe\">Los posteos contra el hombre acusado de atropellar y matar a L\u00eda Falc\u00f3n (22) en Santa Rosa, La Pampa.<\/span><span class=\"bkg\"\/><span class=\"picture-open\"><button class=\"open-image\" aria-label=\"Open Image\"\/><\/span><\/picture><\/div>\n<div class=\"sc-80531b6b-0 chRIGJ container-text text-embed\">\n<p>El 24 de mayo pasado, la mujer protagoniz\u00f3 un choque en cadena con el Falcon en la misma avenida, en el barrio Matadero. Se da\u00f1\u00f3 el radiador, el cap\u00f3 y otros elementos. Con mucho esfuerzo pudieron ponerlo nuevamente en la calle dos meses m\u00e1s tarde.<\/p>\n<\/div>\n<div class=\"sc-80531b6b-0 chRIGJ container-text text-embed\">\n<p>&#8220;Mi pap\u00e1 me ayud\u00f3 meses a volver a armarlo para poder tener en qu\u00e9 manejarme. Cuando terminaron las clases, como \u00e9l no ten\u00eda un veh\u00edculo en condiciones para trabajar, <strong>le prest\u00e9 mi Falcon para que pudiera hacerlo junto con mi pareja<\/strong>&#8220;, expres\u00f3.<\/p>\n<\/div>\n<div class=\"sc-80531b6b-0 chRIGJ container-text text-embed\">\n<p>&#8220;Cualquiera que haya visto ese Falcon en la ciudad, sabe lo que significaba para nosotros, porque lo arm\u00f3 con mucho cari\u00f1o para dejarlo como yo quer\u00eda y deseaba, ya que era un regalo de \u00e9l para m\u00ed, mi pareja y mis hijas, que no ten\u00edamos en qu\u00e9 manejarnos. Estuve pagando transporte escolar todo el 2023 y \u00e9l sab\u00eda el sacrificio que eso implicaba para nosotros&#8221;, ampli\u00f3.<\/p>\n<\/div>\n<div class=\"sc-80531b6b-0 chRIGJ container-text text-embed\">\n<p>&#8220;El Falcon estaba orginal de f\u00e1brica. <strong>No estaba preparado tampoco, era de uso familiar, no para correr carreras<\/strong>. De hecho, mi pap\u00e1 maneja desde muy jovencito. Fue camionero, transportaba gas a los pueblos, tiene incontables kil\u00f3metros y kil\u00f3metros de ruta y de viajes familiares. Jam\u00e1s tuvo un accidente de esta magnitud y de esta gravedad que lamentablemente se cobr\u00f3 la vida de una chica de apenas 22 a\u00f1os&#8221;, detall\u00f3.<\/p>\n<\/div>\n<div class=\"sc-198be8ec-0 cynXbu image-embed  image-embed \"><picture class=\"sc-198be8ec-1 kOjRiQ\"><source media=\"(min-width: 975px)\" width=\"720\" height=\"480\" \/><img alt=\"La mam\u00e1 de L\u00eda Falc\u00f3n recibi\u00f3 sus pertenencias tras su tr\u00e1gica muerte en Santa Rosa, La Pampa.\" loading=\"lazy\" width=\"720\" height=\"480\" decoding=\"async\" data-nimg=\"1\" style=\"color:transparent\" src=\"https:\/\/13.com.ar\/wp-content\/uploads\/2025\/02\/1738661357_415_Mis-papas-estan-muertos-en-vida.jpg\"\/><span class=\"epigraphe\">La mam\u00e1 de L\u00eda Falc\u00f3n recibi\u00f3 sus pertenencias tras su tr\u00e1gica muerte en Santa Rosa, La Pampa.<\/span><span class=\"bkg\"\/><span class=\"picture-open\"><button class=\"open-image\" aria-label=\"Open Image\"\/><\/span><\/picture><\/div>\n<div class=\"sc-80531b6b-0 chRIGJ container-text text-embed\">\n<p>Tambi\u00e9n habl\u00f3 sobre c\u00f3mo est\u00e1n Rold\u00e1n y su esposa actualmente: &#8220;Hoy por hoy, <strong>mis pap\u00e1s est\u00e1n muertos en vida, no pueden ni respirar del dolor por todo lo sucedido<\/strong>, pero sobre todo porque se ponen en el lugar de esa familia y respetan y sienten su dolor, porque ellos son padres y abuelos tambi\u00e9n&#8221;.<\/p>\n<\/div>\n<p><h2>La condena social <\/h2>\n<\/p>\n<div class=\"sc-80531b6b-0 chRIGJ container-text text-embed\">\n<p>&#8220;La gente es muy cruel a la hora de juzgar. Todos son polic\u00edas, jueces, abogados, fiscales y agentes de tr\u00e1nsito. Todos respetan los l\u00edmites de velocidad y ninguno cruz\u00f3 un sem\u00e1foro en rojo o viol\u00f3 una norma de tr\u00e1nsito. Pero no tienen en cuenta que<strong> el d\u00eda de ma\u00f1ana les puede tocar a ellos <\/strong>tambi\u00e9n y que un acto imprudente como exceder un l\u00edmite de velocidad o llegar justo a un sem\u00e1foro se puede cobrar una vida&#8221;, advirti\u00f3.<\/p>\n<\/div>\n<div class=\"sc-80531b6b-0 chRIGJ container-text text-embed\">\n<p>A.E.R. pidi\u00f3 concientizar a la gente sobre este tipo de hechos, &#8220;en lugar de sembrar odio y m\u00e1s dolor&#8221;.<\/p>\n<\/div>\n<div class=\"sc-80531b6b-0 chRIGJ container-text text-embed\">\n<p>&#8220;<strong>Mi pap\u00e1 no se levant\u00f3 y dijo &#8216;<em>hoy tengo ganas de quitarle la vida a una chica de 22 a\u00f1os<\/em>&#8216;. Fue un accidente, una desgracia <\/strong>y solo Dios sabe la culpa que \u00e9l carga hoy y la situaci\u00f3n que estamos enfrentando todos lo que estamos detr\u00e1s de \u00e9l, que <strong>somos gente de bien, no una familia problem\u00e1tica ni sinverg\u00fcenzas ni chorros ni delincuentes<\/strong>&#8220;, enfatiz\u00f3.<\/p>\n<\/div>\n<div class=\"sc-80531b6b-0 chRIGJ container-text text-embed\">\n<p>Tambi\u00e9n pidi\u00f3 a los medios de prensa responsabilidad a la hora de informar sobre estos casos y &#8220;no publicar cosas que no son ciertas&#8221;.<\/p>\n<\/div>\n<p><h2>Qu\u00e9 arrojaron las pericias<\/h2>\n<\/p>\n<div class=\"sc-80531b6b-0 chRIGJ container-text text-embed\">\n<p>Las fuentes consultadas por <strong>Clar\u00edn <\/strong>ratificaron que est\u00e1 acreditado que el Falcon cruz\u00f3 en rojo. &#8220;En la c\u00e1mara de seguridad se ve que L\u00eda se detiene porque est\u00e1n cruzando autos, espera y en un momento ella comienza a cruzar porque la habilita el sem\u00e1foro, momento en el que es atropellada&#8221;, dijeron.<\/p>\n<\/div>\n<div class=\"sc-80531b6b-0 chRIGJ container-text text-embed\">\n<p>Una testigo se\u00f1al\u00f3 que la joven hizo dos o tres pasos sobre la avenida, intent\u00f3 retroceder y el auto la impact\u00f3.<\/p>\n<\/div>\n<div class=\"sc-80531b6b-0 chRIGJ container-text text-embed\">\n<p>&#8220;Iba a entre 90 y 103 kil\u00f3metros por hora. <strong>Si la vio que iba distra\u00edda como dice, \u00bfpor qu\u00e9 no le toc\u00f3 bocina?<\/strong>&#8220;, plante\u00f3 la mam\u00e1 de L\u00eda, quien cont\u00f3 que el tel\u00e9fono de su hija, un TCL negro que le hab\u00edan regalado para su cumplea\u00f1os, qued\u00f3 adentro del auto.<\/p>\n<\/div>\n<div class=\"sc-198be8ec-0 cynXbu image-embed  image-embed \"><picture class=\"sc-198be8ec-1 kOjRiQ\"><source media=\"(min-width: 975px)\" width=\"720\" height=\"480\" \/><img alt=\"L\u00eda Sequeira Falc\u00f3n (22) muri\u00f3 atropellada en Santa Rosa, La Pampa.\" loading=\"lazy\" width=\"720\" height=\"480\" decoding=\"async\" data-nimg=\"1\" style=\"color:transparent\" src=\"https:\/\/13.com.ar\/wp-content\/uploads\/2025\/02\/1738661357_99_Mis-papas-estan-muertos-en-vida.jpg\"\/><span class=\"epigraphe\">L\u00eda Sequeira Falc\u00f3n (22) muri\u00f3 atropellada en Santa Rosa, La Pampa.<\/span><span class=\"bkg\"\/><span class=\"picture-open\"><button class=\"open-image\" aria-label=\"Open Image\"\/><\/span><\/picture><\/div>\n<div class=\"sc-80531b6b-0 chRIGJ container-text text-embed\">\n<p>La v\u00edctima estaba en segundo a\u00f1o de la carrera de psicopedagog\u00eda, que hab\u00eda elegido porque su hermano de 8 a\u00f1os padece autismo. Su otra hermana tiene 15 a\u00f1os.<\/p>\n<\/div>\n<div class=\"sc-80531b6b-0 chRIGJ container-text text-embed\">\n<p>&#8220;La arrastr\u00f3 30 metros y reci\u00e9n par\u00f3 a los 150 metros&#8221;, agreg\u00f3 Falc\u00f3n sobre el conductor, que no tiene antecedentes,<strong> le dio negativo el test de alcoholemia <\/strong>y recibi\u00f3 el beneficio del arresto domiciliario en la casa de un familiar.<\/p>\n<\/div>\n<div class=\"sc-80531b6b-0 chRIGJ container-text text-embed\">\n<p>Lo imputaron por &#8220;<em>homicidio culposo<\/em>&#8220;, que tiene una pena prevista de <strong>6 meses a 5 a\u00f1os<\/strong>. Por su edad, en caso de ser condenado, puede acceder al beneficio de la prisi\u00f3n domiciliaria. <\/p>\n<\/div>\n<div class=\"sc-198be8ec-0 cynXbu image-embed  image-embed \"><picture class=\"sc-198be8ec-1 kOjRiQ\"><source media=\"(min-width: 975px)\" width=\"720\" height=\"480\" \/><img alt=\"El Ford Falcon que atropell\u00f3 y mat\u00f3 a L\u00eda Falc\u00f3n (22) en Santa Rosa, La Pampa.\" loading=\"lazy\" width=\"720\" height=\"480\" decoding=\"async\" data-nimg=\"1\" style=\"color:transparent\" src=\"https:\/\/13.com.ar\/wp-content\/uploads\/2025\/02\/1738661357_613_Mis-papas-estan-muertos-en-vida.jpg\"\/><span class=\"epigraphe\">El Ford Falcon que atropell\u00f3 y mat\u00f3 a L\u00eda Falc\u00f3n (22) en Santa Rosa, La Pampa.<\/span><span class=\"bkg\"\/><span class=\"picture-open\"><button class=\"open-image\" aria-label=\"Open Image\"\/><\/span><\/picture><\/div>\n<div class=\"sc-80531b6b-0 chRIGJ container-text text-embed\">\n<p>L\u00eda no quer\u00eda usar el apellido de su pap\u00e1 biol\u00f3gico (Sequeira), con quien no ten\u00eda relaci\u00f3n, por eso usaba el de su mam\u00e1 (Falc\u00f3n).<\/p>\n<\/div>\n<div class=\"sc-80531b6b-0 chRIGJ container-text text-embed\">\n<p>Como una iron\u00eda del destino, su apellido coincide -aunque sin el tilde en la letra o- con la marca del auto que la termin\u00f3 matando.<\/p>\n<\/div>\n<\/div>\n<p><br \/>\n<br \/><a href=\"https:\/\/www.clarin.com\/sociedad\/descargo-hija-hombre-cruzo-rojo-mato-falcon-papas-muertos-vida_0_HsNEBk10y4.html\">Fuente Clarin.com <\/a><\/p>\n","protected":false},"excerpt":{"rendered":"<p>A.E.R. teme dar a conocer su identidad por las posibles represalias. Las redes sociales no perdonan. Es la hija de Francisco Rold\u00e1n (61), el herrero que est\u00e1 con arresto domiciliario en Santa Rosa, La Pampa, tras cruzar un sem\u00e1foro en rojo con un Ford Falcon modelo 1980 y matar a L\u00eda Falc\u00f3n (22), una estudiante [&hellip;]<\/p>\n","protected":false},"author":1,"featured_media":1712,"comment_status":"open","ping_status":"open","sticky":false,"template":"","format":"standard","meta":{"footnotes":""},"categories":[2],"tags":[2376,1133,435,3426,113],"class_list":["post-1711","post","type-post","status-publish","format-standard","has-post-thumbnail","hentry","category-ultimas-noticias","tag-estan","tag-mis","tag-muertos","tag-papas","tag-vida"],"_links":{"self":[{"href":"https:\/\/13.com.ar\/index.php\/wp-json\/wp\/v2\/posts\/1711","targetHints":{"allow":["GET"]}}],"collection":[{"href":"https:\/\/13.com.ar\/index.php\/wp-json\/wp\/v2\/posts"}],"about":[{"href":"https:\/\/13.com.ar\/index.php\/wp-json\/wp\/v2\/types\/post"}],"author":[{"embeddable":true,"href":"https:\/\/13.com.ar\/index.php\/wp-json\/wp\/v2\/users\/1"}],"replies":[{"embeddable":true,"href":"https:\/\/13.com.ar\/index.php\/wp-json\/wp\/v2\/comments?post=1711"}],"version-history":[{"count":0,"href":"https:\/\/13.com.ar\/index.php\/wp-json\/wp\/v2\/posts\/1711\/revisions"}],"wp:featuredmedia":[{"embeddable":true,"href":"https:\/\/13.com.ar\/index.php\/wp-json\/wp\/v2\/media\/1712"}],"wp:attachment":[{"href":"https:\/\/13.com.ar\/index.php\/wp-json\/wp\/v2\/media?parent=1711"}],"wp:term":[{"taxonomy":"category","embeddable":true,"href":"https:\/\/13.com.ar\/index.php\/wp-json\/wp\/v2\/categories?post=1711"},{"taxonomy":"post_tag","embeddable":true,"href":"https:\/\/13.com.ar\/index.php\/wp-json\/wp\/v2\/tags?post=1711"}],"curies":[{"name":"wp","href":"https:\/\/api.w.org\/{rel}","templated":true}]}}