{"id":1705,"date":"2025-02-04T06:20:37","date_gmt":"2025-02-04T09:20:37","guid":{"rendered":"https:\/\/13.com.ar\/index.php\/el-gobierno-acelera-el-debate-mientras-el-peronismo-busca-resolver-su-interna\/"},"modified":"2025-02-04T06:20:37","modified_gmt":"2025-02-04T09:20:37","slug":"el-gobierno-acelera-el-debate-mientras-el-peronismo-busca-resolver-su-interna","status":"publish","type":"post","link":"https:\/\/13.com.ar\/index.php\/el-gobierno-acelera-el-debate-mientras-el-peronismo-busca-resolver-su-interna\/","title":{"rendered":"el Gobierno acelera el debate, mientras el peronismo busca resolver su interna"},"content":{"rendered":"<p> <br \/>\n<br \/><img decoding=\"async\" src=\"https:\/\/13.com.ar\/wp-content\/uploads\/2025\/02\/el-Gobierno-acelera-el-debate-mientras-el-peronismo-busca-resolver.jpg\" \/><\/p>\n<div>\n<p>Un rato antes de que arrancara la reuni\u00f3n de bloque de Uni\u00f3n por la Patria, en la que los diputados de ese espacio discutir\u00edan la posici\u00f3n sobre la suspensi\u00f3n de las PASO, el oficialismo confirm\u00f3 la convocatoria a la sesi\u00f3n para reformar el sistema electoral -ser\u00e1 el pr\u00f3ximo jueves al mediod\u00eda-, una<strong> muestra de confianza<\/strong> en su prop\u00f3sito de reunir las firmas para el dictamen y los votos en el recinto m\u00e1s all\u00e1 del eventual aval de un sector del peronismo.<\/p>\n<\/div>\n<div>\n<p>La cumbre en el despacho de Germ\u00e1n Mart\u00ednez, el jefe de bloque, arranc\u00f3 al caer la noche entre <strong>posturas encontradas y el dilema de una parte del peronismo<\/strong>, en especial los gobernadores, con la decisi\u00f3n de apoyar la suspensi\u00f3n de las primarias pero con reparos a ir detr\u00e1s del dise\u00f1o electoral impulsado y a medida de las conveniencias de Javier Milei.<\/p>\n<\/div>\n<div>\n<p><strong>Legisladores cercanos a M\u00e1ximo Kirchner, en cambio, se pronunciaron a favor de mantener las primarias <\/strong>para no darle una victoria parlamentaria al Gobierno y en funci\u00f3n de la disputa por el calendario electoral bonaerense. Entrada la reuni\u00f3n el titular del PJ bonaerense no hab\u00eda hablado.<\/p>\n<\/div>\n<div>\n<p><strong>\u201cNo queremos hacerle el juego a La Libertad Avanza. Si el oficialismo consigue el n\u00famero, bueno&#8230;\u201d<\/strong>, resumi\u00f3 la postura un diputado con terminal en un mandatario del norte al llegar a la reuni\u00f3n en el tercer piso del Palacio. En esa sinton\u00eda se movieron en mayor o menor medida los legisladores que responden a Ricardo Quintela (La Rioja), Ra\u00fal Jalil (Catamarca), Gildo Insfr\u00e1n (Formosa), Sergio Ziliotto (La Pampa) y, aunque no integran formalmente el PJ, Gerardo Zamora (Santiago del Estero) y Gustavo Melella (Tierra del Fuego).<\/p>\n<\/div>\n<div>\n<p>Otros diputados adelantaron que defender\u00e1n la continuidad de las PASO tanto en el plenario de las comisiones de Asuntos Constitucionales, Justicia y Presupuesto de este martes como en la sesi\u00f3n del jueves, en caso de que se cumpla el tr\u00e1mite parlamentario diagramado por el oficialismo.<\/p>\n<\/div>\n<div>\n<p>La discusi\u00f3n en el bloque qued\u00f3 cruzada por la disputa en la provincia de Buenos Aires. De confirmarse la baja de las PASO nacionales, Axel Kicillof tendr\u00eda un <strong>escenario m\u00e1s favorable para concretar el desdoblamiento<\/strong> de la elecci\u00f3n para cargos provinciales y municipales, una variante reclamada por los intendentes que lo respaldan para limitar el peso de Cristina Kirchner en la definici\u00f3n de la estrategia electoral, las listas y la campa\u00f1a.<\/p>\n<\/div>\n<div>\n<p>Del mismo modo que los gobernadores del norte, renuentes a exhibir su coincidencia con Milei en este punto (salvo Jalil, cuyos legisladores ya colaboraron con la Casa Rosada en la ley Bases y otros proyectos), Kicillof no agita la bandera en contra de las PASO nacionales.<strong> \u201cLa idea no es ser el caballito de batalla de la suspensi\u00f3n pero tampoco obstruirla\u201d<\/strong>, matiz\u00f3 un diputado con v\u00ednculo con el mandatario bonaerense.<\/p>\n<\/div>\n<div>\n<p>Con la continuidad de las primarias, el panorama ser\u00eda m\u00e1s adverso al adelantamiento por la dificultad de promover tres (en el caso de PASO unificadas) o cuatro fechas de votaci\u00f3n.<\/p>\n<\/div>\n<div>\n<p><strong>\u201cEste temario del Gobierno para las extraordinarias es un mamarracho. No hay que dar qu\u00f3rum, ni en el plenario ni en el recinto\u201d,<\/strong> plante\u00f3 uno de los referentes con el prop\u00f3sito de explorar una salida unificada ante la dificultad para consensuar. La convocatoria a la sesi\u00f3n abon\u00f3 la hip\u00f3tesis de que el oficialismo tendr\u00eda los votos, con el apoyo del aliados como el PRO y parte de los bloques llamados dialoguistas como la UCR, Encuentro Federal y otros provinciales.<\/p>\n<\/div>\n<p><br \/>\n<br \/><a href=\"https:\/\/www.clarin.com\/politica\/suspension-paso-gobierno-acelera-debate-peronismo-busca-resolver-interna_0_ixqJBidb7u.html\">Fuente Clarin.com <\/a><\/p>\n","protected":false},"excerpt":{"rendered":"<p>Un rato antes de que arrancara la reuni\u00f3n de bloque de Uni\u00f3n por la Patria, en la que los diputados de ese espacio discutir\u00edan la posici\u00f3n sobre la suspensi\u00f3n de las PASO, el oficialismo confirm\u00f3 la convocatoria a la sesi\u00f3n para reformar el sistema electoral -ser\u00e1 el pr\u00f3ximo jueves al mediod\u00eda-, una muestra de confianza [&hellip;]<\/p>\n","protected":false},"author":1,"featured_media":1706,"comment_status":"open","ping_status":"open","sticky":false,"template":"","format":"standard","meta":{"footnotes":""},"categories":[2],"tags":[3422,672,3002,71,3423,57,1455,558],"class_list":["post-1705","post","type-post","status-publish","format-standard","has-post-thumbnail","hentry","category-ultimas-noticias","tag-acelera","tag-busca","tag-debate","tag-gobierno","tag-interna","tag-mientras","tag-peronismo","tag-resolver"],"_links":{"self":[{"href":"https:\/\/13.com.ar\/index.php\/wp-json\/wp\/v2\/posts\/1705","targetHints":{"allow":["GET"]}}],"collection":[{"href":"https:\/\/13.com.ar\/index.php\/wp-json\/wp\/v2\/posts"}],"about":[{"href":"https:\/\/13.com.ar\/index.php\/wp-json\/wp\/v2\/types\/post"}],"author":[{"embeddable":true,"href":"https:\/\/13.com.ar\/index.php\/wp-json\/wp\/v2\/users\/1"}],"replies":[{"embeddable":true,"href":"https:\/\/13.com.ar\/index.php\/wp-json\/wp\/v2\/comments?post=1705"}],"version-history":[{"count":0,"href":"https:\/\/13.com.ar\/index.php\/wp-json\/wp\/v2\/posts\/1705\/revisions"}],"wp:featuredmedia":[{"embeddable":true,"href":"https:\/\/13.com.ar\/index.php\/wp-json\/wp\/v2\/media\/1706"}],"wp:attachment":[{"href":"https:\/\/13.com.ar\/index.php\/wp-json\/wp\/v2\/media?parent=1705"}],"wp:term":[{"taxonomy":"category","embeddable":true,"href":"https:\/\/13.com.ar\/index.php\/wp-json\/wp\/v2\/categories?post=1705"},{"taxonomy":"post_tag","embeddable":true,"href":"https:\/\/13.com.ar\/index.php\/wp-json\/wp\/v2\/tags?post=1705"}],"curies":[{"name":"wp","href":"https:\/\/api.w.org\/{rel}","templated":true}]}}