{"id":1701,"date":"2025-02-04T06:14:31","date_gmt":"2025-02-04T09:14:31","guid":{"rendered":"https:\/\/13.com.ar\/index.php\/fue-desesperante-la-noche-en-vilo-de-290-mochileros-con-las-zapatillas-puestas-para-escapar-del-fuego-y-el-angustioso-descenso-en-medio-del-humo\/"},"modified":"2025-02-04T06:14:31","modified_gmt":"2025-02-04T09:14:31","slug":"fue-desesperante-la-noche-en-vilo-de-290-mochileros-con-las-zapatillas-puestas-para-escapar-del-fuego-y-el-angustioso-descenso-en-medio-del-humo","status":"publish","type":"post","link":"https:\/\/13.com.ar\/index.php\/fue-desesperante-la-noche-en-vilo-de-290-mochileros-con-las-zapatillas-puestas-para-escapar-del-fuego-y-el-angustioso-descenso-en-medio-del-humo\/","title":{"rendered":"&#8220;Fue desesperante&#8221;, la noche en vilo de 290 mochileros con las zapatillas puestas para escapar del fuego y el angustioso descenso en medio del humo"},"content":{"rendered":"<p> <br \/>\n<\/p>\n<div id=\"cuerpo\">\n<div class=\"sc-80531b6b-0 chRIGJ container-text text-embed\">\n<p>El plan de ir a pasar la tarde de verano junto a su novio al <strong>Caj\u00f3n del Azul<\/strong>, cerca de <strong>El Bols\u00f3n<\/strong>, en bikini, una remera y un short se convirti\u00f3 en uno de los momentos m\u00e1s desesperantes. Acorralados por el incendio forestal, se vieron obligados a pasar la noche en el refugio de monta\u00f1a junto a 290 personas y esperar la orden para escapar. <\/p>\n<\/div>\n<div class=\"sc-80531b6b-0 chRIGJ container-text text-embed\">\n<p>Grupos de diez para conteos, la noche en vilo con informaci\u00f3n que lleg\u00f3 a las 3 de la ma\u00f1ana, un baqueano con wifi para avisar a las familias y un franc\u00e9s aturdido es parte de la historia de la dram\u00e1tica evacuaci\u00f3n de 856 mochileros de la red de refugios de monta\u00f1a en Argentina. <strong>Fue un operativo in\u00e9dito<\/strong> con \u00f3rdenes por handies y a la espera de que el viento amaine para huir de la Cordillera.<\/p>\n<\/div>\n<div class=\"sc-80531b6b-0 chRIGJ container-text text-embed\">\n<p>Brisa Castro, de 24 a\u00f1os, viaj\u00f3 con su novio Leonel Garc\u00eda, de 27, a recorrer la Patagonia y en sus \u00faltimos tres d\u00edas pararon en El Bols\u00f3n, <strong>R\u00edo Negro<\/strong>. Decidieron subir a conocer el Caj\u00f3n del Azul, una zona en la que el r\u00edo Azul corre entre piedras y se arman pozones, donde los turistas se tiran a nadar o refrescarse, con la vista a frondosos bosques de lengas, coihues, \u00f1ires y cipreses. Un para\u00edso de la Patagonia argentina y muy concurrido por visitantes en verano.<\/p>\n<\/div>\n<div class=\"sc-80531b6b-0 chRIGJ container-text text-embed\">\n<p>Para llegar se sube por un sendero de monta\u00f1a de unos 8 kil\u00f3metros, rodeado de bosque, que en muchos tramos tiene el ancho para una persona. La caminata generalmente lleva entre tres y cuatro horas. Antes de partir, a la altura de la <strong>Chacra Wharton<\/strong>, los visitantes deben anotarse en el registro ANPRALE (\u00c1rea Natural Protegida R\u00edo Azul Lago Escondido), aunque sea para pasar el d\u00eda.<\/p>\n<\/div>\n<div class=\"sc-198be8ec-0 cynXbu image-embed  image-embed \"><picture class=\"sc-198be8ec-1 kOjRiQ\"><source media=\"(min-width: 975px)\" width=\"720\" height=\"480\" \/><img alt=\"Brisa y su novio Leonel fueron protagonistas de un operativo de rescate in\u00e9dito.\" loading=\"lazy\" width=\"720\" height=\"480\" decoding=\"async\" data-nimg=\"1\" style=\"color:transparent\" src=\"https:\/\/13.com.ar\/wp-content\/uploads\/2025\/02\/Fue-desesperante-la-noche-en-vilo-de-290-mochileros-con.jpg\"\/><span class=\"epigraphe\">Brisa y su novio Leonel fueron protagonistas de un operativo de rescate in\u00e9dito.<\/span><span class=\"bkg\"\/><span class=\"picture-open\"><button class=\"open-image\" aria-label=\"Open Image\"\/><\/span><\/picture><\/div>\n<div class=\"sc-80531b6b-0 chRIGJ container-text text-embed\">\n<p>En ese registro tambi\u00e9n se anotan quienes suben a los 12 refugios de monta\u00f1a, donde se puede acampar por $ 10.000 por persona, o pasar la noche dentro del refugio por $ 20.000. En general, sube gente joven, tambi\u00e9n turistas extranjeros amantes del <em>trekking.<\/em> <strong>El jueves se vieron envueltos en una situaci\u00f3n dram\u00e1tica<\/strong>.<\/p>\n<\/div>\n<div class=\"sc-80531b6b-0 chRIGJ container-text text-embed\">\n<p>&#8220;Pensamos en subir, conocer el Caj\u00f3n, meternos al r\u00edo y volver. Arrancamos a las 12 del mediod\u00eda, no llevamos comida ni abrigo. Hab\u00eda bastante gente en el camino y llegamos como a las 15.30. El lugar es hermoso, vali\u00f3 la pena el trekking, pero despu\u00e9s de una hora lleg\u00f3 un chico desesperado&#8221;, cuenta Brisa, hoy ya en Loma Verde, partido de General Paz, provincia de Buenos Aires.<\/p>\n<\/div>\n<div class=\"sc-80531b6b-0 chRIGJ container-text text-embed\">\n<p>&#8220;Nos dijo que nos ten\u00edamos que ir de ah\u00ed, que <strong>todo el camino por el cual hab\u00edamos subido se estaba prendiendo fuego<\/strong>, que ten\u00edamos el fuego muy cerca y que nos ten\u00edamos que ir a un lugar m\u00e1s seguro. Nos fuimos todos al lugar donde nos indic\u00f3 este chico, que era como un islita. Est\u00e1 a la orilla del r\u00edo Azul. \u00c9ramos much\u00edsimas personas. Todos nos empezamos a preocupar porque eran las 18 y ve\u00edamos el humo&#8221;, comenta a <strong>Clar\u00edn<\/strong>.<\/p>\n<\/div>\n<div class=\"sc-80531b6b-0 chRIGJ container-text text-embed\">\n<p>Cuando se hicieron las 20, todav\u00eda con luz solar en esa zona de la Cordillera en el verano,<strong> la orden fue que todos pasaran la noche en el refugio<\/strong>. Adem\u00e1s, establecieron un punto de una &#8220;isla de piedras&#8221;, lejos del bosque como el lugar seguro en caso de que subieran las llamas.<\/p>\n<\/div>\n<div class=\"sc-80531b6b-0 chRIGJ container-text text-embed\">\n<p>Una vez que estaba la decisi\u00f3n de pasar la noche ah\u00ed, a la preocupaci\u00f3n del fuego se sum\u00f3 la de los rumores que corr\u00edan entre las casi 300 personas atrapadas.<\/p>\n<\/div>\n<div class=\"sc-80531b6b-0 chRIGJ container-text text-embed\">\n<p>&#8220;Ten\u00edamos auto en Wharton, algunos empezaron a decir que el fuego hab\u00eda llegado a los autos. Hab\u00eda mucha gente que que estaba preocupada por sus autos y otros por nuestras familias, porque no ten\u00edamos se\u00f1al ah\u00ed arriba. Los nervios crec\u00edan porque ve\u00edamos a las personas del refugio bajar y subir hasta el refugio La Playita a buscar informaci\u00f3n&#8221;, relata Brisa, que no duda al calificar la sensaci\u00f3n: <strong>&#8220;Era desesperaci\u00f3n total porque no sab\u00edamos qu\u00e9 iba a pasar&#8221;.<\/strong><\/p>\n<\/div>\n<div class=\"sc-198be8ec-0 cynXbu image-embed  image-embed \"><picture class=\"sc-198be8ec-1 kOjRiQ\"><source media=\"(min-width: 975px)\" width=\"720\" height=\"480\" \/><img alt=\"Refugio de monta\u00f1a el Caj\u00f3n del Azul, en las cercan\u00edas de El Bols\u00f3n, R\u00edo Negro.\" loading=\"lazy\" width=\"720\" height=\"480\" decoding=\"async\" data-nimg=\"1\" style=\"color:transparent\" src=\"https:\/\/13.com.ar\/wp-content\/uploads\/2025\/02\/1738660471_55_Fue-desesperante-la-noche-en-vilo-de-290-mochileros-con.jpg\"\/><span class=\"epigraphe\">Refugio de monta\u00f1a el Caj\u00f3n del Azul, en las cercan\u00edas de El Bols\u00f3n, R\u00edo Negro.<\/span><span class=\"bkg\"\/><span class=\"picture-open\"><button class=\"open-image\" aria-label=\"Open Image\"\/><\/span><\/picture><\/div>\n<div class=\"sc-80531b6b-0 chRIGJ container-text text-embed\">\n<p>En ese momento, los refugieros priorizaron la seguridad y la organizaci\u00f3n frente al caos. Pidieron a todos los turistas que se agrupen de a 10 personas para contarse y saber cu\u00e1nta gente estaba en el refugio de monta\u00f1a del Caj\u00f3n del Azul: <strong>290 fue el total<\/strong>. Todav\u00eda hab\u00eda m\u00e1s personas kil\u00f3metros arriba, en otros refugios. Sumaban 856 que terminaron de ser rescatadas el domingo.<\/p>\n<\/div>\n<div class=\"sc-80531b6b-0 chRIGJ container-text text-embed\">\n<p>Para las 21, ya en los alrededores del refugio, <strong>un baqueano les dio un poco de aire<\/strong> en medio de la desesperaci\u00f3n. &#8220;Un hombre que vive ah\u00ed cerca nos pas\u00f3 a trav\u00e9s de un QR el wifi de su celular para que cada uno pueda avisar a sus casas porque sab\u00edamos que la noticia del incendio iba correr. Nos organizamos haciendo una fila, mand\u00e1bamos solo un audio y listo. Desconectaron todo porque hay poca energ\u00eda y la ten\u00edamos que cuidar&#8221;, destaca Brisa.<\/p>\n<\/div>\n<div class=\"sc-198be8ec-0 cynXbu image-embed  image-embed \"><picture class=\"sc-198be8ec-1 kOjRiQ\"><source media=\"(min-width: 975px)\" width=\"720\" height=\"480\" \/><img alt=\"Refugio de monta\u00f1a el Caj\u00f3n del Azul, en las cercan\u00edas de El Bols\u00f3n, R\u00edo Negro.\" loading=\"lazy\" width=\"720\" height=\"480\" decoding=\"async\" data-nimg=\"1\" style=\"color:transparent\" src=\"https:\/\/13.com.ar\/wp-content\/uploads\/2025\/02\/1738660471_253_Fue-desesperante-la-noche-en-vilo-de-290-mochileros-con.jpg\"\/><span class=\"epigraphe\">Refugio de monta\u00f1a el Caj\u00f3n del Azul, en las cercan\u00edas de El Bols\u00f3n, R\u00edo Negro.<\/span><span class=\"bkg\"\/><span class=\"picture-open\"><button class=\"open-image\" aria-label=\"Open Image\"\/><\/span><\/picture><\/div>\n<div class=\"sc-80531b6b-0 chRIGJ container-text text-embed\">\n<p>En el refugio hab\u00eda comida y bebida, pero mucha gente subi\u00f3 sin plata. &#8220;<strong>Hab\u00eda gente de Mar del Plata, Santa Fe, C\u00f3rdoba, de Uruguay, hab\u00eda un franc\u00e9s que no entend\u00eda nada, estaba muy perdido, muy preocupado<\/strong>. La gente se prestaba plata, abrigos. En el refugio nos dieron yerba, aceite, nos trataron de tranquilizar en todo momento y tiraron colchones por todo el piso. Los que ten\u00edan carpa se fueron a sus carpas y el resto <strong>nos quedamos a pasar la noche ah\u00ed pero con las zapatillas puestas por si ven\u00eda el fuego<\/strong>&#8220;, recuerda la joven de 24 a\u00f1os.<\/p>\n<\/div>\n<div class=\"sc-80531b6b-0 chRIGJ container-text text-embed\">\n<p>Algunos se tiraron en los pies de otros, pero <strong>nadie durmi\u00f3<\/strong>. &#8220;A las 3 de la ma\u00f1ana apareci\u00f3 la Patrulla de Monta\u00f1a y todos est\u00e1bamos atentos a los que vinieron a decir. <strong>El plan de evacuaci\u00f3n depend\u00eda de por d\u00f3nde ven\u00eda el fuego<\/strong>, pero por suerte no lleg\u00f3&#8221;, rememora Brisa.<\/p>\n<\/div>\n<p><iframe title=\"Incendio en El Bols\u00f3n\" aria-label=\"Mapas de ubicaci\u00f3n\" id=\"datawrapper-chart-l3JeM\" src=\"https:\/\/datawrapper.dwcdn.net\/l3JeM\/2\/\" scrolling=\"no\" frameborder=\"0\" style=\"width: 0; min-width: 100% !important; border: none;\" height=\"686\" data-external=\"1\"><\/iframe><\/p>\n<div class=\"sc-80531b6b-0 chRIGJ container-text text-embed\">\n<p>Con el amanecer, lleg\u00f3 la organizaci\u00f3n del rescate. &#8220;Tipo 6 de la ma\u00f1ana est\u00e1bamos todos ya levant\u00e1ndonos, ansiosos por irnos, de por poder hablar con nuestras familias. Dijeron que el fuego hab\u00eda aumentado mucho, pero se estaba yendo para el lugar de Mall\u00edn Ahogado. Y las 7, uno de los responsables nos inform\u00f3: <em>&#8216;No se van a poder bajar. El camino est\u00e1 empeorando, se est\u00e1 prendiendo mucho m\u00e1s fuego de lo que esper\u00e1bamos. Dependemos del viento'&#8221;<\/em>.<\/p>\n<\/div>\n<div class=\"sc-80531b6b-0 chRIGJ container-text text-embed\">\n<p>Para el mediod\u00eda, los refugieros les volvieron a pedir que se reagrupen a diez para contarlos. Y lleg\u00f3 la orden de para escapar:<em> &#8220;Vamos a bajar en grupo de 10 personas cada 5 minutos. Van a tener primero prioridad las personas grandes&#8221;.<\/em><\/p>\n<\/div>\n<div class=\"sc-80531b6b-0 chRIGJ container-text text-embed\">\n<p>&#8220;Hab\u00eda una familia de Mar del Plata con un nene de tres a\u00f1os y los bajaron en un cuatriciclo. Pero a los 10 minutos, hubo una contraorden. El humo era cada vez m\u00e1s denso y dijeron que ten\u00edamos que bajar todos juntos lo antes posible&#8221;, recuerda Brisa y asegura que ese momento todos los vivieron con angustia.<\/p>\n<\/div>\n<div class=\"sc-198be8ec-0 cynXbu image-embed  image-embed \"><picture class=\"sc-198be8ec-1 kOjRiQ\"><source media=\"(min-width: 975px)\" width=\"720\" height=\"480\" \/><img alt=\"Dos turistas cuentan c\u00f3mo fue quedar atrapados por las llamas en el refugio el Caj\u00f3n del Azul en medio de los incendios de El Bols\u00f3n.\" loading=\"lazy\" width=\"720\" height=\"480\" decoding=\"async\" data-nimg=\"1\" style=\"color:transparent\" src=\"https:\/\/13.com.ar\/wp-content\/uploads\/2025\/02\/1738660471_478_Fue-desesperante-la-noche-en-vilo-de-290-mochileros-con.jpg\"\/><span class=\"epigraphe\">Dos turistas cuentan c\u00f3mo fue quedar atrapados por las llamas en el refugio el Caj\u00f3n del Azul en medio de los incendios de El Bols\u00f3n.<\/span><span class=\"bkg\"\/><span class=\"picture-open\"><button class=\"open-image\" aria-label=\"Open Image\"\/><\/span><\/picture><\/div>\n<div class=\"sc-80531b6b-0 chRIGJ container-text text-embed\">\n<p>A las 13.30 empezaron a descender<strong>. Casi 300 personas en fila india por un sendero de monta\u00f1a que tiene mucho polvo, que en muchos sectores tiene el ancho para una sola persona.<\/strong> Cuando llegaron al refugio La Playita, personal de la Patrulla de Monta\u00f1a les dio las indicaciones de c\u00f3mo seguir.<\/p>\n<\/div>\n<div class=\"sc-80531b6b-0 chRIGJ container-text text-embed\">\n<p>Siempre acompa\u00f1ados por la Patrulla, llegaron hasta la confluencia de los r\u00edos Blanco y Azul, donde se inici\u00f3 el incendio el jueves a las 16. En el descenso pasaron por zonas incendiadas y otras donde se ve\u00edan las llamas y hab\u00eda brigadistas trabajando para apagarlo. &#8220;Fue un momento de tensi\u00f3n porque sent\u00edamos el humo y nos pidieron que nos pusi\u00e9ramos lo que tuvi\u00e9ramos en la cara para evitar el humo, <strong>era muy dif\u00edcil respirar<\/strong>&#8220;, relata Brisa.<\/p>\n<\/div>\n<div class=\"sc-80531b6b-0 chRIGJ container-text text-embed\">\n<p>Despu\u00e9s de cinco horas de caminata, a las 18 del viernes, desde la zona de confluencia, los subieron en camionetas hasta Wharton. Ah\u00ed personal de la Municipalidad y de la provincia de R\u00edo Negro ten\u00eda postas de salud con m\u00e9dicos, les preguntaban los datos, ofrec\u00edan agua y transporte hasta El Bols\u00f3n. En esa zona tambi\u00e9n hay se\u00f1al de celular, clave para el contacto con familias que tambi\u00e9n estaban desesperadas. <\/p>\n<\/div>\n<div class=\"sc-ad4aedf2-0 dPPgNJ border-video video-embed horizontal border-video video-embed horizontal\">\n<div class=\"sc-ad4aedf2-1 hnFuni videoText videoText\">\n<h2>Video<\/h2>\n<div>\n<p>Incendios en El Bols\u00f3n: as\u00ed fue el dram\u00e1tico rescate de unos 700 mochileros varados en los refugios.<\/p>\n<\/div>\n<\/div>\n<\/div>\n<div class=\"sc-80531b6b-0 chRIGJ container-text text-embed\">\n<p>Ya m\u00e1s calmada, Brisa lo recuerda como una situaci\u00f3n muy desesperante, pero rescata el temple de los brigadistas. &#8220;Escuch\u00e1bamos noticias de que algunos de las familias de los brigadistas perdieron sus casas e igualmente estaban ah\u00ed alent\u00e1ndonos a nosotros para que estemos bien&#8221;.<\/p>\n<\/div>\n<div class=\"sc-80531b6b-0 chRIGJ container-text text-embed\">\n<p>Este lunes, el incendio en El Bols\u00f3n segu\u00eda activo, especialmente en el flanco sur, cerca de la Pasarela de Palma, donde se concentra el mayor esfuerzo operativo con medios a\u00e9reos y terrestres. Para apoyar en las tareas de extinci\u00f3n, brigadistas provenientes de Buenos Aires llegar\u00e1n este martes a reforzar el operativo. <\/p>\n<\/div>\n<\/div>\n<p><br \/>\n<br \/><a href=\"https:\/\/www.clarin.com\/sociedad\/rescate-bolson-desesperante-noche-vilo-290-mochileros-zapatillas-puestas-escapar-fuego-angustioso-descenso-medio-humo_0_nGy0V2yxon.html\">Fuente Clarin.com <\/a><\/p>\n","protected":false},"excerpt":{"rendered":"<p>El plan de ir a pasar la tarde de verano junto a su novio al Caj\u00f3n del Azul, cerca de El Bols\u00f3n, en bikini, una remera y un short se convirti\u00f3 en uno de los momentos m\u00e1s desesperantes. Acorralados por el incendio forestal, se vieron obligados a pasar la noche en el refugio de monta\u00f1a [&hellip;]<\/p>\n","protected":false},"author":1,"featured_media":1702,"comment_status":"open","ping_status":"open","sticky":false,"template":"","format":"standard","meta":{"footnotes":""},"categories":[2],"tags":[3416,18,100,3417,3411,823,105,853,3418,48,1224,3413,935,16,3415,3412,3414],"class_list":["post-1701","post","type-post","status-publish","format-standard","has-post-thumbnail","hentry","category-ultimas-noticias","tag-angustioso","tag-con","tag-del","tag-descenso","tag-desesperante","tag-escapar","tag-fue","tag-fuego","tag-humo","tag-las","tag-medio","tag-mochileros","tag-noche","tag-para","tag-puestas","tag-vilo","tag-zapatillas"],"_links":{"self":[{"href":"https:\/\/13.com.ar\/index.php\/wp-json\/wp\/v2\/posts\/1701","targetHints":{"allow":["GET"]}}],"collection":[{"href":"https:\/\/13.com.ar\/index.php\/wp-json\/wp\/v2\/posts"}],"about":[{"href":"https:\/\/13.com.ar\/index.php\/wp-json\/wp\/v2\/types\/post"}],"author":[{"embeddable":true,"href":"https:\/\/13.com.ar\/index.php\/wp-json\/wp\/v2\/users\/1"}],"replies":[{"embeddable":true,"href":"https:\/\/13.com.ar\/index.php\/wp-json\/wp\/v2\/comments?post=1701"}],"version-history":[{"count":0,"href":"https:\/\/13.com.ar\/index.php\/wp-json\/wp\/v2\/posts\/1701\/revisions"}],"wp:featuredmedia":[{"embeddable":true,"href":"https:\/\/13.com.ar\/index.php\/wp-json\/wp\/v2\/media\/1702"}],"wp:attachment":[{"href":"https:\/\/13.com.ar\/index.php\/wp-json\/wp\/v2\/media?parent=1701"}],"wp:term":[{"taxonomy":"category","embeddable":true,"href":"https:\/\/13.com.ar\/index.php\/wp-json\/wp\/v2\/categories?post=1701"},{"taxonomy":"post_tag","embeddable":true,"href":"https:\/\/13.com.ar\/index.php\/wp-json\/wp\/v2\/tags?post=1701"}],"curies":[{"name":"wp","href":"https:\/\/api.w.org\/{rel}","templated":true}]}}