{"id":16891,"date":"2025-04-01T09:26:38","date_gmt":"2025-04-01T12:26:38","guid":{"rendered":"https:\/\/13.com.ar\/index.php\/si-usted-llama-a-los-guardavidas-es-porque-no-puede-volver-por-la-suya\/"},"modified":"2025-04-01T09:26:38","modified_gmt":"2025-04-01T12:26:38","slug":"si-usted-llama-a-los-guardavidas-es-porque-no-puede-volver-por-la-suya","status":"publish","type":"post","link":"https:\/\/13.com.ar\/index.php\/si-usted-llama-a-los-guardavidas-es-porque-no-puede-volver-por-la-suya\/","title":{"rendered":"Si usted llama a los guardavidas es porque no puede volver por la suya"},"content":{"rendered":"<p> <br \/>\n<br \/><img decoding=\"async\" src=\"https:\/\/13.com.ar\/wp-content\/uploads\/2025\/04\/Si-usted-llama-a-los-guardavidas-es-porque-no-puede.jpg\" \/><\/p>\n<div id=\"element-body-0\">\n<p>El diputado nacional <strong>Ricardo L\u00f3pez Murphy<\/strong> acus\u00f3 al Gobierno nacional de haber<strong> &#8220;llamado desesperadamente&#8221;<\/strong> por apoyo al <strong>Fondo Monetario Internacional<\/strong> y se\u00f1al\u00f3 que si la administraci\u00f3n del presidente <strong>Javier Milei<\/strong> tuviera &#8220;un plan econ\u00f3mico robusto, eso no ser\u00eda necesario&#8221;.<\/p>\n<\/div>\n<div id=\"element-body-1\">\n<p>Adem\u00e1s, adelant\u00f3 que se presentar\u00e1 en las elecciones legislativas de este a\u00f1o a nivel nacional, donde probablemente busque &#8220;un acuerdo&#8221; con otros espacios pol\u00edticos. <\/p>\n<\/div>\n<div id=\"element-body-2\">\n<p>&#8220;Cuando usted est\u00e1 nadando, <strong>si usted llama a los guardavidas es porque no puede volver por la suya<\/strong>. Usted no lo llama porque est\u00e1 holgado, lo llama porque est\u00e1 en dificultades&#8221;, analiz\u00f3 de forma metaf\u00f3rica respecto de las negociaciones entre el Gobierno y el FMI en <em>LN+<\/em>.<\/p>\n<\/div>\n<div id=\"element-body-3\">\n<p>Y consider\u00f3 que &#8220;<strong>el plan no estuvo bien hecho<\/strong>, exhibe muchas debilidades y por eso es que est\u00e1n pidiendo auxilio&#8221;. En ese sentido, destac\u00f3 algunas &#8220;dificultades objetivas&#8221;, como la ca\u00edda de las reservas en el Banco Central durante los \u00faltimos meses.<\/p>\n<\/div>\n<div id=\"element-body-4\">\n<p>&#8220;<strong>Perdemos reservas todos los d\u00edas<\/strong>. Hemos perdido 12.000 millones de d\u00f3lares desde junio, hemos perdido 6.000 desde fin de diciembre, el pa\u00eds tiene reservas negativas. Tiene que ganar reservas, no perderlas&#8221;, marc\u00f3 el exministro de Econom\u00eda.<\/p>\n<\/div>\n<div id=\"element-body-5\">\n<p>Y advirti\u00f3: &#8220;Es peligroso. El ministro (de Econom\u00eda, Luis Caputo) dice que va a tener 50.000 millones en el Banco Central. <strong>No tenemos nada de reservas, tenemos reserva negativa<\/strong>. Tiene un pr\u00e9stamo de China que no lo puede tocar, tiene que pedir permiso. O sea, todas cosas que son artificiales&#8221;.<\/p>\n<\/div>\n<div id=\"element-body-6\">\n<p>Tambi\u00e9n critic\u00f3 la &#8220;variante vitivin\u00edcola del sistema cambiario&#8221;, que se suma al cepo al d\u00f3lar, y reconoci\u00f3 que ambas medidas &#8220;vienen de la \u00e9poca de (Sergio) Massa y Alberto Fern\u00e1ndez&#8221;. Sin embargo, cuestion\u00f3 que <strong>&#8220;hay una cantidad de regulaciones que vienen de la \u00e9poca kirchnerista pero que no lo cambiaron y eso hace mal a la econom\u00eda&#8221;<\/strong>.<\/p>\n<\/div>\n<div id=\"element-body-7\">\n<p>&#8220;La herencia fue terrible. Alberto Fern\u00e1ndez y Cristina Kirchner fueron una pesadilla, una desgracia que no se dimensiona correctamente ni se le explic\u00f3 a la sociedad correctamente la terrible herencia recibida&#8221;, sostuvo, pero indic\u00f3: &#8220;Dicho eso, usted tiene que corregir porque usted est\u00e1 cargo&#8221;.<\/p>\n<\/div>\n<div id=\"element-body-8\">\n<p>Y se\u00f1al\u00f3 que &#8220;ahora el Gobierno le va a pedir ayuda a Brasil, a todos sus adversarios, porque necesita votos&#8221;. En ese sentido, consider\u00f3 que <strong>el Presidente no deber\u00eda haberse &#8220;peleado con los que despu\u00e9s les tengo que pedir auxilio&#8221;.<\/strong><\/p>\n<\/div>\n<div id=\"element-body-9\">\n<p>&#8220;Un pa\u00eds fr\u00e1gil, d\u00e9bil, pobre como nosotros trata de llevarse bien con los vecinos, con todo el mundo, venderle a todos los que podamos para generar m\u00e1s trabajo y m\u00e1s posibilidades para nosotros. Y <strong>no andar tutoreando o yendo a los foros internacionales a dar lecciones a todo el mundo<\/strong>&#8220;, apunt\u00f3 en referencia a los \u00faltimos discursos de Milei.<\/p>\n<\/div>\n<div id=\"element-body-10\">\n<p>Consultado sobre qu\u00e9 posici\u00f3n tomar\u00e1 en las <strong>elecciones legislativas<\/strong> de este a\u00f1o, asegur\u00f3 que debe &#8220;enfrentar las urnas&#8221; y adelant\u00f3 que buscar\u00e1 &#8220;alg\u00fan acuerdo&#8221; porque &#8220;hay un problema de gobernabilidad&#8221;.<\/p>\n<\/div>\n<div id=\"element-body-11\">\n<p>&#8220;Uno de los problemas que ve la elecci\u00f3n de la Ciudad de Buenos Aires es la cantidad de candidaturas que hay, eso es un problema para la gobernabilidad. Hace dos a\u00f1os no tenemos presupuesto. No hay tributaci\u00f3n sin representaci\u00f3n el Congreso&#8221;, marc\u00f3.<\/p>\n<\/div>\n<div id=\"element-body-12\">\n<p>En la Ciudad de Buenos Aires, el partido Republicanos Unidos, que lidera L\u00f3pez Murphy, se present\u00f3 en alianza con el PRO en un frente denominado &#8220;Buenos Aires Primero&#8221;. El exministro de Econom\u00eda rompi\u00f3 recientemente relaciones con el bloque Encuentro Federal que lidera en la C\u00e1mara de Diputados Miguel \u00c1ngel Pichetto.<\/p>\n<\/div>\n<p><br \/>\n<br \/><a href=\"https:\/\/www.clarin.com\/politica\/lopez-murphy-critico-acuerdo-gobierno-fondo-plan-economico-robusto-necesario_0_tvxsep9TNH.html\">Fuente Clarin.com <\/a><\/p>\n","protected":false},"excerpt":{"rendered":"<p>El diputado nacional Ricardo L\u00f3pez Murphy acus\u00f3 al Gobierno nacional de haber &#8220;llamado desesperadamente&#8221; por apoyo al Fondo Monetario Internacional y se\u00f1al\u00f3 que si la administraci\u00f3n del presidente Javier Milei tuviera &#8220;un plan econ\u00f3mico robusto, eso no ser\u00eda necesario&#8221;. Adem\u00e1s, adelant\u00f3 que se presentar\u00e1 en las elecciones legislativas de este a\u00f1o a nivel nacional, donde [&hellip;]<\/p>\n","protected":false},"author":1,"featured_media":16892,"comment_status":"open","ping_status":"open","sticky":false,"template":"","format":"standard","meta":{"footnotes":""},"categories":[2],"tags":[5635,3192,28,142,1624,136,4350,3604,1928],"class_list":["post-16891","post","type-post","status-publish","format-standard","has-post-thumbnail","hentry","category-ultimas-noticias","tag-guardavidas","tag-llama","tag-los","tag-por","tag-porque","tag-puede","tag-suya","tag-usted","tag-volver"],"_links":{"self":[{"href":"https:\/\/13.com.ar\/index.php\/wp-json\/wp\/v2\/posts\/16891","targetHints":{"allow":["GET"]}}],"collection":[{"href":"https:\/\/13.com.ar\/index.php\/wp-json\/wp\/v2\/posts"}],"about":[{"href":"https:\/\/13.com.ar\/index.php\/wp-json\/wp\/v2\/types\/post"}],"author":[{"embeddable":true,"href":"https:\/\/13.com.ar\/index.php\/wp-json\/wp\/v2\/users\/1"}],"replies":[{"embeddable":true,"href":"https:\/\/13.com.ar\/index.php\/wp-json\/wp\/v2\/comments?post=16891"}],"version-history":[{"count":0,"href":"https:\/\/13.com.ar\/index.php\/wp-json\/wp\/v2\/posts\/16891\/revisions"}],"wp:featuredmedia":[{"embeddable":true,"href":"https:\/\/13.com.ar\/index.php\/wp-json\/wp\/v2\/media\/16892"}],"wp:attachment":[{"href":"https:\/\/13.com.ar\/index.php\/wp-json\/wp\/v2\/media?parent=16891"}],"wp:term":[{"taxonomy":"category","embeddable":true,"href":"https:\/\/13.com.ar\/index.php\/wp-json\/wp\/v2\/categories?post=16891"},{"taxonomy":"post_tag","embeddable":true,"href":"https:\/\/13.com.ar\/index.php\/wp-json\/wp\/v2\/tags?post=16891"}],"curies":[{"name":"wp","href":"https:\/\/api.w.org\/{rel}","templated":true}]}}