{"id":16890,"date":"2025-04-01T09:23:29","date_gmt":"2025-04-01T12:23:29","guid":{"rendered":"https:\/\/13.com.ar\/index.php\/el-perdio-con-alberto-fernandez-el-peor-presidente-de-la-historia-de-la-argentina\/"},"modified":"2025-04-01T09:23:29","modified_gmt":"2025-04-01T12:23:29","slug":"el-perdio-con-alberto-fernandez-el-peor-presidente-de-la-historia-de-la-argentina","status":"publish","type":"post","link":"https:\/\/13.com.ar\/index.php\/el-perdio-con-alberto-fernandez-el-peor-presidente-de-la-historia-de-la-argentina\/","title":{"rendered":"\u00c9l perdi\u00f3 con Alberto Fern\u00e1ndez, el peor Presidente de la historia de la Argentina"},"content":{"rendered":"<p> <br \/>\n<br \/><img decoding=\"async\" src=\"https:\/\/13.com.ar\/wp-content\/uploads\/2025\/03\/Horacio-Rodriguez-Larreta-sera-candidato-a-legislador-porteno-por-afuera.jpg\" \/><\/p>\n<div id=\"element-body-0\">\n<p>Luego que Mauricio Macri lo acusara de ser &#8220;funcional al kirchnerismo&#8221; con su candidatura en la elecci\u00f3n porte\u00f1a y no haber quedado &#8220;bien&#8221; tras la derrota de 2023 frente a Patricia Bullrich, <strong>Horacio Rodr\u00edguez Larreta <\/strong>recogi\u00f3 el guante y record\u00f3 que el exmandatario<strong> &#8220;perdi\u00f3 con Alberto Fern\u00e1ndez, el peor Presidente de la historia de la Argentina&#8221;<\/strong> en 2019.<\/p>\n<\/div>\n<div id=\"element-body-1\">\n<p>&#8220;Adem\u00e1s esta interpretaci\u00f3n donde lo escucho a Macri que pareciera un psic\u00f3logo&#8230; Yo pens\u00e9 que era un ingeniero, pero&#8230;Se pone a agredir interpretando psicol\u00f3gicamente. <strong>Pensar que uno puede estar afectado por perder una elecci\u00f3n&#8230;\u00c9l perdi\u00f3 con Alberto Fern\u00e1ndez<\/strong>, el peor Presidente de la historia de la Argentina&#8221;, dispar\u00f3 el exjefe de Gobierno porte\u00f1o en di\u00e1logo con radio Mitre.<\/p>\n<\/div>\n<div id=\"element-body-2\">\n<p>En medio de una campa\u00f1a electoral que promete ser feroz en el distrito porte\u00f1o, donde<strong> por primera vez Rodr\u00edguez Larreta se presentar\u00e1 como contrincante del PRO<\/strong> en las urnas, el ex dirigente del partido amarillo retruc\u00f3: &#8220;En vez de enojarse, en vez de agredirme, <strong>que trabajen<\/strong>. Que pongan la Ciudad como estaba, que vuelva a relucir Buenos Aires&#8221;.<\/p>\n<\/div>\n<div id=\"element-body-3\">\n<p>&#8220;Durante los 16 a\u00f1os que gobernamos, 8 fui jefe de gabinete y 8 jefe de gobierno, le ganamos siempre al kirchnerismo \u00bfSabes c\u00f3mo? Trabajando, con buena gesti\u00f3n. <strong>Esa es la f\u00f3rmula para ganar: trabajar. <\/strong>Eso es lo que la gente quiere.<strong> Gobernando bien se acaban los fantasmas, no hay especulaciones&#8221;<\/strong>, apunt\u00f3.<\/p>\n<\/div>\n<div id=\"element-body-4\">\n<p>Al d\u00eda siguiente de las cr\u00edticas de Macri, quien le reproch\u00f3 ir por fuera de la estructura del PRO en las pr\u00f3ximas elecciones, el ahora candidato a legislador porte\u00f1o arremeti\u00f3: &#8220;<strong>No importa el armado pol\u00edtico de qui\u00e9n va con qui\u00e9n. Ac\u00e1 hay que gobernar bien<\/strong>, esa es la manera de ganar las elecciones&#8221;.<\/p>\n<\/div>\n<div id=\"element-body-5\">\n<p>Consultado acerca de si se siente frustrado por las cr\u00edticas del expresidente, <strong>Rodr\u00edguez Larreta dijo estar &#8220;dolido&#8221; <\/strong>y argument\u00f3: &#8220;Despu\u00e9s de trabajar tantos a\u00f1os juntos, tener que escuchar esas agresiones me duele mucho<strong>. Ac\u00e1 lo \u00fanico que es funcional es que el gobierno no funciona bien<\/strong>.  Yo lo simbolic\u00e9 con el olor a pis, pero es mucho m\u00e1s que eso&#8221;.<\/p>\n<\/div>\n<div id=\"element-body-6\">\n<div class=\"sc-c2c2a3c6-1 kQhBlc videoText videoText\">\n<h2>Video<\/h2>\n<p>Horacio Rodr\u00edguez Larreta rompi\u00f3 el silencio tras las cr\u00edticas de Mauricio Macri: \u201cMe duele\u201d<\/p>\n<\/div>\n<\/div>\n<div id=\"element-body-7\">\n<p>A su vez, volvi\u00f3 a cuestionar la gesti\u00f3n de su sucesor en el Ejecutivo porte\u00f1o, Jorge Macri.<strong> &#8220;Lo \u00fanico funcional es que la Ciudad est\u00e9 sucia<\/strong>. Por eso la gente puede votar en contra de quien gobierna. Si la Ciudad estuviera bien, si hubiera obras en marcha, si hubiera una transformaci\u00f3n&#8230;A nosotros nos votaron siempre en la Ciudad \u00bfSabes c\u00f3mo? Laburando&#8221;, subray\u00f3.<\/p>\n<\/div>\n<div id=\"element-body-8\">\n<p>Ante la repregunta acerca de si <strong>Jorge Macri no labura<\/strong> por la Ciudad, respondi\u00f3 tajantemente: <strong>&#8220;A la luz de los resultados, no est\u00e1 trabando para que la ciudad est\u00e9 bien. A la luz de los resultados no.<\/strong> La Ciudad est\u00e1 m\u00e1s insegura, hay menos polic\u00edas en la esquina. Eso me lo dice la gente. Camino la ciudad todos los d\u00edas&#8221;.<\/p>\n<\/div>\n<p><br \/>\n<br \/><a href=\"https:\/\/www.clarin.com\/politica\/lapidaria-respuesta-larreta-criticas-mauricio-macri-perdio-alberto-fernandez-peor-presidente-historia-argentina_0_sNaXkMhGct.html\">Fuente Clarin.com <\/a><\/p>\n","protected":false},"excerpt":{"rendered":"<p>Luego que Mauricio Macri lo acusara de ser &#8220;funcional al kirchnerismo&#8221; con su candidatura en la elecci\u00f3n porte\u00f1a y no haber quedado &#8220;bien&#8221; tras la derrota de 2023 frente a Patricia Bullrich, Horacio Rodr\u00edguez Larreta recogi\u00f3 el guante y record\u00f3 que el exmandatario &#8220;perdi\u00f3 con Alberto Fern\u00e1ndez, el peor Presidente de la historia de la [&hellip;]<\/p>\n","protected":false},"author":1,"featured_media":12638,"comment_status":"open","ping_status":"open","sticky":false,"template":"","format":"standard","meta":{"footnotes":""},"categories":[2],"tags":[579,288,18,1760,5,1329,264,88,135],"class_list":["post-16890","post","type-post","status-publish","format-standard","has-post-thumbnail","hentry","category-ultimas-noticias","tag-alberto","tag-argentina","tag-con","tag-el","tag-fernandez","tag-historia","tag-peor","tag-perdio","tag-presidente"],"_links":{"self":[{"href":"https:\/\/13.com.ar\/index.php\/wp-json\/wp\/v2\/posts\/16890","targetHints":{"allow":["GET"]}}],"collection":[{"href":"https:\/\/13.com.ar\/index.php\/wp-json\/wp\/v2\/posts"}],"about":[{"href":"https:\/\/13.com.ar\/index.php\/wp-json\/wp\/v2\/types\/post"}],"author":[{"embeddable":true,"href":"https:\/\/13.com.ar\/index.php\/wp-json\/wp\/v2\/users\/1"}],"replies":[{"embeddable":true,"href":"https:\/\/13.com.ar\/index.php\/wp-json\/wp\/v2\/comments?post=16890"}],"version-history":[{"count":0,"href":"https:\/\/13.com.ar\/index.php\/wp-json\/wp\/v2\/posts\/16890\/revisions"}],"wp:featuredmedia":[{"embeddable":true,"href":"https:\/\/13.com.ar\/index.php\/wp-json\/wp\/v2\/media\/12638"}],"wp:attachment":[{"href":"https:\/\/13.com.ar\/index.php\/wp-json\/wp\/v2\/media?parent=16890"}],"wp:term":[{"taxonomy":"category","embeddable":true,"href":"https:\/\/13.com.ar\/index.php\/wp-json\/wp\/v2\/categories?post=16890"},{"taxonomy":"post_tag","embeddable":true,"href":"https:\/\/13.com.ar\/index.php\/wp-json\/wp\/v2\/tags?post=16890"}],"curies":[{"name":"wp","href":"https:\/\/api.w.org\/{rel}","templated":true}]}}