{"id":16861,"date":"2025-04-01T06:28:28","date_gmt":"2025-04-01T09:28:28","guid":{"rendered":"https:\/\/13.com.ar\/index.php\/pocos-ministros-contencion-espiritual-y-un-empresario-vinculado-al-escandalo-cripto\/"},"modified":"2025-04-01T06:28:28","modified_gmt":"2025-04-01T09:28:28","slug":"pocos-ministros-contencion-espiritual-y-un-empresario-vinculado-al-escandalo-cripto","status":"publish","type":"post","link":"https:\/\/13.com.ar\/index.php\/pocos-ministros-contencion-espiritual-y-un-empresario-vinculado-al-escandalo-cripto\/","title":{"rendered":"pocos ministros, contenci\u00f3n espiritual y un empresario vinculado al esc\u00e1ndalo cripto"},"content":{"rendered":"<p> <br \/>\n<br \/><img decoding=\"async\" src=\"https:\/\/13.com.ar\/wp-content\/uploads\/2025\/04\/pocos-ministros-contencion-espiritual-y-un-empresario-vinculado-al-escandalo.jpg\" \/><\/p>\n<div id=\"element-body-0\">\n<p>Un relevamiento sobre los ingresos a la residencia presidencial de Olivos durante noviembre y enero pasado da cuenta de las escasas visitas que recibi\u00f3 <strong>Javier Milei <\/strong>de parte de integrantes del gabinete mientras que s\u00ed comparti\u00f3 varias jornadas con economistas, con el humorista<strong> Nik, <\/strong>el religioso jud\u00edo <strong>Kand\u00edn El\u00edas<\/strong> y una larga noche con<strong> Mauricio Novell<\/strong>i, el pol\u00e9mico empresario que present\u00f3 al jefe de Estado a<strong> Hayden Davis,<\/strong> el creador del malogrado token<strong> $Libra.<\/strong><\/p>\n<\/div>\n<div id=\"element-body-1\">\n<p>En respuesta a un pedido de acceso a la informaci\u00f3n realizado por <strong>Clar\u00edn<\/strong>, la Secretar\u00eda General de la Presidencia , a trav\u00e9s de Casa Militar, dio cuenta de los ingresos a la quinta presidencial entre el 1\u00b0 de noviembre de 2024 y el 31 de enero de 2025. Extra\u00f1amente <strong>Karina Milei<\/strong>, titular de esta dependencia y principal asesora del mandatario, <strong>solo estuvo en la residencia el 19 de noviembre<\/strong> en ocasi\u00f3n de la visita oficial al pa\u00eds de la premier italiana <strong>Giorgia Meloni.<\/strong><\/p>\n<\/div>\n<div id=\"element-body-2\">\n<p>En el primer d\u00eda de noviembre, por caso, el equipo econ\u00f3mico, encabezado por Luis <strong>&#8220;Toto&#8221; Caputo<\/strong>, se entrevist\u00f3 con el mandatario. <strong>Guillermo Francos<\/strong>, jefe de gabinete, s\u00f3lo estuvo el 29 y el 30 de ese mes. En diciembre el ministro coordinador estuvo el  24 y 26, en ocasi\u00f3n del brindis de fin de a\u00f1o del jefe de Estado con el gabinete nacional. El 14 de enero Francos ingres\u00f3 por \u00fanica vez a Olivos durante ese mes, seg\u00fan las planillas oficiales.<\/p>\n<\/div>\n<div id=\"element-body-3\">\n<p><strong>Sandra Pettovello<\/strong> (Capital Humano) es la ministra con mayor asistencia en el trimestre analizado, tambi\u00e9n hay varias visitas del jefe de Asesores, <strong>Demi\u00e1n Reidel<\/strong>, y en menor medida, del asesor <strong>Santiago Caputo.<\/strong><\/p>\n<\/div>\n<div id=\"element-body-4\">\n<p>Desde que se conoci\u00f3 el esc\u00e1ndalo de la cripto $LIBRA trascendi\u00f3 que<strong> Mauricio Novelli<\/strong>, fundador de N&amp;W Professional Traders, ex empleador de Milei y creador del Tech Forum al que el mandatario concurri\u00f3 el 19 de octubre, visit\u00f3 Casa Rosada y Olivos durante unas 10 ocasiones. <strong>En el relevamiento citado figura con un ingreso a la quinta presidencial el 10 de noviembre a las 18.38 y una salida a las 0.55 del 11 de noviembre.<\/strong><\/p>\n<\/div>\n<div id=\"element-body-5\">\n<p>S\u00ed llama la atenci\u00f3n la cantidad de ingresos de dos personas que har\u00edan las veces de <strong>confidentes del primer mandatario<\/strong>. En noviembre hubo tres ingresos (el 3, el 13 y 25) de <strong>Diego Spagnuolo<\/strong>, titular de la Agencia Nacional de Discapacidad (ANDIS) y uno de los primeros tuiteros libertarios. En diciembre vio a Milei en Olivos en seis ocasiones y en enero, la misma cantidad de veces. En muchas ocasiones coincidi\u00f3 con un aparente compa\u00f1ero de debate, el fil\u00f3sofo <strong>Alejandro Rozitchner<\/strong>, ex funcionario macrista y colaborador de <strong>Marcos Pe\u00f1a<\/strong> en la diagramaci\u00f3n del relato del gobierno de Cambiemos.<\/p>\n<\/div>\n<div id=\"element-body-6\">\n<p>Otro nombre que se repite con insistencia en Olivos es el de<strong> Kandin El\u00edas<\/strong>, de 41 a\u00f1os<strong>,<\/strong> un religioso del movimiento Jabad Lubavitch, que fue muy cercano al libertario durante toda la campa\u00f1a que lo llev\u00f3 a la Presidencia. La Jabad es una organizaci\u00f3n jud\u00eda ortodoxa que incluso distingui\u00f3 al Presidente en una de sus primeras giras al exterior, cuando lo premi\u00f3 en Miami como \u201c<strong>embajador de la luz<\/strong>&#8220;.<\/p>\n<\/div>\n<div id=\"element-body-7\">\n<p>El 11 de noviembre El\u00edas ingres\u00f3 a las 12.50 y se retir\u00f3 a las 19.13. En diciembre estuvo en cinco ocasiones e incluso particip\u00f3 del brindis de Fin de A\u00f1o con el Presidente: ingres\u00f3 el 31 de diciembre a las 20.40 y se fue a las 23.49. El 1\u00b0 de enero de 2025 regres\u00f3 a las 18.50 y se retir\u00f3 a las 20.40. El 15 de enero se entrevist\u00f3 otras dos horas con el mandatario.<\/p>\n<\/div>\n<div id=\"element-body-8\">\n<p>Pero el religioso tambi\u00e9n ha sido un asiduo visitante a la Casa Rosada. <strong>Por ejemplo, estuvo el 10 de marzo, cuando se encontr\u00f3 con Karina Milei, pero desde Casa Militar deslizaron <\/strong>que producto de la cercan\u00eda con el binomio del poder<strong> &#8220;no muestra el documento solo dice el n\u00famero con palabras&#8221; y por eso ha ingresado a Balcarce 50 con dos n\u00fameros diferentes siempre terminado en 57.<\/strong><\/p>\n<\/div>\n<div id=\"element-body-9\">\n<p>Otros asiduos visitantes a Olivos durante el per\u00edodo analizado han sido el humorista<strong> Nik, <\/strong>de nombre Cristian Dzwonik. En diciembre visit\u00f3 a Milei tres veces. El 8 de enero de 2025 ingres\u00f3 a las 21.36 y se retir\u00f3 a las 1.38 del 9 de enero.<\/p>\n<\/div>\n<div id=\"element-body-10\">\n<p>Los economistas que m\u00e1s ingresos registran son <strong>Juan Carlos de Pablo<\/strong> y<strong> Miguel Boggiano.<\/strong> <strong>Ricardo Arriazu <\/strong>solo cuenta con una visita el 10 de enero.<\/p>\n<\/div>\n<div id=\"element-body-11\">\n<p>Tambi\u00e9n tiene visitas durante los tres meses analizados la kinesi\u00f3loga <strong>Leandra Protolongo<\/strong> que, en principio, ayudar\u00eda al Presidente para mitigar sus recurrentes dolores de espalda. La profesional, seg\u00fan pudo saber este diario, de gran reputaci\u00f3n, ya hab\u00eda asistido a <strong>Mauricio Macri <\/strong>cuando ejerc\u00eda la primera magistratura.<\/p>\n<\/div>\n<div id=\"element-body-12\">\n<p>La secretaria de Milei,<strong> Magal\u00ed Bianco<\/strong>, tambi\u00e9n registra muchas visitas a Olivos. En un reportaje de 2024, el libertario sostuvo que &#8220;la conozco hace cerca de 20 a\u00f1os, es una persona de una honradez y una eficiencia\u2026 Me coordina hasta abajo de la cama, porque es dif\u00edcil encontrarme&#8221;.<\/p>\n<\/div>\n<div id=\"element-body-13\">\n<p>Ademas de Meloni y el premier franc\u00e9s,<strong> Emmanuel Macron,<\/strong> el tenista <strong>Novak Diokovic <\/strong>tambi\u00e9n estuvo en la quinta presidencial<strong>: se entrevist\u00f3 con Milei en la tarde del 2 de diciembre durante casi una hora.<\/strong><\/p>\n<\/div>\n<p><br \/>\n<br \/><a href=\"https:\/\/www.clarin.com\/politica\/milei-visitas-olivos-pocos-ministros-contencion-espiritual-empresario-vinculado-escandalo-cripto_0_tzrJUFGm9q.html\">Fuente Clarin.com <\/a><\/p>\n","protected":false},"excerpt":{"rendered":"<p>Un relevamiento sobre los ingresos a la residencia presidencial de Olivos durante noviembre y enero pasado da cuenta de las escasas visitas que recibi\u00f3 Javier Milei de parte de integrantes del gabinete mientras que s\u00ed comparti\u00f3 varias jornadas con economistas, con el humorista Nik, el religioso jud\u00edo Kand\u00edn El\u00edas y una larga noche con Mauricio [&hellip;]<\/p>\n","protected":false},"author":1,"featured_media":16862,"comment_status":"open","ping_status":"open","sticky":false,"template":"","format":"standard","meta":{"footnotes":""},"categories":[2],"tags":[9337,7005,44,1711,3984,293,1680,5604],"class_list":["post-16861","post","type-post","status-publish","format-standard","has-post-thumbnail","hentry","category-ultimas-noticias","tag-contencion","tag-cripto","tag-empresario","tag-escandalo","tag-espiritual","tag-ministros","tag-pocos","tag-vinculado"],"_links":{"self":[{"href":"https:\/\/13.com.ar\/index.php\/wp-json\/wp\/v2\/posts\/16861","targetHints":{"allow":["GET"]}}],"collection":[{"href":"https:\/\/13.com.ar\/index.php\/wp-json\/wp\/v2\/posts"}],"about":[{"href":"https:\/\/13.com.ar\/index.php\/wp-json\/wp\/v2\/types\/post"}],"author":[{"embeddable":true,"href":"https:\/\/13.com.ar\/index.php\/wp-json\/wp\/v2\/users\/1"}],"replies":[{"embeddable":true,"href":"https:\/\/13.com.ar\/index.php\/wp-json\/wp\/v2\/comments?post=16861"}],"version-history":[{"count":0,"href":"https:\/\/13.com.ar\/index.php\/wp-json\/wp\/v2\/posts\/16861\/revisions"}],"wp:featuredmedia":[{"embeddable":true,"href":"https:\/\/13.com.ar\/index.php\/wp-json\/wp\/v2\/media\/16862"}],"wp:attachment":[{"href":"https:\/\/13.com.ar\/index.php\/wp-json\/wp\/v2\/media?parent=16861"}],"wp:term":[{"taxonomy":"category","embeddable":true,"href":"https:\/\/13.com.ar\/index.php\/wp-json\/wp\/v2\/categories?post=16861"},{"taxonomy":"post_tag","embeddable":true,"href":"https:\/\/13.com.ar\/index.php\/wp-json\/wp\/v2\/tags?post=16861"}],"curies":[{"name":"wp","href":"https:\/\/api.w.org\/{rel}","templated":true}]}}