{"id":16793,"date":"2025-03-31T23:09:29","date_gmt":"2025-04-01T02:09:29","guid":{"rendered":"https:\/\/13.com.ar\/index.php\/una-mujer-sufrio-la-amputacion-de-una-pierna-tras-quedar-atrapada-con-la-puerta-del-subte\/"},"modified":"2025-03-31T23:09:29","modified_gmt":"2025-04-01T02:09:29","slug":"una-mujer-sufrio-la-amputacion-de-una-pierna-tras-quedar-atrapada-con-la-puerta-del-subte","status":"publish","type":"post","link":"https:\/\/13.com.ar\/index.php\/una-mujer-sufrio-la-amputacion-de-una-pierna-tras-quedar-atrapada-con-la-puerta-del-subte\/","title":{"rendered":"Una mujer sufri\u00f3 la amputaci\u00f3n de una pierna tras quedar atrapada con la puerta del subte"},"content":{"rendered":"<p> <br \/>\n<br \/><img decoding=\"async\" src=\"https:\/\/13.com.ar\/wp-content\/uploads\/2025\/03\/Una-mujer-sufrio-la-amputacion-de-una-pierna-tras-quedar.jpg\" \/><\/p>\n<div id=\"element-body-0\">\n<p>Una <strong>mujer venezolana<\/strong> sufri\u00f3 la <strong>amputaci\u00f3n de su pierna derecha <\/strong>tras protagonizar un accidente al <strong>intentar subir al<\/strong> <strong>subte <\/strong>mientras el anuncio sonoro indicaba que la formaci\u00f3n estaba por partir.<\/p>\n<\/div>\n<div id=\"element-body-1\">\n<p>El hecho ocurri\u00f3 el pasado jueves, cerca de las 8.20 de la ma\u00f1ana, en la <strong>estaci\u00f3n Medrano de la l\u00ednea B<\/strong> cuando \u00c1ngela Molina, venezolana de 41 a\u00f1os, baj\u00f3 con su hija de 14 al and\u00e9n e intent\u00f3 abordar la formaci\u00f3n.<\/p>\n<\/div>\n<div id=\"element-body-2\">\n<p>En declaraciones al medio <em>La Patilla<\/em>, de Venezuela, un familiar de la v\u00edctima relat\u00f3 que<strong> el maquinista arranc\u00f3 a pesar de los gritos<\/strong> de la mujer.<\/p>\n<\/div>\n<div id=\"element-body-3\">\n<p>&#8220;El operador arranc\u00f3 y por m\u00e1s gritos que hizo no le prest\u00f3 atenci\u00f3n o no la escuch\u00f3 y <strong>ella qued\u00f3 guindada <\/strong>(expresi\u00f3n venezolana para &#8216;colgada&#8217;)&#8221;, dijo.<\/p>\n<\/div>\n<div id=\"element-body-5\">\n<p>&#8220;Por lo tanto -prosigui\u00f3- fue arrastrada y <strong>el pie le qued\u00f3 entre el and\u00e9n y la formaci\u00f3n<\/strong>&#8220;.<\/p>\n<\/div>\n<div id=\"element-body-6\">\n<p>Por su parte, <strong>Emova<\/strong>, empresa que se encarga de la concesi\u00f3n de la red de subtes porte\u00f1os, indic\u00f3 en un comunicado al que accedi\u00f3 a <strong>Clar\u00edn <\/strong>que a ra\u00edz del hecho &#8220;se activaron los protocolos correspondientes, donde intervino para su asistencia, personal de Emova, bomberos y luego el <strong>SAME<\/strong>&#8220;.<\/p>\n<\/div>\n<div id=\"element-body-7\">\n<p>&#8220;Las autoridades a cargo de la investigaci\u00f3n del hecho est\u00e1n llevando a cabo el an\u00e1lisis correspondiente&#8221;, concluy\u00f3 el comunicado difundido a la prensa.<\/p>\n<\/div>\n<div id=\"element-body-9\">\n<p>Molina fue trasladada al Hospital Durand donde debido a la gravedad de las heridas <strong>debieron amputarle la pierna derecha<\/strong>. Adem\u00e1s, su estado de salud era cr\u00edtico.<\/p>\n<\/div>\n<div id=\"element-body-10\">\n<p>En di\u00e1logo con <em>TN<\/em>, Gregorio, marido de la v\u00edctima se\u00f1al\u00f3 que no se activaron mecanismos de seguridad que impiden el movimiento del subte.<strong> \u201cNo hubo manera de detenerlo\u201d<\/strong>, explic\u00f3.<\/p>\n<\/div>\n<div id=\"element-body-11\">\n<p>Y describi\u00f3 c\u00f3mo fueron los instantes previos al accidente: \u201cMi hija logr\u00f3 entrar al vag\u00f3n, pero ella no pudo pasar. Se qued\u00f3 medio atrapada con las puertas y el subte arranc\u00f3 igualmente. La arrastr\u00f3. <strong>la pierna qued\u00f3 entre el and\u00e9n y el tren <\/strong>y se le rompi\u00f3 completa\u201d.<\/p>\n<\/div>\n<div id=\"element-body-12\">\n<p>Por su parte, el abogado de la familia que reside en Argentina hace 7 a\u00f1os, afirm\u00f3 a <em>TN <\/em>que hubo <strong>un descuido por parte de quienes operaban el sistema.<\/strong><\/p>\n<\/div>\n<div id=\"element-body-14\">\n<p>\u201cLo llamativo ac\u00e1 es la negligencia o<strong> la imprudencia que no se fren\u00f3<\/strong>, y que lamentablemente ahora lo que tenemos que hacer es perseguir justicia por la esposa de mi representado\u201d, dijo.<\/p>\n<\/div>\n<div id=\"element-body-15\">\n<p>Adem\u00e1s, pronostic\u00f3 que el trauma que le quede a Molina &#8220;va a ser muy grande&#8221; y &#8220;no solamente f\u00edsico&#8221;.<\/p>\n<\/div>\n<div id=\"element-body-16\">\n<p>\u201cEsperemos que ella se recupere. Nuestros deseos de que ella se mejore y que tengan justicia\u201d, finaliz\u00f3.<\/p>\n<\/div>\n<div id=\"element-body-17\">\n<p>Molina, es de La Guaira, una ciudad ubicada en el centro-norte de Venezuela a 30 kil\u00f3metros de la capital, Caracas.<\/p>\n<\/div>\n<p><br \/>\n<br \/><a href=\"https:\/\/www.clarin.com\/sociedad\/mujer-sufrio-amputacion-pierna-quedar-atrapada-puerta-subte_0_mPK9dcTYaS.html\">Fuente Clarin.com <\/a><\/p>\n","protected":false},"excerpt":{"rendered":"<p>Una mujer venezolana sufri\u00f3 la amputaci\u00f3n de su pierna derecha tras protagonizar un accidente al intentar subir al subte mientras el anuncio sonoro indicaba que la formaci\u00f3n estaba por partir. El hecho ocurri\u00f3 el pasado jueves, cerca de las 8.20 de la ma\u00f1ana, en la estaci\u00f3n Medrano de la l\u00ednea B cuando \u00c1ngela Molina, venezolana [&hellip;]<\/p>\n","protected":false},"author":1,"featured_media":16794,"comment_status":"open","ping_status":"open","sticky":false,"template":"","format":"standard","meta":{"footnotes":""},"categories":[2],"tags":[14546,3739,18,100,138,2299,857,1893,9007,474,312,73],"class_list":["post-16793","post","type-post","status-publish","format-standard","has-post-thumbnail","hentry","category-ultimas-noticias","tag-amputacion","tag-atrapada","tag-con","tag-del","tag-mujer","tag-pierna","tag-puerta","tag-quedar","tag-subte","tag-sufrio","tag-tras","tag-una"],"_links":{"self":[{"href":"https:\/\/13.com.ar\/index.php\/wp-json\/wp\/v2\/posts\/16793","targetHints":{"allow":["GET"]}}],"collection":[{"href":"https:\/\/13.com.ar\/index.php\/wp-json\/wp\/v2\/posts"}],"about":[{"href":"https:\/\/13.com.ar\/index.php\/wp-json\/wp\/v2\/types\/post"}],"author":[{"embeddable":true,"href":"https:\/\/13.com.ar\/index.php\/wp-json\/wp\/v2\/users\/1"}],"replies":[{"embeddable":true,"href":"https:\/\/13.com.ar\/index.php\/wp-json\/wp\/v2\/comments?post=16793"}],"version-history":[{"count":0,"href":"https:\/\/13.com.ar\/index.php\/wp-json\/wp\/v2\/posts\/16793\/revisions"}],"wp:featuredmedia":[{"embeddable":true,"href":"https:\/\/13.com.ar\/index.php\/wp-json\/wp\/v2\/media\/16794"}],"wp:attachment":[{"href":"https:\/\/13.com.ar\/index.php\/wp-json\/wp\/v2\/media?parent=16793"}],"wp:term":[{"taxonomy":"category","embeddable":true,"href":"https:\/\/13.com.ar\/index.php\/wp-json\/wp\/v2\/categories?post=16793"},{"taxonomy":"post_tag","embeddable":true,"href":"https:\/\/13.com.ar\/index.php\/wp-json\/wp\/v2\/tags?post=16793"}],"curies":[{"name":"wp","href":"https:\/\/api.w.org\/{rel}","templated":true}]}}