{"id":16791,"date":"2025-03-31T22:54:33","date_gmt":"2025-04-01T01:54:33","guid":{"rendered":"https:\/\/13.com.ar\/index.php\/en-medio-de-la-pelea-kicillof\/"},"modified":"2025-03-31T22:54:33","modified_gmt":"2025-04-01T01:54:33","slug":"en-medio-de-la-pelea-kicillof","status":"publish","type":"post","link":"https:\/\/13.com.ar\/index.php\/en-medio-de-la-pelea-kicillof\/","title":{"rendered":"En medio de la pelea Kicillof"},"content":{"rendered":"<p> <br \/>\n<br \/><img decoding=\"async\" src=\"https:\/\/13.com.ar\/wp-content\/uploads\/2025\/03\/En-medio-de-la-pelea-Kicillof.jpg\" \/><\/p>\n<div id=\"element-body-0\">\n<p>En medio de las chicanas y reclamos entre Axel Kicillof y La C\u00e1mpora por la eliminaci\u00f3n de las PASO en la Provincia y la disputa por la fecha de los comicios, ahora <strong>Juan Grabois se erigi\u00f3 como mediador en el conflicto<\/strong> con una lista de propuestas que llegar a consensos<strong>,<\/strong> pero se ubic\u00f3 cerca de Cristina Kirchner, a quien postul\u00f3 como candidata a diputada nacional por Buenos Aires.<\/p>\n<\/div>\n<div id=\"element-body-1\">\n<p>\u201cTenemos que <strong>construir la unidad <\/strong>para ganar en todo el pa\u00eds, particularmente en la Provincia de Buenos Aires\u201d, plante\u00f3 Grabois en un extenso posteo en X, que acompa\u00f1\u00f3 con una fotograf\u00eda donde se lo ve a \u00e9l y a otros dirigentes de Patria Grande, como Ofelia Fern\u00e1ndez y la diputada Natalia Zaracho, reunidos con la ex vicepresidenta en el Instituto Patria.<\/p>\n<\/div>\n<div id=\"element-body-2\">\n<p>&#8220;La situaci\u00f3n no es f\u00e1cil, <strong>necesitamos a Axel, necesitamos a Cristina, <\/strong>por eso, necesitamos racionalidad\u201d, sostuvo el dirigente, quien agreg\u00f3 que luego de varias semanas pensando soluciones se convenci\u00f3 de que existen \u201cvarias salidas al laberinto\u201d.<\/p>\n<\/div>\n<div id=\"element-body-3\">\n<p>Kicillof y La C\u00e1mpora mantienen una disputa por los comicios en Buenos Aires. Por un lado, el gobernador busca eliminar las PASO y, todo indicar\u00eda, <strong>desdoblar las elecciones provinciales de las nacionales<\/strong>. Desde el ultracristinismo aceptaron que la mejor opci\u00f3n es que no haya Primarias, pero insisten que se debe votar el 26 de octubre, es decir, que <strong>los comicios sean concurrentes <\/strong>con los nacionales.<\/p>\n<\/div>\n<div id=\"element-body-4\">\n<blockquote class=\"twitter-tweet\">\n<p lang=\"es\" dir=\"ltr\">El da\u00f1o que hace el gobierno nacional no es solo econ\u00f3mico sino fundamentalmente espiritual e intelectual. Buscan lobotomizar a nuestro pueblo, oscurecer su coraz\u00f3n y nublar su mente. <a rel=\"nofollow\" target=\"_blank\" href=\"https:\/\/twitter.com\/CFKArgentina?ref_src=twsrc%5Etfw\">@CFKArgentina<\/a> tiene 10 toneladas m\u00e1s de materia gris que todo el gabinete libertario junto. Sin\u2026 <a rel=\"nofollow\" target=\"_blank\" href=\"https:\/\/t.co\/ZoD0BOqF98\">pic.twitter.com\/ZoD0BOqF98<\/a><\/p>\n<p>\u2014 Juan Grabois (@JuanGrabois) <a rel=\"nofollow\" target=\"_blank\" href=\"https:\/\/twitter.com\/JuanGrabois\/status\/1906866590383018184?ref_src=twsrc%5Etfw\">April 1, 2025<\/a><\/p><\/blockquote>\n<\/div>\n<div id=\"element-body-5\">\n<p>Desde el frente Patria Grande, Grabois propuso, por un lado, que se mantenga <strong>la fecha de la elecci\u00f3n provincial el mismo d\u00eda de la nacional,<\/strong> lo que ser\u00eda un gesto hacia la propuesta camporista, pero al mismo tiempo,<strong> eliminar las PASO<\/strong>, en sinton\u00eda con el gobernador.<\/p>\n<\/div>\n<div id=\"element-body-6\">\n<p>En este sentido, sostuvo que suspender las primarias \u201cevita que la gente tenga que ir a votar tres veces\u201d y les permite \u201cenfocar la discusi\u00f3n en el tema central:<strong> enfrentar al gobierno repugnante de Mieli<\/strong>\u201d.<\/p>\n<\/div>\n<div id=\"element-body-7\">\n<p>Por otra parte, postul\u00f3 a <strong>Cristina Kirchner<\/strong> como cabeza de la lista de los candidatos a diputados nacionales por la provincia de Buenos Aires. <strong>\u201cY que la justicia la proscriba si se anima\u201d<\/strong>, a\u00f1adi\u00f3 respecto a las definiciones del fallo Vialidad que, en caso de quedar firme, la inhabilitar\u00eda para ocupar cargos p\u00fablicos.<\/p>\n<\/div>\n<div id=\"element-body-8\">\n<p>En ese sentido, Grabois dijo que estar\u00eda<strong> \u201cfeliz de acompa\u00f1arla en esa lista\u201d, <\/strong>pero, apelando a una m\u00e1xima peronista, aclar\u00f3: \u201cComo corresponde, primero la patria, despu\u00e9s el movimiento y finalmente los hombres\u201d.<\/p>\n<\/div>\n<div id=\"element-body-10\">\n<p>Luego explic\u00f3 su propuestas para las elecciones provinciales y municipales. \u201cLes aseguro es <strong>donde est\u00e1n las diferencias mayores<\/strong>\u201d, coment\u00f3 sobre esta instancia para la que propuso que se definen \u201ca trav\u00e9s de<strong> internas cerradas sin intervenci\u00f3n de Axel y Cristina<\/strong> entre las distintas facciones que existen hoy en Uni\u00f3n por la Patria\u201d.<\/p>\n<\/div>\n<div id=\"element-body-11\">\n<p>Por \u00faltimo, coment\u00f3 que el conjunto de Uni\u00f3n por la Patria se compromete a \u201cfortalecer el Gobierno de la Provincia de Buenos Aires relanzando la gesti\u00f3n con una bater\u00eda de propuestas en materia de educaci\u00f3n, salud, trabajo, seguridad y vivienda para la segunda mitad del mandato\u201d.<\/p>\n<\/div>\n<div id=\"element-body-13\">\n<p>El dirigente de Patria Grande aclar\u00f3 en su posteo que buscaba &#8220;construir la unidad&#8221; para la que se necesitaba tanto a Axel Kicillof como a Cristina Kirchner. Sin embrago, las palabras de elogios fueron solo para la ex vicepresidenta en su mensaje.<\/p>\n<\/div>\n<div id=\"element-body-14\">\n<p>&#8220;@CFKArgentina tiene 10 toneladas m\u00e1s de materia gris que todo el gabinete libertario junto&#8221;, coment\u00f3 el dirigente social.<\/p>\n<\/div>\n<div id=\"element-body-15\">\n<p>Al mismo tiempo, destac\u00f3 de la presidente del PJ &#8220;la agudeza de su inteligencia y la profundidad de su experiencia&#8221;. &#8220;Cristina es una referencia fundamental para pensar el presente y proyectar el futuro. <strong>Es indispensable<\/strong>&#8220;, subray\u00f3.<\/p>\n<\/div>\n<p><script async src=\"\/\/platform.twitter.com\/widgets.js\" charset=\"utf-8\"><\/script><br \/>\n<br \/><br \/>\n<br \/><a href=\"https:\/\/www.clarin.com\/politica\/medio-pelea-kicillof-campora-fecha-elecciones-juan-grabois-reunio-cristina-kichner-propuso-mediador_0_XHafbR0PCy.html\">Fuente Clarin.com <\/a><\/p>\n","protected":false},"excerpt":{"rendered":"<p>En medio de las chicanas y reclamos entre Axel Kicillof y La C\u00e1mpora por la eliminaci\u00f3n de las PASO en la Provincia y la disputa por la fecha de los comicios, ahora Juan Grabois se erigi\u00f3 como mediador en el conflicto con una lista de propuestas que llegar a consensos, pero se ubic\u00f3 cerca de [&hellip;]<\/p>\n","protected":false},"author":1,"featured_media":16792,"comment_status":"open","ping_status":"open","sticky":false,"template":"","format":"standard","meta":{"footnotes":""},"categories":[2],"tags":[488,1224,777],"class_list":["post-16791","post","type-post","status-publish","format-standard","has-post-thumbnail","hentry","category-ultimas-noticias","tag-kicillof","tag-medio","tag-pelea"],"_links":{"self":[{"href":"https:\/\/13.com.ar\/index.php\/wp-json\/wp\/v2\/posts\/16791","targetHints":{"allow":["GET"]}}],"collection":[{"href":"https:\/\/13.com.ar\/index.php\/wp-json\/wp\/v2\/posts"}],"about":[{"href":"https:\/\/13.com.ar\/index.php\/wp-json\/wp\/v2\/types\/post"}],"author":[{"embeddable":true,"href":"https:\/\/13.com.ar\/index.php\/wp-json\/wp\/v2\/users\/1"}],"replies":[{"embeddable":true,"href":"https:\/\/13.com.ar\/index.php\/wp-json\/wp\/v2\/comments?post=16791"}],"version-history":[{"count":0,"href":"https:\/\/13.com.ar\/index.php\/wp-json\/wp\/v2\/posts\/16791\/revisions"}],"wp:featuredmedia":[{"embeddable":true,"href":"https:\/\/13.com.ar\/index.php\/wp-json\/wp\/v2\/media\/16792"}],"wp:attachment":[{"href":"https:\/\/13.com.ar\/index.php\/wp-json\/wp\/v2\/media?parent=16791"}],"wp:term":[{"taxonomy":"category","embeddable":true,"href":"https:\/\/13.com.ar\/index.php\/wp-json\/wp\/v2\/categories?post=16791"},{"taxonomy":"post_tag","embeddable":true,"href":"https:\/\/13.com.ar\/index.php\/wp-json\/wp\/v2\/tags?post=16791"}],"curies":[{"name":"wp","href":"https:\/\/api.w.org\/{rel}","templated":true}]}}