{"id":16789,"date":"2025-03-31T22:30:29","date_gmt":"2025-04-01T01:30:29","guid":{"rendered":"https:\/\/13.com.ar\/index.php\/el-kun-aguero-metio-un-golazo-en-el-equipo-senior-de-independiente-frente-a-racing\/"},"modified":"2025-03-31T22:30:29","modified_gmt":"2025-04-01T01:30:29","slug":"el-kun-aguero-metio-un-golazo-en-el-equipo-senior-de-independiente-frente-a-racing","status":"publish","type":"post","link":"https:\/\/13.com.ar\/index.php\/el-kun-aguero-metio-un-golazo-en-el-equipo-senior-de-independiente-frente-a-racing\/","title":{"rendered":"el Kun Ag\u00fcero meti\u00f3 un golazo en el equipo Senior de Independiente frente a Racing"},"content":{"rendered":"<p> <br \/>\n<br \/><img decoding=\"async\" src=\"https:\/\/13.com.ar\/wp-content\/uploads\/2025\/03\/el-Kun-Aguero-metio-un-golazo-en-el-equipo-Senior.jpg\" \/><\/p>\n<div id=\"element-body-0\">\n<p>Se les habr\u00e1 piantado un lagrim\u00f3n a los hinchas del Rojo. El Kun Ag\u00fcero recibi\u00f3 en el v\u00e9rtice izquierdo del \u00e1rea grande, hizo una gambeta de una pierna a otra para dejar tirado al Polaco Bast\u00eda y sac\u00f3 un remate con una comba pronunciada para igualar el partido.<\/p>\n<\/div>\n<div id=\"element-body-1\">\n<p>Finalmente, Sergio Ag\u00fcero volvi\u00f3 a ponerse la camiseta de Independiente despu\u00e9s de 18 a\u00f1os: lo hizo este lunes 31 de marzo, en el estadio &#8216;Libertadores de Am\u00e9rica-Ricardo Enrique Bochini&#8217; para el equipo Senior del Rojo.<\/p>\n<\/div>\n<div id=\"element-body-2\">\n<p>A cuatro a\u00f1os de su adi\u00f3s profesional por una afecci\u00f3n card\u00edaca que sufri\u00f3 durante un partido de Barcelona, &#8216;Kun&#8217; volvi\u00f3 a la Argentina y est\u00e1 m\u00e1s cerca de Independiente: en reiteradas ocasiones visit\u00f3 las instalaciones del club, su hijo Benjam\u00edn juega en la Octava Divisi\u00f3n y, en redes sociales, siempre opina y se expresa sobre la actualidad del Rojo.<\/p>\n<\/div>\n<div id=\"element-body-3\">\n<p>La Academia arranc\u00f3 ganando con gol de Gonzalo Garc\u00eda y se ir\u00eda al vestuario con esa ventaja. Pero en el segundo tiempo ocurri\u00f3 lo que muchos esperaban: el Kun la tom\u00f3 en la izquierda, gambete\u00f3 a Bast\u00eda y clav\u00f3 un golazo para la igualdad del Rojo. Despu\u00e9s, Barcia marc\u00f3 el segundo para el local.<\/p>\n<\/div>\n<div id=\"element-body-4\">\n<blockquote class=\"twitter-tweet\">\n<p lang=\"es\" dir=\"ltr\">Gol del Kun Ag\u00fcero contra Racing.<\/p>\n<p>En la Liga Senior.  <a rel=\"nofollow\" target=\"_blank\" href=\"https:\/\/t.co\/29vWYMF5Nz\">pic.twitter.com\/29vWYMF5Nz<\/a><\/p>\n<p>\u2014 En Una Baldosa (@enunabaldosa) <a rel=\"nofollow\" target=\"_blank\" href=\"https:\/\/twitter.com\/enunabaldosa\/status\/1906874744517148988?ref_src=twsrc%5Etfw\">April 1, 2025<\/a><\/p><\/blockquote>\n<\/div>\n<div id=\"element-body-5\">\n<p>Se vieron las caras de viejas glorias de Avellaneda en el Bochini.Rolfi Montenegro, al Kun Ag\u00fcero, por el lado del Rojo, y Adri\u00e1n Bast\u00eda, Perico P\u00e9rez y Lavandina Bergessio por el lado de la Academia.<\/p>\n<\/div>\n<p><script async src=\"\/\/platform.twitter.com\/widgets.js\" charset=\"utf-8\"><\/script><br \/>\n<br \/><br \/>\n<br \/><a href=\"https:\/\/www.clarin.com\/deportes\/viejos-tiempos-kun-aguero-metio-golazo-equipo-senior-independiente-frente-racing_0_QgR8ScwRXF.html\">Fuente Clarin.com <\/a><\/p>\n","protected":false},"excerpt":{"rendered":"<p>Se les habr\u00e1 piantado un lagrim\u00f3n a los hinchas del Rojo. El Kun Ag\u00fcero recibi\u00f3 en el v\u00e9rtice izquierdo del \u00e1rea grande, hizo una gambeta de una pierna a otra para dejar tirado al Polaco Bast\u00eda y sac\u00f3 un remate con una comba pronunciada para igualar el partido. Finalmente, Sergio Ag\u00fcero volvi\u00f3 a ponerse la [&hellip;]<\/p>\n","protected":false},"author":1,"featured_media":16790,"comment_status":"open","ping_status":"open","sticky":false,"template":"","format":"standard","meta":{"footnotes":""},"categories":[2],"tags":[1592,1782,802,2786,1914,1591,930,10,14545],"class_list":["post-16789","post","type-post","status-publish","format-standard","has-post-thumbnail","hentry","category-ultimas-noticias","tag-aguero","tag-equipo","tag-frente","tag-golazo","tag-independiente","tag-kun","tag-metio","tag-racing","tag-senior"],"_links":{"self":[{"href":"https:\/\/13.com.ar\/index.php\/wp-json\/wp\/v2\/posts\/16789","targetHints":{"allow":["GET"]}}],"collection":[{"href":"https:\/\/13.com.ar\/index.php\/wp-json\/wp\/v2\/posts"}],"about":[{"href":"https:\/\/13.com.ar\/index.php\/wp-json\/wp\/v2\/types\/post"}],"author":[{"embeddable":true,"href":"https:\/\/13.com.ar\/index.php\/wp-json\/wp\/v2\/users\/1"}],"replies":[{"embeddable":true,"href":"https:\/\/13.com.ar\/index.php\/wp-json\/wp\/v2\/comments?post=16789"}],"version-history":[{"count":0,"href":"https:\/\/13.com.ar\/index.php\/wp-json\/wp\/v2\/posts\/16789\/revisions"}],"wp:featuredmedia":[{"embeddable":true,"href":"https:\/\/13.com.ar\/index.php\/wp-json\/wp\/v2\/media\/16790"}],"wp:attachment":[{"href":"https:\/\/13.com.ar\/index.php\/wp-json\/wp\/v2\/media?parent=16789"}],"wp:term":[{"taxonomy":"category","embeddable":true,"href":"https:\/\/13.com.ar\/index.php\/wp-json\/wp\/v2\/categories?post=16789"},{"taxonomy":"post_tag","embeddable":true,"href":"https:\/\/13.com.ar\/index.php\/wp-json\/wp\/v2\/tags?post=16789"}],"curies":[{"name":"wp","href":"https:\/\/api.w.org\/{rel}","templated":true}]}}