{"id":16785,"date":"2025-03-31T21:51:30","date_gmt":"2025-04-01T00:51:30","guid":{"rendered":"https:\/\/13.com.ar\/index.php\/estamos-ante-una-eleccion-abierta-y-el-kirchnerismo-puede-ganar-la-ciudad\/"},"modified":"2025-03-31T21:51:30","modified_gmt":"2025-04-01T00:51:30","slug":"estamos-ante-una-eleccion-abierta-y-el-kirchnerismo-puede-ganar-la-ciudad","status":"publish","type":"post","link":"https:\/\/13.com.ar\/index.php\/estamos-ante-una-eleccion-abierta-y-el-kirchnerismo-puede-ganar-la-ciudad\/","title":{"rendered":"Estamos ante una elecci\u00f3n abierta y el kirchnerismo puede ganar la Ciudad"},"content":{"rendered":"<p> <br \/>\n<br \/><img decoding=\"async\" src=\"https:\/\/13.com.ar\/wp-content\/uploads\/2025\/03\/Estamos-ante-una-eleccion-abierta-y-el-kirchnerismo-puede-ganar.jpg\" \/><\/p>\n<div id=\"element-body-0\">\n<p><strong>Mar\u00eda Eugenia Vidal<\/strong> se refiri\u00f3 este lunes a las<strong> elecciones porte\u00f1as<\/strong> que se realizar\u00e1n el 18 de mayo y asegur\u00f3 que ve como posible una victoria del kirchnerismo en esos comicios. Adem\u00e1s, le ech\u00f3 la culpa a <strong>La Libertad Avanza<\/strong> por no competir en coalici\u00f3n con el PRO en la Ciudad de Buenos Aires.<\/p>\n<\/div>\n<div id=\"element-body-1\">\n<p>&#8220;Creo que estamos ante una elecci\u00f3n abierta y si,<strong> el kirchnerismo puede ganar la Ciudad<\/strong>, yo ya lo he dicho p\u00fablicamente, es una posibilidad real&#8221;, afirm\u00f3 este lunes Vidal durante una entrevista televisiva en el canal <em>TN<\/em>, pero especific\u00f3 tambi\u00e9n que tambi\u00e9n &#8220;es una posibilidad real que gane el PRO o La Libertad Avanza&#8221;.<\/p>\n<\/div>\n<div id=\"element-body-2\">\n<p>Vidal ocupa el cargo de jefa de campa\u00f1a de la lista de candidatos a legisladores del PRO que encabeza Silvia Lospennato. <\/p>\n<\/div>\n<div id=\"element-body-3\">\n<p>Al ahondar en su an\u00e1lisis sobre el posible resultado de las elecciones refiri\u00f3 adem\u00e1s: &#8220;Hay mucha paridad entre las 3 fuerzas y <strong>esto es el resultado de que decidimos, y de que decidi\u00f3 La Libertad Avanza no ir con el PRO<\/strong>&#8220;.<\/p>\n<\/div>\n<div id=\"element-body-4\">\n<p>Cuando le preguntaron acerca de un posible enojo de su partido con el de los libertarios, Vidal asegur\u00f3 que &#8220;m\u00e1s que enojados&#8221; sienten que &#8220;cuando los argentinos eligieron el 23 eligieron un cambio y eligieron el cambio que representaba <strong>Javier Milei<\/strong>, nosotros sin ning\u00fan tipo de especulaci\u00f3n acompa\u00f1amos ese cambio durante m\u00e1s de un a\u00f1o en el Congreso&#8221;. <\/p>\n<\/div>\n<div id=\"element-body-5\">\n<p>&#8220;Nosotros siempre pensamos que La Libertad Avanza tambi\u00e9n iba a respetar que los porte\u00f1os eligieron como representante del cambio al PRO (en la Ciudad), a <strong>Jorge Macri<\/strong> como lo vienen haciendo hace a\u00f1os, porque el PRO cambi\u00f3 en la Ciudad&#8221;, sostuvo al expresar su enojo por la rivalidad que le plant\u00f3 LLA al partido amarillo en el distrito porte\u00f1o.<\/p>\n<\/div>\n<p><br \/>\n<br \/><a href=\"https:\/\/www.clarin.com\/politica\/maria-eugenia-vidal-eleccion-abierta-kirchnerismo-puede-ganar-ciudad_0_nW34q66giq.html\">Fuente Clarin.com <\/a><\/p>\n","protected":false},"excerpt":{"rendered":"<p>Mar\u00eda Eugenia Vidal se refiri\u00f3 este lunes a las elecciones porte\u00f1as que se realizar\u00e1n el 18 de mayo y asegur\u00f3 que ve como posible una victoria del kirchnerismo en esos comicios. Adem\u00e1s, le ech\u00f3 la culpa a La Libertad Avanza por no competir en coalici\u00f3n con el PRO en la Ciudad de Buenos Aires. &#8220;Creo [&hellip;]<\/p>\n","protected":false},"author":1,"featured_media":16786,"comment_status":"open","ping_status":"open","sticky":false,"template":"","format":"standard","meta":{"footnotes":""},"categories":[2],"tags":[3213,2759,984,3294,4376,2199,2825,136,73],"class_list":["post-16785","post","type-post","status-publish","format-standard","has-post-thumbnail","hentry","category-ultimas-noticias","tag-abierta","tag-ante","tag-ciudad","tag-eleccion","tag-estamos","tag-ganar","tag-kirchnerismo","tag-puede","tag-una"],"_links":{"self":[{"href":"https:\/\/13.com.ar\/index.php\/wp-json\/wp\/v2\/posts\/16785","targetHints":{"allow":["GET"]}}],"collection":[{"href":"https:\/\/13.com.ar\/index.php\/wp-json\/wp\/v2\/posts"}],"about":[{"href":"https:\/\/13.com.ar\/index.php\/wp-json\/wp\/v2\/types\/post"}],"author":[{"embeddable":true,"href":"https:\/\/13.com.ar\/index.php\/wp-json\/wp\/v2\/users\/1"}],"replies":[{"embeddable":true,"href":"https:\/\/13.com.ar\/index.php\/wp-json\/wp\/v2\/comments?post=16785"}],"version-history":[{"count":0,"href":"https:\/\/13.com.ar\/index.php\/wp-json\/wp\/v2\/posts\/16785\/revisions"}],"wp:featuredmedia":[{"embeddable":true,"href":"https:\/\/13.com.ar\/index.php\/wp-json\/wp\/v2\/media\/16786"}],"wp:attachment":[{"href":"https:\/\/13.com.ar\/index.php\/wp-json\/wp\/v2\/media?parent=16785"}],"wp:term":[{"taxonomy":"category","embeddable":true,"href":"https:\/\/13.com.ar\/index.php\/wp-json\/wp\/v2\/categories?post=16785"},{"taxonomy":"post_tag","embeddable":true,"href":"https:\/\/13.com.ar\/index.php\/wp-json\/wp\/v2\/tags?post=16785"}],"curies":[{"name":"wp","href":"https:\/\/api.w.org\/{rel}","templated":true}]}}