{"id":16784,"date":"2025-03-31T21:48:28","date_gmt":"2025-04-01T00:48:28","guid":{"rendered":"https:\/\/13.com.ar\/index.php\/se-reune-con-marco-rubio-para-agendar-la-primera-reunion-oficial-de-milei-con-trump\/"},"modified":"2025-03-31T21:48:28","modified_gmt":"2025-04-01T00:48:28","slug":"se-reune-con-marco-rubio-para-agendar-la-primera-reunion-oficial-de-milei-con-trump","status":"publish","type":"post","link":"https:\/\/13.com.ar\/index.php\/se-reune-con-marco-rubio-para-agendar-la-primera-reunion-oficial-de-milei-con-trump\/","title":{"rendered":"se re\u00fane con Marco Rubio para agendar la primera reuni\u00f3n oficial de Milei con Trump"},"content":{"rendered":"<p> <br \/>\n<br \/><img decoding=\"async\" src=\"https:\/\/13.com.ar\/wp-content\/uploads\/2025\/02\/el-Presidente-volvio-de-su-gira-por-Estados-Unidos-y.jpg\" \/><\/p>\n<div id=\"element-body-0\">\n<p>El canciller <strong>Gerardo Werthein<\/strong> avanza estos d\u00edas en Washington en afianzar la relaci\u00f3n pol\u00edtica y comercial bilateral con Estados Unidos y este martes tendr\u00e1 <strong>su visita de m\u00e1s alto perfil cuando sea recibido por el secretario de Estado, Marco Rubio<\/strong>, con quien buscar\u00e1 fijar una fecha para la <strong>primera reuni\u00f3n oficial<\/strong> entre el jefe de la Casa Blanca, Donald Trump y el presidente Javier Milei, que podr\u00eda suceder entre fines de abril y principios de mayo.<\/p>\n<\/div>\n<div id=\"element-body-1\">\n<p>Pero la visita de Werthein tiene tambi\u00e9n una<strong> importancia clave en el tema arancelario<\/strong> porque este mi\u00e9rcoles entran en vigor los anunciadas \u201caranceles rec\u00edprocos\u201d que Estados Unidos aplicar\u00e1 a todos los pa\u00edses con los que tiene d\u00e9ficit comercial y <strong>la Argentina intenta eludir el impacto.<\/strong><\/p>\n<\/div>\n<div id=\"element-body-2\">\n<p>En su reuni\u00f3n con Rubio en el Departamento de Estado, Werthein busca <strong>sellar con d\u00eda y hora la cita Milei-Trump en la Casa Blanca<\/strong>, un encuentro que dar\u00eda ox\u00edgeno a la campa\u00f1a electoral libertaria y que reforzar\u00eda la alianza estrat\u00e9gica con la primera potencia mundial, cuando el <strong>acuerdo con el FMI a\u00fan est\u00e1 sin ver la luz y la incertidumbre afecta a los mercados<\/strong>.<\/p>\n<\/div>\n<div id=\"element-body-3\">\n<p>El argentino quiere ser el primer presidente latinoamericano que Trump reciba en la Casa Blanca, pero es posible que el salvadore\u00f1o Nayib Bukele le saque ese t\u00edtulo ya que dej\u00f3 entrever en X que ser\u00eda recibido en abril.<\/p>\n<\/div>\n<div id=\"element-body-4\">\n<p>Trump hab\u00eda invitado a Milei a una reuni\u00f3n formal en la Casa Blanca en un <strong>breve encuentro que tuvieron en febrero<\/strong>, en los m\u00e1rgenes de la Conferencia de Acci\u00f3n Pol\u00edtica Conservadora (CPAC), donde el republicano dijo que lo recibir\u00eda oficialmente \u201cen los pr\u00f3ximos meses\u201d. Werthein quiere llevarse de la reuni\u00f3n con Rubio la cita confirmada, pero tambi\u00e9n<strong> busca respaldo pol\u00edtico para atajar ciertas medidas inminentes de \u00edndole comercial que perjudicar\u00edan a la Argentina.<\/strong><\/p>\n<\/div>\n<div id=\"element-body-5\">\n<p>Por eso Werthein est\u00e1 en Washington acompa\u00f1ado por el embajador <strong>Luis Mar\u00eda Kreckler<\/strong>, secretario de Secretario de Relaciones Econ\u00f3micas Internacionales interino y se suma al trabajo Alec Oxenford, el empresario que ya est\u00e1 instalado en la capital estadounidense como embajador en comisi\u00f3n pero, como a\u00fan no le han otorgado las cartas credenciales en la Casa Blanca por formalidades del calendario, no puede desenvolverse libremente en forma oficial en todos los \u00e1mbitos del gobierno estadounidense.<\/p>\n<\/div>\n<div id=\"element-body-6\">\n<p>Werthein ya hizo un camino previo para llegar a esta reuni\u00f3n clave con Rubio, como es habitual en Washington. D\u00edas atr\u00e1s fue recibido por el vicesecretario de Estado, Christopher Landau. Desde el Departamento de Estado dijeron que <strong>ven a Argentina \u201ccomo un socio regional de confianza en la promoci\u00f3n de la democracia, la seguridad y la prosperidad<\/strong>\u201d y agradecieron la protecci\u00f3n de cinco opositores venezolanos en la embajada argentina en Venezuela. Y ambos hablaron de la necesidad de \u201cfortalecer la relaci\u00f3n estrat\u00e9gica\u201d entre ambos pa\u00edses.<\/p>\n<\/div>\n<div id=\"element-body-7\">\n<p>Hubo buena qu\u00edmica en el encuentro y Landau mostr\u00f3 un cari\u00f1o particular con el pa\u00eds. Escribi\u00f3 que le ten\u00eda \u201cun enorme respeto y afecto\u201d por Argentina desde que era ni\u00f1o (es hijo de diplom\u00e1tico) y cont\u00f3 que visit\u00f3 Buenos Aires por primera vez a los 11 a\u00f1os, \u201cen 1975, durante la turbulenta \u00e9poca de Isabelita\u201d. Y que a\u00fan conservaba las historietas de Patoruz\u00fa, Patoruzito e Isidoro. \u201cEspero que podamos profundizar los lazos pol\u00edticos, econ\u00f3micos y comerciales entre nuestros pa\u00edses\u201d, escribi\u00f3 en X.<\/p>\n<\/div>\n<div id=\"element-body-8\">\n<p>Milei es un aliado ideol\u00f3gico importante para Trump y no hay dudas de que m\u00e1s all\u00e1 de las fechas, pronto ser\u00e1 recibido en la Casa Blanca, lo que se entiende como un gesto pol\u00edtico indudable. Pero el magnate es un pragm\u00e1tico y la rispidez puede asomar por otro lado, el comercial.<\/p>\n<\/div>\n<div id=\"element-body-9\">\n<p>Este <strong>mi\u00e9rcoles 2 de abril es el d\u00eda D para el comercio global<\/strong> porque entrar\u00e1n en vigor, entre un terremoto de tarifas varias, los llamados \u201caranceles rec\u00edprocos\u201d a pa\u00edses que gravan los productos estadounidenses y esto podr\u00eda afectar directamente a la Argentina.<\/p>\n<\/div>\n<div id=\"element-body-10\">\n<p>Seg\u00fan advirti\u00f3 AmCham Argentina, la c\u00e1mara que agrupa a las empresas norteamericanas con presencia en el pa\u00eds, Estados Unidos aplica un promedio de 1,2% en aranceles a productos argentinos, mientras que Argentina impone un 6,4% sobre las importaciones estadounidenses. \u201cSectores como el agroindustrial, los textiles y los metales presentan grandes diferencias arancelarias&#8221;, apuntan desde AmCham.<\/p>\n<\/div>\n<div id=\"element-body-11\">\n<p>Los detalles de los aranceles que Trump impondr\u00eda para equilibrar el nivel tarifario no se han revelado todav\u00eda y son dif\u00edciles de precisar porque, seg\u00fan la Casa Blanca, ser\u00e1n distintos para cada uno de los socios comerciales de EE.UU.<\/p>\n<\/div>\n<div id=\"element-body-12\">\n<p>Kreckler ya se reuni\u00f3 con Thomas Lersten, funcionario del \u00e1rea econ\u00f3mica del Departamento de Estado y con Werthein planean pulir el tema arancelario con Jamieson Greer, el m\u00e1ximo representante comercial de Trump. Buscan que gracias a los buenos v\u00ednculos bilaterales el pa\u00eds resulte eximido de al menos algunos de esos aranceles. Ya pesan en Argentina las tarifas globales impuestas sobre el acero y el aluminio y anhelan un trato diferencial.<\/p>\n<\/div>\n<div id=\"element-body-13\">\n<p>La idea del <strong>Tratado del Libre comercio que hab\u00eda promovido el gobierno de Milei <\/strong>(complicada no solo por la pertenencia al Mercosur sino porque no est\u00e1 en sinton\u00eda con la pol\u00edtica proteccionista de Trump) qued\u00f3 desinflada y ahora se habla de acuerdos comerciales puntuales rec\u00edprocos, mucho m\u00e1s en l\u00ednea con los deseos de la Casa Blanca.<\/p>\n<\/div>\n<div id=\"element-body-14\">\n<p>Los principales productos que Argentina importa desde EE.UU. son insumos qu\u00edmicos, electr\u00f3nicos, maquinaria y derivados del petr\u00f3leo. Las exportaciones hacia EE.UU. se concentran en combustible, gas, metales primarios y alimentos procesados. Con suerte, la Argentina podr\u00eda verse exceptuada en algunos casos. Seg\u00fan estima AmCham, podr\u00eda haber tambi\u00e9n oportunidades como una revisi\u00f3n de los aranceles al biodi\u00e9sel argentino, una reincorporaci\u00f3n al Sistema Generalizado de Preferencias o expansi\u00f3n de exportaciones agroindustriales.<\/p>\n<\/div>\n<p><br \/>\n<br \/><a href=\"https:\/\/www.clarin.com\/politica\/gestion-werthein-washington-reune-marco-rubio-agendar-primera-reunion-oficial-milei-trump_0_lJqZVM0350.html\">Fuente Clarin.com <\/a><\/p>\n","protected":false},"excerpt":{"rendered":"<p>El canciller Gerardo Werthein avanza estos d\u00edas en Washington en afianzar la relaci\u00f3n pol\u00edtica y comercial bilateral con Estados Unidos y este martes tendr\u00e1 su visita de m\u00e1s alto perfil cuando sea recibido por el secretario de Estado, Marco Rubio, con quien buscar\u00e1 fijar una fecha para la primera reuni\u00f3n oficial entre el jefe de [&hellip;]<\/p>\n","protected":false},"author":1,"featured_media":7162,"comment_status":"open","ping_status":"open","sticky":false,"template":"","format":"standard","meta":{"footnotes":""},"categories":[2],"tags":[14544,18,1992,77,806,16,89,2972,349,5908,179],"class_list":["post-16784","post","type-post","status-publish","format-standard","has-post-thumbnail","hentry","category-ultimas-noticias","tag-agendar","tag-con","tag-marco","tag-milei","tag-oficial","tag-para","tag-primera","tag-reune","tag-reunion","tag-rubio","tag-trump"],"_links":{"self":[{"href":"https:\/\/13.com.ar\/index.php\/wp-json\/wp\/v2\/posts\/16784","targetHints":{"allow":["GET"]}}],"collection":[{"href":"https:\/\/13.com.ar\/index.php\/wp-json\/wp\/v2\/posts"}],"about":[{"href":"https:\/\/13.com.ar\/index.php\/wp-json\/wp\/v2\/types\/post"}],"author":[{"embeddable":true,"href":"https:\/\/13.com.ar\/index.php\/wp-json\/wp\/v2\/users\/1"}],"replies":[{"embeddable":true,"href":"https:\/\/13.com.ar\/index.php\/wp-json\/wp\/v2\/comments?post=16784"}],"version-history":[{"count":0,"href":"https:\/\/13.com.ar\/index.php\/wp-json\/wp\/v2\/posts\/16784\/revisions"}],"wp:featuredmedia":[{"embeddable":true,"href":"https:\/\/13.com.ar\/index.php\/wp-json\/wp\/v2\/media\/7162"}],"wp:attachment":[{"href":"https:\/\/13.com.ar\/index.php\/wp-json\/wp\/v2\/media?parent=16784"}],"wp:term":[{"taxonomy":"category","embeddable":true,"href":"https:\/\/13.com.ar\/index.php\/wp-json\/wp\/v2\/categories?post=16784"},{"taxonomy":"post_tag","embeddable":true,"href":"https:\/\/13.com.ar\/index.php\/wp-json\/wp\/v2\/tags?post=16784"}],"curies":[{"name":"wp","href":"https:\/\/api.w.org\/{rel}","templated":true}]}}