{"id":16774,"date":"2025-03-31T20:45:30","date_gmt":"2025-03-31T23:45:30","guid":{"rendered":"https:\/\/13.com.ar\/index.php\/el-ninguneo-con-la-cifra-de-desaparecidos\/"},"modified":"2025-03-31T20:45:30","modified_gmt":"2025-03-31T23:45:30","slug":"el-ninguneo-con-la-cifra-de-desaparecidos","status":"publish","type":"post","link":"https:\/\/13.com.ar\/index.php\/el-ninguneo-con-la-cifra-de-desaparecidos\/","title":{"rendered":"El ninguneo con la cifra de desaparecidos"},"content":{"rendered":"<p> <br \/>\n<br \/><img decoding=\"async\" src=\"https:\/\/13.com.ar\/wp-content\/uploads\/2025\/03\/El-ninguneo-con-la-cifra-de-desaparecidos.jpg\" \/><\/p>\n<div id=\"element-body-0\">\n<p>\u00bfCu\u00e1l es la <strong>diferencia entre 30.000 y 8961?<\/strong> Exactamente <strong>21.039 personas<\/strong>. \u00bfQui\u00e9nes parecen ser los m\u00e1s interesados en que 21.089 personas m\u00e1s hayan desaparecido como esas otras 8961 porque les parecen demasiado pocas?<\/p>\n<\/div>\n<div id=\"element-body-1\">\n<p>Por lo que est\u00e1 m\u00e1s a la vista,<strong> Cristina Kirchner, su hijo M\u00e1ximo, la organizaci\u00f3n La C\u00e1mpora <\/strong>y los diputados y senadores de la provincia de Buenos que votaron la ley 14.910, sancionada el 23 de marzo de 2017 y que dice en su art\u00edculo 1 \u201cIncorp\u00f3rase de manera permanente en las publicaciones, ediciones gr\u00e1ficas y\/o audiovisuales y en los actos p\u00fablicos de gobierno, de los tres poderes de la provincia de Buenos Aires, el t\u00e9rmino Dictadura C\u00edvico-Militar, y el n\u00famero de 30.000 junto a la expresi\u00f3n Desaparecidos, cada vez que se haga referencia al accionar genocida en nuestro pa\u00eds, durante el 24 de marzo de 1976 al 9 de diciembre de 1983\u201d.<\/p>\n<\/div>\n<div id=\"element-body-2\">\n<p>Todos ellos saben que <strong>durante los veinte a\u00f1os que gobernaron no pudieron agregar un solo nombre m\u00e1s a la lista de la Conadep de desaparecidos durante la dictadura militar<\/strong>. El \u00fanico fue el de Jorge Julio L\u00f3pez, que desapareci\u00f3 el 18 de septiembre de 2006, durante el gobierno de N\u00e9stor Kirchner, y que ya hab\u00eda sido secuestrado el 27 de octubre de 1976 por los militares.<\/p>\n<\/div>\n<div id=\"element-body-3\">\n<p>Las 600 desapariciones y las 500 ejecuciones sumarias previas al golpe militar de 1976 que figuran en el informe que elabor\u00f3 la Conadep no se han tomado en cuenta. Para los organismos de derechos humanos agrupados en Justicia Ya, que acompa\u00f1aron a Jorge Julio L\u00f3pez en el juicio por cr\u00edmenes de lesa humanidad contra el ex comisario Miguel Etchecolatz, esas cifras representan la mitad de lo que ocurri\u00f3: entre el 20 de junio de 1973 (d\u00eda de la Masacre de Ezeiza) y el golpe hubo 900 desapariciones y 1500 asesinatos.<\/p>\n<\/div>\n<div id=\"element-body-4\">\n<p>\u00bfCu\u00e1l habr\u00eda sido el destino de cada una de esas otras 21.039 personas si se cumpliera el deseo de quienes quieren que los desaparecido sean 30.000? Es f\u00e1cil saberlo e imposible que no lo sepan quienes creen que es poco que sean \u201csolo\u201d 8961: basta con leer el informe de la Conadep Nunca M\u00e1s, publicado en 1984.<\/p>\n<\/div>\n<div id=\"element-body-5\">\n<p>Vamos a ahorrarnos algunos detalles, pero depende de nuestra sensibilidad que nuestra imaginaci\u00f3n nos ayude a ver en su aut\u00e9ntica dimensi\u00f3n todo el sadismo practicado por los militares durante los interrogatorios: saber que fueron torturados no es lo mismo que saber c\u00f3mo fueron las torturas.<\/p>\n<\/div>\n<div id=\"element-body-6\">\n<p>Y no es una cifra, sea la que sea, la que sufri\u00f3 esas torturas, sino cada una de las personas que est\u00e1n en esa cifra. En una masacre no hay sufrimiento colectivo, sino el sufrimiento individual de cada uno de los que corri\u00f3 esa suerte. <strong>Valorar la p\u00e9rdida de cada vida de acuerdo a cu\u00e1ntos fueron los asesinados es otro crimen.<\/strong><\/p>\n<\/div>\n<div id=\"element-body-7\">\n<p>A cada uno de los 8961 desaparecidos le pusieron la picana el\u00e9ctrica en las enc\u00edas, en las tetillas, en los o\u00eddos, en los test\u00edculos. Lo golpearon de manera sistem\u00e1tica y r\u00edtmica con varillas de madera en la espalda, las pantorrillas y los pies hasta que la intensidad del dolor le hac\u00eda perder la sensibilidad corporal que volv\u00eda al rato de parar el castigo con un dolor insoportable, que llegaba al desmayo cuando le arrancaban la camisa pegada en las llagas para someterlo a una nueva sesi\u00f3n de castigos. Su coraz\u00f3n debi\u00f3 resistir la s\u00e1dica combinaci\u00f3n de picana, que contrae los m\u00fasculos, y apaleo, que los hace relajar en un reflejo de defensa. Su descanso entre tormento y tormento era colgar de los brazos de dos ganchos fijados a la pared de su calabozo. Lo quemaron con cigarrillos y clavos al rojo vivo.<\/p>\n<\/div>\n<div id=\"element-body-8\">\n<p>Con una gillette o un bistur\u00ed le despellejaron pacientemente las plantas de los pies, lo violaron con un hierro y le hicieron una descarga el\u00e9ctrica a trav\u00e9s del ano, le retorcieron los test\u00edculos hasta que sent\u00eda que lo desgarraban por dentro mientras sus torturadores le dec\u00edan \u201cnosotros somos dios para vos\u201d.<\/p>\n<\/div>\n<div id=\"element-body-9\">\n<p>Lo tiraron mal herido en un calabozo y a la madrugada entraron a las patadas y le mojaron el colch\u00f3n y las ropas. Lo obligaron a cagarse y mearse en sus propios pantalones, hicieron un c\u00edrculo a su alrededor y lo golpearon empuj\u00e1ndolo de un lado a otro hasta que cay\u00f3 al suelo y all\u00ed lo patearon y lo levantaron de los pelos para volver a pegarle.<\/p>\n<\/div>\n<div id=\"element-body-10\">\n<p>Lo enterraron desnudo dej\u00e1ndole s\u00f3lo la cabeza afuera, bajo el sol y la lluvia, para que lo picaran las hormigas durante cuatro o cinco d\u00edas. Le hicieron tragar bolitas de metal unidas por un cable y cuando soltaban la descarga el\u00e9ctrica sent\u00eda que estallaban cientos de cristales en sus entra\u00f1as. Se le pudri\u00f3 la carne en su cuerpo todav\u00eda con vida. Le metieron ceniza de cigarrillos en los ojos. Le pusieron un gato dentro de su ropa al que picanearon para que le clavara las u\u00f1as. Le echaron \u00e1cido dentro del pene. Lo sometieron a simulacros de fusilamiento. Le dijeron que los gritos que escuchaba en la habitaci\u00f3n vecina eran los de su madre&#8230;<\/p>\n<\/div>\n<div id=\"element-body-11\">\n<p>\u00bfQui\u00e9n quiere que hayan sido 30.000? Dan ganas de gritar ni uno m\u00e1s, nunca m\u00e1s. <strong>El ninguneo constante del kirchnerismo a los 8961 desaparecidos porque son demasiado pocos es despreciable<\/strong>.<\/p>\n<\/div>\n<div id=\"element-body-12\">\n<p>Nadie les niega el derecho a los organismos de derechos humanos (Madres, Abuelas, HIJOS, Encuentro, Memoria, Verdad y Justicia) a seguir buscando, pero <strong>no existe el derecho a la utilizaci\u00f3n pol\u00edtica partidaria<\/strong> (o personal) del drama.<\/p>\n<\/div>\n<div id=\"element-body-13\">\n<p>Y ya que hablamos de derechos humanos, \u00bfcu\u00e1ntos de los 130.568 muertos que nos dej\u00f3 el Covid-19 se podr\u00edan haber salvado si el gobierno de Fern\u00e1ndez y Cristina Kirchner no hubiera hecho todo lo que sabemos que hizo, y no hizo, durante la pandemia? \u00bfTreinta mil?<\/p>\n<\/div>\n<p><br \/>\n<br \/><a href=\"https:\/\/www.clarin.com\/opinion\/ninguneo-cifra-desaparecidos_0_oPn3tk8FXG.html\">Fuente Clarin.com <\/a><\/p>\n","protected":false},"excerpt":{"rendered":"<p>\u00bfCu\u00e1l es la diferencia entre 30.000 y 8961? Exactamente 21.039 personas. \u00bfQui\u00e9nes parecen ser los m\u00e1s interesados en que 21.089 personas m\u00e1s hayan desaparecido como esas otras 8961 porque les parecen demasiado pocas? Por lo que est\u00e1 m\u00e1s a la vista, Cristina Kirchner, su hijo M\u00e1ximo, la organizaci\u00f3n La C\u00e1mpora y los diputados y senadores [&hellip;]<\/p>\n","protected":false},"author":1,"featured_media":16775,"comment_status":"open","ping_status":"open","sticky":false,"template":"","format":"standard","meta":{"footnotes":""},"categories":[2],"tags":[233,18,2195,10168],"class_list":["post-16774","post","type-post","status-publish","format-standard","has-post-thumbnail","hentry","category-ultimas-noticias","tag-cifra","tag-con","tag-desaparecidos","tag-ninguneo"],"_links":{"self":[{"href":"https:\/\/13.com.ar\/index.php\/wp-json\/wp\/v2\/posts\/16774","targetHints":{"allow":["GET"]}}],"collection":[{"href":"https:\/\/13.com.ar\/index.php\/wp-json\/wp\/v2\/posts"}],"about":[{"href":"https:\/\/13.com.ar\/index.php\/wp-json\/wp\/v2\/types\/post"}],"author":[{"embeddable":true,"href":"https:\/\/13.com.ar\/index.php\/wp-json\/wp\/v2\/users\/1"}],"replies":[{"embeddable":true,"href":"https:\/\/13.com.ar\/index.php\/wp-json\/wp\/v2\/comments?post=16774"}],"version-history":[{"count":0,"href":"https:\/\/13.com.ar\/index.php\/wp-json\/wp\/v2\/posts\/16774\/revisions"}],"wp:featuredmedia":[{"embeddable":true,"href":"https:\/\/13.com.ar\/index.php\/wp-json\/wp\/v2\/media\/16775"}],"wp:attachment":[{"href":"https:\/\/13.com.ar\/index.php\/wp-json\/wp\/v2\/media?parent=16774"}],"wp:term":[{"taxonomy":"category","embeddable":true,"href":"https:\/\/13.com.ar\/index.php\/wp-json\/wp\/v2\/categories?post=16774"},{"taxonomy":"post_tag","embeddable":true,"href":"https:\/\/13.com.ar\/index.php\/wp-json\/wp\/v2\/tags?post=16774"}],"curies":[{"name":"wp","href":"https:\/\/api.w.org\/{rel}","templated":true}]}}